{"id":15440,"date":"2014-11-19T00:01:15","date_gmt":"2014-11-18T22:01:15","guid":{"rendered":"http:\/\/www.bbyhaber.com\/bby\/?p=15440"},"modified":"2015-01-12T14:31:26","modified_gmt":"2015-01-12T12:31:26","slug":"sahinbey-ilce-halk-kutuphanesi-kapatilmiyor","status":"publish","type":"post","link":"https:\/\/www.bbyhaber.com\/bby\/2014\/11\/19\/sahinbey-ilce-halk-kutuphanesi-kapatilmiyor","title":{"rendered":"\u015eahinbey \u0130l\u00e7e Halk K\u00fct\u00fcphanesi Kapat\u0131lm\u0131yor"},"content":{"rendered":"<p style=\"text-align: justify;\"><img loading=\"lazy\" decoding=\"async\" class=\"alignleft\" src=\"http:\/\/www.bbyhaber.com\/bby\/wp-content\/uploads\/2014\/11\/tkd-gaziantep.jpg\" alt=\"\" width=\"200\" height=\"100\" \/>Gaziantep \u0130l K\u00fclt\u00fcr ve Turizm M\u00fcd\u00fcr\u00fc Vekili Erg\u00fcn \u00d6zuslu, \u015eahinbey il\u00e7esinde bulunan halk k\u00fct\u00fcphanesinin kapat\u0131laca\u011f\u0131 y\u00f6n\u00fcndeki iddialar\u0131n do\u011fru olmad\u0131\u011f\u0131n\u0131 s\u00f6yledi. M\u00fcd\u00fcr Vekili Uslu yapt\u0131\u011f\u0131 yaz\u0131l\u0131 a\u00e7\u0131klamada, baz\u0131 gazetelerde \u015eahinbey \u0130l\u00e7esinde bulunan \u015eahinbey \u0130l\u00e7e Halk K\u00fct\u00fcphanesinin kapat\u0131laca\u011f\u0131 konusunda haberler \u00e7\u0131kt\u0131\u011f\u0131n\u0131 hat\u0131rlatarak, iddialar\u0131n do\u011fru olmad\u0131\u011f\u0131n\u0131 kaydetti.<!--more--><\/p>\n<p style=\"text-align: justify;\">\u00d6zuslu a\u00e7\u0131klamas\u0131nda, \u201c\u015eahinbey \u0130l\u00e7e Halk K\u00fct\u00fcphanesinin kapat\u0131lmas\u0131 s\u00f6z konusu de\u011fildir. Aksine, M\u00fcd\u00fcrl\u00fc\u011f\u00fcm\u00fcz, B\u00fcy\u00fck\u015fehir Belediyesi ve il\u00e7e Belediyelerimizle birlikte yeni k\u00fct\u00fcphaneler a\u00e7\u0131lmas\u0131 konusunda \u00e7al\u0131\u015fmalar\u0131m\u0131z devam etmektedir. B\u00fcy\u00fck\u015fehir Belediyesi ve Sanko \u00dcniversitesi aras\u0131nda ilimize T\u0131p M\u00fczesi kurulmas\u0131 konusunda \u00f6n bir mutabakat protokol\u00fc imzalanm\u0131\u015ft\u0131r. Bu m\u00fcze i\u00e7in \u015eahinbey K\u00fct\u00fcphane binas\u0131n\u0131n olup olamayaca\u011f\u0131 konusu d\u00fc\u015f\u00fcn\u00fclm\u00fc\u015ft\u00fcr. Daha modern, elektronik alt yap\u0131s\u0131 iyi kurulmu\u015f, g\u00fcn\u00fcm\u00fcz ihtiya\u00e7lar\u0131na kar\u015f\u0131l\u0131k verecek bir k\u00fct\u00fcphane binas\u0131 olmas\u0131 halinde Bakanl\u0131\u011f\u0131m\u0131z\u0131n onay\u0131 do\u011frultusunda d\u00fc\u015f\u00fcn\u00fclebilecektir. K\u00fct\u00fcphanemiz halen hizmetine devam etmektedir\u201d ifadelerine yer verdi.<\/p>\n<p style=\"text-align: justify;\">K\u00fct\u00fcphanelerimize kullan\u0131c\u0131lar\u0131n daha kolay eri\u015fim sa\u011flamas\u0131 b\u00fcy\u00fck \u00f6nem arz etti\u011fini vurgulayan \u00d6zuslu, daha merkezi ve kullan\u0131\u015fl\u0131 k\u00fct\u00fcphaneleri kullan\u0131c\u0131lar\u0131n hizmetine sunma konusunda Gaziantep B\u00fcy\u00fck\u015fehir Belediyesi ve \u015eahinbey Belediyesinin destekleriyle yeni k\u00fct\u00fcphaneler a\u00e7\u0131lmas\u0131 konusunda da \u00e7al\u0131\u015fmalar y\u00fcr\u00fct\u00fcld\u00fc\u011f\u00fcn\u00fc de belirtti.<\/p>\n<p>Kaynak:\u0130HA<\/p>\n","protected":false},"excerpt":{"rendered":"<p>Gaziantep \u0130l K\u00fclt\u00fcr ve Turizm M\u00fcd\u00fcr\u00fc Vekili Erg\u00fcn \u00d6zuslu, \u015eahinbey il\u00e7esinde bulunan halk k\u00fct\u00fcphanesinin kapat\u0131laca\u011f\u0131 y\u00f6n\u00fcndeki iddialar\u0131n do\u011fru olmad\u0131\u011f\u0131n\u0131 s\u00f6yledi. M\u00fcd\u00fcr Vekili Uslu yapt\u0131\u011f\u0131 yaz\u0131l\u0131 a\u00e7\u0131klamada, baz\u0131 gazetelerde \u015eahinbey \u0130l\u00e7esinde bulunan \u015eahinbey \u0130l\u00e7e Halk K\u00fct\u00fcphanesinin kapat\u0131laca\u011f\u0131 konusunda haberler \u00e7\u0131kt\u0131\u011f\u0131n\u0131 hat\u0131rlatarak, iddialar\u0131n do\u011fru olmad\u0131\u011f\u0131n\u0131 kaydetti.<\/p>\n","protected":false},"author":129,"featured_media":0,"comment_status":"open","ping_status":"open","sticky":false,"template":"","format":"standard","meta":{"footnotes":""},"categories":[1,1582],"tags":[1425],"class_list":["post-15440","post","type-post","status-publish","format-standard","hentry","category-genel","category-kapali-kutuphaneler","tag-tkd-gaziantep"],"_links":{"self":[{"href":"https:\/\/www.bbyhaber.com\/bby\/wp-json\/wp\/v2\/posts\/15440"}],"collection":[{"href":"https:\/\/www.bbyhaber.com\/bby\/wp-json\/wp\/v2\/posts"}],"about":[{"href":"https:\/\/www.bbyhaber.com\/bby\/wp-json\/wp\/v2\/types\/post"}],"author":[{"embeddable":true,"href":"https:\/\/www.bbyhaber.com\/bby\/wp-json\/wp\/v2\/users\/129"}],"replies":[{"embeddable":true,"href":"https:\/\/www.bbyhaber.com\/bby\/wp-json\/wp\/v2\/comments?post=15440"}],"version-history":[{"count":0,"href":"https:\/\/www.bbyhaber.com\/bby\/wp-json\/wp\/v2\/posts\/15440\/revisions"}],"wp:attachment":[{"href":"https:\/\/www.bbyhaber.com\/bby\/wp-json\/wp\/v2\/media?parent=15440"}],"wp:term":[{"taxonomy":"category","embeddable":true,"href":"https:\/\/www.bbyhaber.com\/bby\/wp-json\/wp\/v2\/categories?post=15440"},{"taxonomy":"post_tag","embeddable":true,"href":"https:\/\/www.bbyhaber.com\/bby\/wp-json\/wp\/v2\/tags?post=15440"}],"curies":[{"name":"wp","href":"https:\/\/api.w.org\/{rel}","templated":true}]}}