{"id":15433,"date":"2014-11-18T19:03:56","date_gmt":"2014-11-18T17:03:56","guid":{"rendered":"http:\/\/www.bbyhaber.com\/bby\/?p=15433"},"modified":"2014-12-03T09:19:13","modified_gmt":"2014-12-03T07:19:13","slug":"cankiri-karatekin-universitesi-arastirma-gorevlisi-ilani-son-basvuru-02-aralik-2014","status":"publish","type":"post","link":"https:\/\/www.bbyhaber.com\/bby\/2014\/11\/18\/cankiri-karatekin-universitesi-arastirma-gorevlisi-ilani-son-basvuru-02-aralik-2014","title":{"rendered":"\u00c7ank\u0131r\u0131 Karatekin \u00dcniversitesi Ara\u015ft\u0131rma G\u00f6revlisi \u0130lan\u0131-Son Ba\u015fvuru-02 Aral\u0131k 2014"},"content":{"rendered":"<p style=\"text-align: justify;\"><a href=\"http:\/\/www.bbyhaber.com\/bby\/category\/bby-is-ilanlari\/\"><img loading=\"lazy\" decoding=\"async\" class=\"alignleft colorbox-9771\" src=\"http:\/\/www.bbyhaber.com\/bby\/wp-content\/uploads\/is-ilanlari-arsivi.jpg\" alt=\"\" width=\"250\" height=\"150\" \/><\/a>\u00c7ANKIRI KARATEK\u0130N \u00dcN\u0130VERS\u0130TES\u0130&#8212;&gt;EDEB\u0130YAT FAK\u00dcLTES\u0130&#8212;&gt;B\u0130LG\u0130 VE BELGE Y\u00d6NET\u0130M\u0130 B\u00d6L\u00dcM\u00dc&#8212;&gt;AR\u015e\u0130VC\u0130L\u0130K ANAB\u0130L\u0130M DALI.&#8217;na <strong>Bilgi ve Belge Y\u00f6netimi Lisans mezunu olmak<span style=\"color: #ff0000;\">\u00a0\u00f6zel \u015fart\u0131 ile<\/span><\/strong>\u00a0<strong><span style=\"color: #ff0000;\">1 adet Ara\u015ft\u0131rma G\u00f6revlisi<\/span><\/strong> al\u0131nacakt\u0131r, detayl\u0131 bilgi a\u015fa\u011f\u0131dad\u0131r:<!--more--><\/p>\n<table style=\"color: #000000; font-family: Arial, Tahoma, Verdana; font-size: 15px; line-height: 18px;\" width=\"344\" border=\"1\" cellspacing=\"0\" cellpadding=\"0\">\n<colgroup>\n<col width=\"233\" \/>\n<col width=\"111\" \/> <\/colgroup>\n<tbody>\n<tr>\n<td width=\"233\" height=\"20\">Kadro Unvan<\/td>\n<td width=\"111\"><strong>Ara\u015ft\u0131rma G\u00f6revlisi<br \/>\n<\/strong><\/td>\n<\/tr>\n<tr>\n<td height=\"20\">ALES<\/td>\n<td><strong>70<\/strong><\/td>\n<\/tr>\n<tr>\n<td height=\"20\">\u00dcDS\/Dengi<\/td>\n<td>50<\/td>\n<\/tr>\n<tr>\n<td height=\"20\">Kadro Say\u0131s\u0131<\/td>\n<td><span style=\"color: #ff0000;\"><strong>1<\/strong><\/span><\/td>\n<\/tr>\n<tr>\n<td height=\"20\">Kadro Derecesi<\/td>\n<td>7<\/td>\n<\/tr>\n<tr>\n<td height=\"20\">Ba\u015fvuru Tipi<\/td>\n<td><strong>Posta, \u015eahsen<\/strong><\/td>\n<\/tr>\n<tr>\n<td height=\"20\">Ba\u015fvuru Yeri<\/td>\n<td><strong>\u00c7ank\u0131r\u0131 Karatekin \u00dcniversitesiEdebiyat Fak\u00fcltesi Dekanl\u0131\u011f\u0131<\/strong><\/td>\n<\/tr>\n<tr>\n<td height=\"20\"><strong style=\"color: #ff0000; font-family: Arial, Tahoma, Verdana; font-size: 15px; line-height: 18px;\">Son Ba\u015fvuru Tarihi<\/strong><\/td>\n<td><span style=\"font-family: Arial, Tahoma, Verdana;\"><span style=\"font-size: 15px;\"><strong>02.12.2014<\/strong><\/span><\/span><\/td>\n<\/tr>\n<tr>\n<td height=\"20\">\u00d6n De\u011ferlendirme Tarihi<\/td>\n<td>04.12.2014<\/td>\n<\/tr>\n<tr>\n<td height=\"20\">S\u0131nav Giri\u015f Tarihi<\/td>\n<td>08.12.2014<\/td>\n<\/tr>\n<tr>\n<td height=\"20\"><span style=\"color: #0000ff;\"><strong>Sonu\u00e7 A\u00e7\u0131klama Tarihi<\/strong><\/span><\/td>\n<td><strong>10.12.2014<\/strong><\/td>\n<\/tr>\n<\/tbody>\n<\/table>\n<p><span style=\"color: #0000ff;\"><strong><a href=\"https:\/\/yoksis.yok.gov.tr\/ilansayfa\/?sessionid=26011\" target=\"_blank\"><span style=\"color: #0000ff;\">Daha fazla bilgi ve belge i\u00e7in t\u0131klay\u0131n\u0131z<\/span><\/a><\/strong><\/span><\/p>\n","protected":false},"excerpt":{"rendered":"<p>\u00c7ANKIRI KARATEK\u0130N \u00dcN\u0130VERS\u0130TES\u0130&#8212;&gt;EDEB\u0130YAT FAK\u00dcLTES\u0130&#8212;&gt;B\u0130LG\u0130 VE BELGE Y\u00d6NET\u0130M\u0130 B\u00d6L\u00dcM\u00dc&#8212;&gt;AR\u015e\u0130VC\u0130L\u0130K ANAB\u0130L\u0130M DALI.&#8217;na Bilgi ve Belge Y\u00f6netimi Lisans mezunu olmak\u00a0\u00f6zel \u015fart\u0131 ile\u00a01 adet Ara\u015ft\u0131rma G\u00f6revlisi al\u0131nacakt\u0131r, detayl\u0131 bilgi a\u015fa\u011f\u0131dad\u0131r:<\/p>\n","protected":false},"author":1,"featured_media":0,"comment_status":"open","ping_status":"open","sticky":false,"template":"","format":"standard","meta":{"footnotes":""},"categories":[],"tags":[1393],"class_list":["post-15433","post","type-post","status-publish","format-standard","hentry","tag-bby-is-ilanlari-arsivi"],"_links":{"self":[{"href":"https:\/\/www.bbyhaber.com\/bby\/wp-json\/wp\/v2\/posts\/15433"}],"collection":[{"href":"https:\/\/www.bbyhaber.com\/bby\/wp-json\/wp\/v2\/posts"}],"about":[{"href":"https:\/\/www.bbyhaber.com\/bby\/wp-json\/wp\/v2\/types\/post"}],"author":[{"embeddable":true,"href":"https:\/\/www.bbyhaber.com\/bby\/wp-json\/wp\/v2\/users\/1"}],"replies":[{"embeddable":true,"href":"https:\/\/www.bbyhaber.com\/bby\/wp-json\/wp\/v2\/comments?post=15433"}],"version-history":[{"count":0,"href":"https:\/\/www.bbyhaber.com\/bby\/wp-json\/wp\/v2\/posts\/15433\/revisions"}],"wp:attachment":[{"href":"https:\/\/www.bbyhaber.com\/bby\/wp-json\/wp\/v2\/media?parent=15433"}],"wp:term":[{"taxonomy":"category","embeddable":true,"href":"https:\/\/www.bbyhaber.com\/bby\/wp-json\/wp\/v2\/categories?post=15433"},{"taxonomy":"post_tag","embeddable":true,"href":"https:\/\/www.bbyhaber.com\/bby\/wp-json\/wp\/v2\/tags?post=15433"}],"curies":[{"name":"wp","href":"https:\/\/api.w.org\/{rel}","templated":true}]}}