{"id":15418,"date":"2014-11-18T00:42:07","date_gmt":"2014-11-17T22:42:07","guid":{"rendered":"http:\/\/www.bbyhaber.com\/bby\/?p=15418"},"modified":"2015-01-12T14:28:45","modified_gmt":"2015-01-12T12:28:45","slug":"tkdden-kpss-kadrolari-aciklamasi","status":"publish","type":"post","link":"https:\/\/www.bbyhaber.com\/bby\/2014\/11\/18\/tkdden-kpss-kadrolari-aciklamasi","title":{"rendered":"TKD&#8217;den KPSS Kadrolar\u0131 A\u00e7\u0131klamas\u0131"},"content":{"rendered":"<p style=\"text-align: justify;\"><img loading=\"lazy\" decoding=\"async\" class=\"alignleft\" src=\"http:\/\/www.bbyhaber.com\/bby\/wp-content\/uploads\/2014\/11\/kutuphanecisiz_kutuphaneler_cagi.jpg\" alt=\"\" width=\"200\" height=\"100\" \/>T\u00fcrk K\u00fct\u00fcphaneciler Derne\u011fi Genel Ba\u015fkan\u0131 Ali Fuat Kartal kadro say\u0131lar\u0131yla ilgili yapt\u0131\u011f\u0131 a\u00e7\u0131klamada; \u201cK\u00fct\u00fcphanecilik, Bilgi ve Belge Y\u00f6netimi ve Ar\u015fivcilik mezunlar\u0131 i\u00e7in KPSS 2014-2\u2019de sadece 4 (d\u00f6rt) k\u00fct\u00fcphaneci kadrosuna onay verilmesi t\u00fcm meslek \u00e7al\u0131\u015fanlar\u0131m\u0131z\u0131, \u00f6\u011frencilerimizi ve mezunlar\u0131m\u0131z\u0131 \u00e7ok \u00fczm\u00fc\u015ft\u00fcr. Dernek olarak bu konunun d\u00fczeltilmesi i\u00e7in \u00e7al\u0131\u015fmalar\u0131m\u0131z devam etmektedir.<!--more--><\/p>\n<p style=\"text-align: justify;\">Devlet Personel Ba\u015fkanl\u0131\u011f\u0131 ile g\u00f6r\u00fc\u015fmemiz olacak. Mecliste K\u00fclt\u00fcr ve Turizm Bakanl\u0131\u011f\u0131 B\u00fct\u00e7esi\u2019nin Plan B\u00fct\u00e7e Komisyonunda g\u00f6r\u00fc\u015fmeleri olacak. Konu hakk\u0131nda taleplerimizi ve kadro durumlar\u0131n\u0131 bunlarla birlikte ilgili t\u00fcm b\u00fcrokratlara iletip, sorunun \u00e7\u00f6z\u00fclmesinin takip\u00e7isi olaca\u011f\u0131z. T\u00fcm meslekta\u015flar\u0131m\u0131z\u0131 kadrolar hakk\u0131nda destek vermeye davet ediyorum.\u201d \u00a0dedi.<\/p>\n","protected":false},"excerpt":{"rendered":"<p>T\u00fcrk K\u00fct\u00fcphaneciler Derne\u011fi Genel Ba\u015fkan\u0131 Ali Fuat Kartal kadro say\u0131lar\u0131yla ilgili yapt\u0131\u011f\u0131 a\u00e7\u0131klamada; \u201cK\u00fct\u00fcphanecilik, Bilgi ve Belge Y\u00f6netimi ve Ar\u015fivcilik mezunlar\u0131 i\u00e7in KPSS 2014-2\u2019de sadece 4 (d\u00f6rt) k\u00fct\u00fcphaneci kadrosuna onay verilmesi t\u00fcm meslek \u00e7al\u0131\u015fanlar\u0131m\u0131z\u0131, \u00f6\u011frencilerimizi ve mezunlar\u0131m\u0131z\u0131 \u00e7ok \u00fczm\u00fc\u015ft\u00fcr. Dernek olarak bu konunun d\u00fczeltilmesi i\u00e7in \u00e7al\u0131\u015fmalar\u0131m\u0131z devam etmektedir.<\/p>\n","protected":false},"author":129,"featured_media":0,"comment_status":"open","ping_status":"open","sticky":false,"template":"","format":"standard","meta":{"footnotes":""},"categories":[1474,31,1],"tags":[],"class_list":["post-15418","post","type-post","status-publish","format-standard","hentry","category-ali-fuat-kartal","category-bbykpss","category-genel"],"_links":{"self":[{"href":"https:\/\/www.bbyhaber.com\/bby\/wp-json\/wp\/v2\/posts\/15418"}],"collection":[{"href":"https:\/\/www.bbyhaber.com\/bby\/wp-json\/wp\/v2\/posts"}],"about":[{"href":"https:\/\/www.bbyhaber.com\/bby\/wp-json\/wp\/v2\/types\/post"}],"author":[{"embeddable":true,"href":"https:\/\/www.bbyhaber.com\/bby\/wp-json\/wp\/v2\/users\/129"}],"replies":[{"embeddable":true,"href":"https:\/\/www.bbyhaber.com\/bby\/wp-json\/wp\/v2\/comments?post=15418"}],"version-history":[{"count":0,"href":"https:\/\/www.bbyhaber.com\/bby\/wp-json\/wp\/v2\/posts\/15418\/revisions"}],"wp:attachment":[{"href":"https:\/\/www.bbyhaber.com\/bby\/wp-json\/wp\/v2\/media?parent=15418"}],"wp:term":[{"taxonomy":"category","embeddable":true,"href":"https:\/\/www.bbyhaber.com\/bby\/wp-json\/wp\/v2\/categories?post=15418"},{"taxonomy":"post_tag","embeddable":true,"href":"https:\/\/www.bbyhaber.com\/bby\/wp-json\/wp\/v2\/tags?post=15418"}],"curies":[{"name":"wp","href":"https:\/\/api.w.org\/{rel}","templated":true}]}}