{"id":15367,"date":"2014-11-15T16:36:32","date_gmt":"2014-11-15T14:36:32","guid":{"rendered":"http:\/\/www.bbyhaber.com\/bby\/?p=15367"},"modified":"2015-01-12T14:12:35","modified_gmt":"2015-01-12T12:12:35","slug":"iskenderiye-kutuphanesi-bilime-isik-tutmayi-surduruyor","status":"publish","type":"post","link":"https:\/\/www.bbyhaber.com\/bby\/2014\/11\/15\/iskenderiye-kutuphanesi-bilime-isik-tutmayi-surduruyor","title":{"rendered":"\u0130skenderiye K\u00fct\u00fcphanesi, bilime \u0131\u015f\u0131k tutmay\u0131 s\u00fcrd\u00fcr\u00fcyor"},"content":{"rendered":"<p style=\"text-align: justify;\"><img loading=\"lazy\" decoding=\"async\" class=\"alignleft\" src=\"http:\/\/www.bbyhaber.com\/bby\/wp-content\/uploads\/2014\/11\/iskenderiye.jpg\" alt=\"\" width=\"150\" height=\"150\" \/>Uzun y\u0131llar Antik\u00e7a\u011f biliminin kalbi olan \u0130skenderiye K\u00fct\u00fcphanesi, kadim k\u00fct\u00fcphanenin varoldu\u011fu alana yap\u0131lan yeni mimarisiyle, t\u00fcm siyasi kar\u0131\u015f\u0131kl\u0131klara ve istikrars\u0131zl\u0131klara ra\u011fmen bilime \u0131\u015f\u0131k tutmay\u0131 s\u00fcrd\u00fcr\u00fcyor.K\u00fct\u00fcphane Bas\u0131n Sorumlusu Nurhan el-Berdini, k\u00fct\u00fcphanede 2 milyondan fazla kitap oldu\u011funu, ilim ve k\u00fclt\u00fcr yeri oldu\u011fu i\u00e7in siyasi durumlardan uzak durdu\u011funu ve siyasetten etkilenmedi\u011fini belirtti. Berdini, &#8220;K\u00fct\u00fcphane, Cumhurba\u015fkan\u0131yla, rejimle, yap\u0131lan de\u011fi\u015fikliklerle alakal\u0131 de\u011fil. Y\u00f6netim de de\u011fi\u015fse, liderler de de\u011fi\u015fse k\u00fct\u00fcphane bilime hizmet etmeye devam edecek&#8221; dedi.<!--more--><\/p>\n<p style=\"text-align: justify;\">K\u00fct\u00fcphane hakk\u0131nda konu\u015fan Berdini, \u015funlar\u0131 s\u00f6yledi:<\/p>\n<p style=\"text-align: justify;\">&#8220;Tarihi \u0130skenderiye K\u00fct\u00fcphanesi, tarih boyunca baz\u0131 sald\u0131r\u0131lara maruz kald\u0131. Daha \u00f6nce y\u0131k\u0131lan tarihi k\u00fct\u00fcphane yerine, baz\u0131 Avrupa \u00fclkeleri ve UNESCO&#8217;nun deste\u011fiyle 2002 y\u0131l\u0131nda yenisi yap\u0131ld\u0131. Yeni bina tarihi k\u00fct\u00fcphanenin kurulu oldu\u011fu yerin yakla\u015f\u0131k 200 metre uza\u011f\u0131na in\u015fa edildi. Her g\u00fcn bir\u00e7ok \u00f6\u011frenci gelip ara\u015ft\u0131rma yap\u0131yor. K\u00fct\u00fcphanede \u015fu an 2 milyondan fazla kitap, 120 bin doktora tezi, 150 bin elektronik kitap bulunuyor.&#8221;<\/p>\n<p style=\"text-align: justify;\">&#8220;K\u00fct\u00fcphane belli bir kesimin tekelinde de\u011fil, herkese a\u00e7\u0131k, kitaplara herkes ula\u015fabilir&#8221; diyen Berdini, &#8220;\u015eahsen ben k\u00fct\u00fcphaneden \u00e7ok faydalan\u0131yorum, gelen \u00f6\u011frenciler ve ara\u015ft\u0131rmac\u0131lar da \u00e7ok istifa ediyor&#8221; ifadelerini kulland\u0131.<\/p>\n<p style=\"text-align: justify;\">Berdini, &#8220;K\u00fct\u00fcphane yaln\u0131zca kitaplar\u0131 sunmakla kalm\u0131yor. M\u0131s\u0131r&#8217;da, matbaa tarihini anlatan bir sergi de bulunuyor. Matbaa&#8217;n\u0131n ge\u00e7irdi\u011fi zamanlar, eskiden kullan\u0131lan aletler g\u00f6zler \u00f6n\u00fcne seriliyor. Ayr\u0131ca, tarihi eserler m\u00fczesi de var. Firavunlar d\u00f6nemi ba\u015fta olmak \u00fczere, Yunan, Roma ve \u0130slami d\u00f6nemlere ait eserler bulunuyor&#8221; dedi.<\/p>\n<p style=\"text-align: justify;\">K\u00fct\u00fcphanedeki m\u00fcze b\u00f6l\u00fcm\u00fc m\u00fcd\u00fcr\u00fc Samiye Said Re\u015fvan ise m\u00fczeyi g\u00fcnde 6 bin ki\u015finin ziyaret etti\u011fini belirterek &#8220;Devrimden sonra m\u00fczeye ziyaret\u00e7i gelmemesinden, m\u00fczenin ve k\u00fct\u00fcphanenin siyasi durumlardan olumsuz etkilenmesinden endi\u015fe ediyorduk. Ancak b\u00f6yle bir \u015fey olmad\u0131. Yerli ve yabanc\u0131 ilime ve bilime \u00f6nem veren insanlar, buralar\u0131 bo\u015f b\u0131rakmad\u0131&#8221; diye konu\u015ftu.<\/p>\n<p style=\"text-align: justify;\">TRT Haber<\/p>\n","protected":false},"excerpt":{"rendered":"<p>Uzun y\u0131llar Antik\u00e7a\u011f biliminin kalbi olan \u0130skenderiye K\u00fct\u00fcphanesi, kadim k\u00fct\u00fcphanenin varoldu\u011fu alana yap\u0131lan yeni mimarisiyle, t\u00fcm siyasi kar\u0131\u015f\u0131kl\u0131klara ve istikrars\u0131zl\u0131klara ra\u011fmen bilime \u0131\u015f\u0131k tutmay\u0131 s\u00fcrd\u00fcr\u00fcyor.K\u00fct\u00fcphane Bas\u0131n Sorumlusu Nurhan el-Berdini, k\u00fct\u00fcphanede 2 milyondan fazla kitap oldu\u011funu, ilim ve k\u00fclt\u00fcr yeri oldu\u011fu i\u00e7in siyasi durumlardan uzak durdu\u011funu ve siyasetten etkilenmedi\u011fini belirtti. Berdini, &#8220;K\u00fct\u00fcphane, Cumhurba\u015fkan\u0131yla, rejimle, yap\u0131lan de\u011fi\u015fikliklerle [&hellip;]<\/p>\n","protected":false},"author":129,"featured_media":0,"comment_status":"open","ping_status":"open","sticky":false,"template":"","format":"standard","meta":{"footnotes":""},"categories":[1],"tags":[630],"class_list":["post-15367","post","type-post","status-publish","format-standard","hentry","category-genel","tag-iskenderiye-kutuphanesi"],"_links":{"self":[{"href":"https:\/\/www.bbyhaber.com\/bby\/wp-json\/wp\/v2\/posts\/15367"}],"collection":[{"href":"https:\/\/www.bbyhaber.com\/bby\/wp-json\/wp\/v2\/posts"}],"about":[{"href":"https:\/\/www.bbyhaber.com\/bby\/wp-json\/wp\/v2\/types\/post"}],"author":[{"embeddable":true,"href":"https:\/\/www.bbyhaber.com\/bby\/wp-json\/wp\/v2\/users\/129"}],"replies":[{"embeddable":true,"href":"https:\/\/www.bbyhaber.com\/bby\/wp-json\/wp\/v2\/comments?post=15367"}],"version-history":[{"count":0,"href":"https:\/\/www.bbyhaber.com\/bby\/wp-json\/wp\/v2\/posts\/15367\/revisions"}],"wp:attachment":[{"href":"https:\/\/www.bbyhaber.com\/bby\/wp-json\/wp\/v2\/media?parent=15367"}],"wp:term":[{"taxonomy":"category","embeddable":true,"href":"https:\/\/www.bbyhaber.com\/bby\/wp-json\/wp\/v2\/categories?post=15367"},{"taxonomy":"post_tag","embeddable":true,"href":"https:\/\/www.bbyhaber.com\/bby\/wp-json\/wp\/v2\/tags?post=15367"}],"curies":[{"name":"wp","href":"https:\/\/api.w.org\/{rel}","templated":true}]}}