{"id":15364,"date":"2014-11-15T16:31:32","date_gmt":"2014-11-15T14:31:32","guid":{"rendered":"http:\/\/www.bbyhaber.com\/bby\/?p=15364"},"modified":"2015-01-12T14:06:12","modified_gmt":"2015-01-12T12:06:12","slug":"gaziantepte-kutuphane-eylemi","status":"publish","type":"post","link":"https:\/\/www.bbyhaber.com\/bby\/2014\/11\/15\/gaziantepte-kutuphane-eylemi","title":{"rendered":"Gaziantep&#8217;te k\u00fct\u00fcphane eylemi"},"content":{"rendered":"<p style=\"text-align: justify;\"><img loading=\"lazy\" decoding=\"async\" class=\"alignleft\" src=\"http:\/\/www.bbyhaber.com\/bby\/wp-content\/uploads\/2014\/11\/tkd-gaziantep.jpg\" alt=\"\" width=\"200\" height=\"100\" \/>T\u00fcrk K\u00fct\u00fcphaneciler Derne\u011fi \u00fcyeleri, \u015eahinbey \u0130l\u00e7e Halk K\u00fct\u00fcphanesi&#8217;nin kapat\u0131laca\u011f\u0131 s\u00f6ylentilerine tepki i\u00e7in eylem yapt\u0131 Gaziantep&#8217;te T\u00fcrk K\u00fct\u00fcphaneciler Derne\u011fi \u00fcyeleri, \u015eahinbey \u0130l\u00e7e Halk K\u00fct\u00fcphanesi&#8217;nin kapat\u0131laca\u011f\u0131 s\u00f6ylentilerine tepki i\u00e7in eylem yapt\u0131. Dernek \u00fcyeleri, m\u00fczeye d\u00f6n\u00fc\u015ft\u00fcr\u00fclmesinin planland\u0131\u011f\u0131 ileri s\u00fcr\u00fclen k\u00fct\u00fcphanenin kapat\u0131lmamas\u0131 gerekti\u011fini ifade ederek yetkilileri duyarl\u0131 olmaya davet etti.<!--more--><\/p>\n<p style=\"text-align: justify;\">\u015eahinbey \u0130l\u00e7e Halk K\u00fct\u00fcphanesi&#8217;nin kapat\u0131larak, binan\u0131n B\u00fcy\u00fck\u015fehir Belediyesi taraf\u0131ndan yap\u0131lmas\u0131 planlanan T\u0131p M\u00fczesi&#8217;ne d\u00f6n\u00fc\u015ft\u00fcr\u00fclece\u011fi s\u00f6ylentilerine T\u00fcrk K\u00fct\u00fcphaneciler Derne\u011fi \u00fcyeleri bas\u0131n a\u00e7\u0131klamas\u0131 yaparak tepki g\u00f6sterdi. K\u00fct\u00fcphane \u00f6n\u00fcnde toplanan \u00fcyeler ad\u0131na konu\u015fan derne\u011fin B\u00f6lge Ba\u015fkan\u0131 Y\u00fcksel Polat, ya\u015fam boyu \u00f6\u011frenmenin en \u00f6nemli aya\u011f\u0131n\u0131 k\u00fct\u00fcphanelerin olu\u015fturdu\u011funu belirterek \u015f\u00f6yle dedi:<\/p>\n<p style=\"text-align: justify;\">&#8220;Gaziantep&#8217;te n\u00fcfusun 50- 60 bin oldu\u011fu 1900&#8217;l\u00fc y\u0131llarda 7 k\u00fct\u00fcphane varken, n\u00fcfusumuzun 1.5 milyona dayand\u0131\u011f\u0131 g\u00fcn\u00fcm\u00fczde K\u00fclt\u00fcr Bakanl\u0131\u011f\u0131&#8217;na ba\u011fl\u0131 olarak \u00e7al\u0131\u015fan halk k\u00fct\u00fcphaneleri say\u0131s\u0131 \u00fc\u00e7t\u00fcr. Daha \u00f6nce kapat\u0131lan \u015eehitler ve Bal\u0131kl\u0131 k\u00fct\u00fcphanelerinin yerine yenileri yap\u0131lmam\u0131\u015ft\u0131r. \u015eahinbey \u0130l\u00e7e Halk K\u00fct\u00fcphanesi de kapat\u0131lmayla kar\u015f\u0131 kar\u015f\u0131yad\u0131r. \u0130nternetin olmas\u0131 k\u00fct\u00fcphaneye ihtiya\u00e7 duyulmamas\u0131 anlam\u0131na gelmemektedir. Kentimizin ya\u015fam ko\u015fullar\u0131 g\u00f6z \u00f6n\u00fcne al\u0131nd\u0131\u011f\u0131nda halk k\u00fct\u00fcphanelerine daha fazla ihtiya\u00e7 oldu\u011funu dernek olarak tespit etmi\u015f bulunmaktay\u0131z. T\u00fcm bu ko\u015fullar \u0131\u015f\u0131\u011f\u0131nda bu k\u00fct\u00fcphanenin ak\u0131betini merak ediyoruz ve kamuoyu \u00f6n\u00fcnde buna cevap veriyoruz.&#8221; Kalabal\u0131k, bas\u0131n a\u00e7\u0131klamas\u0131n\u0131n ard\u0131ndan k\u00fct\u00fcphane \u00f6n\u00fcnden ayr\u0131ld\u0131.<\/p>\n<p>Kaynak: DHA<\/p>\n","protected":false},"excerpt":{"rendered":"<p>T\u00fcrk K\u00fct\u00fcphaneciler Derne\u011fi \u00fcyeleri, \u015eahinbey \u0130l\u00e7e Halk K\u00fct\u00fcphanesi&#8217;nin kapat\u0131laca\u011f\u0131 s\u00f6ylentilerine tepki i\u00e7in eylem yapt\u0131 Gaziantep&#8217;te T\u00fcrk K\u00fct\u00fcphaneciler Derne\u011fi \u00fcyeleri, \u015eahinbey \u0130l\u00e7e Halk K\u00fct\u00fcphanesi&#8217;nin kapat\u0131laca\u011f\u0131 s\u00f6ylentilerine tepki i\u00e7in eylem yapt\u0131. Dernek \u00fcyeleri, m\u00fczeye d\u00f6n\u00fc\u015ft\u00fcr\u00fclmesinin planland\u0131\u011f\u0131 ileri s\u00fcr\u00fclen k\u00fct\u00fcphanenin kapat\u0131lmamas\u0131 gerekti\u011fini ifade ederek yetkilileri duyarl\u0131 olmaya davet etti.<\/p>\n","protected":false},"author":129,"featured_media":0,"comment_status":"open","ping_status":"open","sticky":false,"template":"","format":"standard","meta":{"footnotes":""},"categories":[1],"tags":[1425],"class_list":["post-15364","post","type-post","status-publish","format-standard","hentry","category-genel","tag-tkd-gaziantep"],"_links":{"self":[{"href":"https:\/\/www.bbyhaber.com\/bby\/wp-json\/wp\/v2\/posts\/15364"}],"collection":[{"href":"https:\/\/www.bbyhaber.com\/bby\/wp-json\/wp\/v2\/posts"}],"about":[{"href":"https:\/\/www.bbyhaber.com\/bby\/wp-json\/wp\/v2\/types\/post"}],"author":[{"embeddable":true,"href":"https:\/\/www.bbyhaber.com\/bby\/wp-json\/wp\/v2\/users\/129"}],"replies":[{"embeddable":true,"href":"https:\/\/www.bbyhaber.com\/bby\/wp-json\/wp\/v2\/comments?post=15364"}],"version-history":[{"count":0,"href":"https:\/\/www.bbyhaber.com\/bby\/wp-json\/wp\/v2\/posts\/15364\/revisions"}],"wp:attachment":[{"href":"https:\/\/www.bbyhaber.com\/bby\/wp-json\/wp\/v2\/media?parent=15364"}],"wp:term":[{"taxonomy":"category","embeddable":true,"href":"https:\/\/www.bbyhaber.com\/bby\/wp-json\/wp\/v2\/categories?post=15364"},{"taxonomy":"post_tag","embeddable":true,"href":"https:\/\/www.bbyhaber.com\/bby\/wp-json\/wp\/v2\/tags?post=15364"}],"curies":[{"name":"wp","href":"https:\/\/api.w.org\/{rel}","templated":true}]}}