{"id":15358,"date":"2014-11-15T17:40:22","date_gmt":"2014-11-15T15:40:22","guid":{"rendered":"http:\/\/www.bbyhaber.com\/bby\/?p=15358"},"modified":"2015-01-12T14:24:32","modified_gmt":"2015-01-12T12:24:32","slug":"bbysonkadrolar-icin-dilekce-kampanyasi","status":"publish","type":"post","link":"https:\/\/www.bbyhaber.com\/bby\/2014\/11\/15\/bbysonkadrolar-icin-dilekce-kampanyasi","title":{"rendered":"BBY Son Kadrolar \u0130\u00e7in Dilek\u00e7e Kampanyas\u0131"},"content":{"rendered":"<p style=\"text-align: justify;\"><img loading=\"lazy\" decoding=\"async\" class=\"alignleft\" src=\"http:\/\/www.bbyhaber.com\/bby\/wp-content\/uploads\/2014\/11\/bby-dilekce-destek.jpg\" alt=\"\" width=\"230\" height=\"220\" \/>Son a\u00e7\u0131klanan kadrolar ile ilgili ba\u015flat\u0131lan <a href=\"http:\/\/chn.ge\/10X3QxX\" target=\"_blank\"><strong>\u00e7evrimi\u00e7i imza kampanyas\u0131<\/strong><\/a>n\u0131n yan\u0131nda, a\u015fa\u011f\u0131da olu\u015fturulan dilek\u00e7e \u00f6rne\u011fini, yaz\u0131n\u0131n en alt\u0131ndaki adreslere g\u00f6ndererek kadrolar i\u00e7in fark\u0131ndal\u0131k olu\u015fturulmas\u0131 ama\u00e7lanmaktad\u0131r; destek vermeniz \u00f6nemle rica olunur. \u015eu an 600\u2032\u00fc a\u015fk\u0131n imzaya ula\u015fm\u0131\u015f olan \u00e7evrimi\u00e7i imza kampanyas\u0131n\u0131n ula\u015ft\u0131\u011f\u0131 ki\u015fi say\u0131s\u0131 d\u00fc\u015f\u00fcn\u00fcld\u00fc\u011f\u00fcnde dilek\u00e7e kampanyas\u0131n\u0131n da amac\u0131na ula\u015fabilece\u011fine inan\u0131lmaktad\u0131r. Birlikte hareket etmek i\u00e7in konu ile ilgili desteklerinizi bekliyoruz.<!--more--><\/p>\n<p style=\"text-align: justify;\"><em>Say\u0131n [&#8230;]<\/em><br \/>\n<em>Ben, [&#8230;]<\/em><br \/>\n<em>Bilgi ve Belge Y\u00f6netimi b\u00f6l\u00fcm\u00fcm\u00fcz; bilgiyi y\u00f6netebilen ve bilgiye ihtiya\u00e7 duyan ki\u015fileri bilgiye en kolay \u015fekilde ula\u015ft\u0131ran bireyler yeti\u015ftirmeyi ama\u00e7lamakta ve bu y\u00f6nde T\u00fcrkiye\u2019deki t\u00fcm halk k\u00fct\u00fcphanelerinde, t\u00fcm \u00fcniversite k\u00fct\u00fcphanelerinde, bilgi merkezlerinde, ar\u015fivlerde, kamu kurum ve kurulu\u015flar\u0131nda k\u00fct\u00fcphaneci, ar\u015fivci, ar\u015fiv uzman\u0131 unvanlar\u0131yla g\u00f6rev almaktay\u0131z.<\/em><\/p>\n<p style=\"text-align: justify;\"><em>K\u00fct\u00fcphanelerde, ar\u015fivlerde, bilgi merkezlerinde ve di\u011fer kamu kurumlar\u0131nda \u00e7al\u0131\u015fan \u201cBilgi ve Belge Y\u00f6netimi B\u00f6l\u00fcm\u00fc\u201d mezunu olmayan ki\u015filerin, bilgilerin d\u00fczenlenmesi, belgelerin saklanmas\u0131 ve imhas\u0131 gibi di\u011fer bir \u00e7ok mesleki e\u011fitimi almadan bu kurumlarda \u00e7al\u0131\u015f\u0131yor olmalar\u0131\u00a0 \u201dBilgi Toplumu\u201d hedefindeki bir \u00fclkeye yak\u0131\u015fmamaktad\u0131r.<\/em><\/p>\n<p style=\"text-align: justify;\"><em>Yukar\u0131da belirtilenler do\u011frultusunda DPB\u2018nin 2014-2 KPSS kadro k\u0131lavuzuna g\u00f6re Bilgi ve Belge Y\u00f6netimi B\u00f6l\u00fcm\u00fc\u2018ne toplam 9 kadronun uygun g\u00f6r\u00fclmesi, atama bekleyen binlerce\u00a0 Bilgi ve Belge Y\u00f6netimi mezunlar\u0131n\u0131 olumsuz etkilemi\u015ftir.<\/em><\/p>\n<p style=\"text-align: justify;\"><em>Bilgi \u00e7a\u011f\u0131n\u0131 ya\u015fad\u0131\u011f\u0131m\u0131z 21.yy\u2019da; bilgiyi y\u00f6netmek amac\u0131yla \u00f6zel e\u011fitim alm\u0131\u015f olan, bilginin ve belgenin ne t\u00fcr \u00f6nemler arz etti\u011finin bilincinde olan meslek elemanlar\u0131na ihtiya\u00e7 oldu\u011fu bilinen bir ger\u00e7ektir.<\/em><\/p>\n<p style=\"text-align: justify;\"><em>2023, 2053 ve 2071 hedeflerine giden yol bilgi\u2019nin ayd\u0131nl\u0131\u011f\u0131nda ilerlemek zorundad\u0131r.<\/em><\/p>\n<p style=\"text-align: justify;\"><em>D\u00fcnyan\u0131n t\u00fcm geli\u015fmi\u015f \u00fclkelerinde, bilgi\u2019yi sa\u011flama, d\u00fczenleme ve etkin bi\u00e7imde sunma i\u015fini (bilgi y\u00f6netimi) bilgi y\u00f6neticileri, di\u011fer ad\u0131yla k\u00fct\u00fcphaneciler ger\u00e7ekle\u015ftirir.<\/em><\/p>\n<p style=\"text-align: justify;\"><em>T\u00fcrkiye\u2019de yirmiye yakla\u015fan Bilgi ve Belge Y\u00f6netimi b\u00f6l\u00fcm\u00fc kurulmu\u015fken, bunlar\u0131n yakla\u015f\u0131k 10 tanesinden her y\u0131l yakla\u015f\u0131k 400 profesyonel k\u00fct\u00fcphaneci mezun olurken, \u00fcstelik 1400 civar\u0131ndaki halk k\u00fct\u00fcphanesinde sadece 350 k\u00fct\u00fcphaneci g\u00f6rev yap\u0131yorken, 4 adet k\u00fct\u00fcphaneci kadrosu a\u00e7mak T\u00fcrkiye\u2019nin k\u0131sa, orta ve uzun vadeli hedefleriyle \u00f6rt\u00fc\u015fmemektedir.<\/em><\/p>\n<p style=\"text-align: justify;\"><em>\u201cBilgi Toplumu Stratejisi ve Eylem Plan\u0131\u201d \u00e7er\u00e7evesinde olu\u015fturulan maddeler uyar\u0131nca; k\u00fct\u00fcphane ve ar\u015fiv ba\u015fl\u0131klar\u0131 alt\u0131nda ger\u00e7ekle\u015ftirilmesi planlanan \u201cyenilik ve \u00e7al\u0131\u015fmalar\u0131\u201d\u00a0 ancak \u201cb\u00f6l\u00fcm\u00fcm\u00fcz mezunu\u201d olan bizlerin ger\u00e7ekle\u015ftirebilece\u011fi de ortadad\u0131r.<\/em><br \/>\n<em>Bu kadar sorumluluk ve g\u00f6revi olan biz atama bekleyenlerin atamalar\u0131n\u0131n neden bu kadar d\u00fc\u015ft\u00fc\u011f\u00fc konusunda bizleri ayd\u0131nlatman\u0131z\u0131 talep eder ve gerekenin yap\u0131lmas\u0131n\u0131 arz ederim.<\/em><\/p>\n<p style=\"text-align: justify;\"><em>Sayg\u0131lar\u0131mla.<\/em><\/p>\n<p>http:\/\/www.tccb.gov.tr\/sayfa\/iletisim\/cumhurbaskanina_yazin\/<br \/>\nhttp:\/\/www.bimer.gov.tr\/Forms\/pgApplication.aspx<br \/>\nhttp:\/\/www.kultur.gov.tr\/TR,51548\/bakanlik-birimleri-iletisim-bilgileri.html<br \/>\nhttp:\/\/www.dpb.gov.tr\/tr-tr\/iletisim<br \/>\nhttp:\/\/www.kygm.gov.tr\/TR,130\/bize-ulasin.html<br \/>\nhttp:\/\/www.devletarsivleri.gov.tr\/devlet-arsivleri-iletisim<br \/>\nhttp:\/\/www.tbmm.gov.tr\/develop\/owa\/mv_e_posta_sd.uye_e_posta<br \/>\nhttps:\/\/edilekce.tbmm.gov.tr\/<\/p>\n<p style=\"text-align: justify;\">Not: Dilek\u00e7e, g\u00f6r\u00fc\u015f ve \u00f6neriler \u0131\u015f\u0131\u011f\u0131nda geli\u015ftirilebilir. (dilek\u00e7enin bir k\u0131sm\u0131 Say\u0131n Erol Y\u0131lmaz\u2019\u0131n \u00e7evrimi\u00e7i imza kampanyas\u0131 web sayfas\u0131ndan al\u0131nm\u0131\u015ft\u0131r.)<\/p>\n","protected":false},"excerpt":{"rendered":"<p>Son a\u00e7\u0131klanan kadrolar ile ilgili ba\u015flat\u0131lan \u00e7evrimi\u00e7i imza kampanyas\u0131n\u0131n yan\u0131nda, a\u015fa\u011f\u0131da olu\u015fturulan dilek\u00e7e \u00f6rne\u011fini, yaz\u0131n\u0131n en alt\u0131ndaki adreslere g\u00f6ndererek kadrolar i\u00e7in fark\u0131ndal\u0131k olu\u015fturulmas\u0131 ama\u00e7lanmaktad\u0131r; destek vermeniz \u00f6nemle rica olunur. \u015eu an 600\u2032\u00fc a\u015fk\u0131n imzaya ula\u015fm\u0131\u015f olan \u00e7evrimi\u00e7i imza kampanyas\u0131n\u0131n ula\u015ft\u0131\u011f\u0131 ki\u015fi say\u0131s\u0131 d\u00fc\u015f\u00fcn\u00fcld\u00fc\u011f\u00fcnde dilek\u00e7e kampanyas\u0131n\u0131n da amac\u0131na ula\u015fabilece\u011fine inan\u0131lmaktad\u0131r. Birlikte hareket etmek i\u00e7in konu ile [&hellip;]<\/p>\n","protected":false},"author":129,"featured_media":0,"comment_status":"open","ping_status":"open","sticky":false,"template":"","format":"standard","meta":{"footnotes":""},"categories":[31,1],"tags":[],"class_list":["post-15358","post","type-post","status-publish","format-standard","hentry","category-bbykpss","category-genel"],"_links":{"self":[{"href":"https:\/\/www.bbyhaber.com\/bby\/wp-json\/wp\/v2\/posts\/15358"}],"collection":[{"href":"https:\/\/www.bbyhaber.com\/bby\/wp-json\/wp\/v2\/posts"}],"about":[{"href":"https:\/\/www.bbyhaber.com\/bby\/wp-json\/wp\/v2\/types\/post"}],"author":[{"embeddable":true,"href":"https:\/\/www.bbyhaber.com\/bby\/wp-json\/wp\/v2\/users\/129"}],"replies":[{"embeddable":true,"href":"https:\/\/www.bbyhaber.com\/bby\/wp-json\/wp\/v2\/comments?post=15358"}],"version-history":[{"count":0,"href":"https:\/\/www.bbyhaber.com\/bby\/wp-json\/wp\/v2\/posts\/15358\/revisions"}],"wp:attachment":[{"href":"https:\/\/www.bbyhaber.com\/bby\/wp-json\/wp\/v2\/media?parent=15358"}],"wp:term":[{"taxonomy":"category","embeddable":true,"href":"https:\/\/www.bbyhaber.com\/bby\/wp-json\/wp\/v2\/categories?post=15358"},{"taxonomy":"post_tag","embeddable":true,"href":"https:\/\/www.bbyhaber.com\/bby\/wp-json\/wp\/v2\/tags?post=15358"}],"curies":[{"name":"wp","href":"https:\/\/api.w.org\/{rel}","templated":true}]}}