{"id":15347,"date":"2014-11-13T16:58:22","date_gmt":"2014-11-13T14:58:22","guid":{"rendered":"http:\/\/www.bbyhaber.com\/bby\/?p=15347"},"modified":"2014-11-13T16:59:58","modified_gmt":"2014-11-13T14:59:58","slug":"bartin-valisi-ulus-kultur-ve-sanatevi-halk-kutuphanesini-ziyaret-etti","status":"publish","type":"post","link":"https:\/\/www.bbyhaber.com\/bby\/2014\/11\/13\/bartin-valisi-ulus-kultur-ve-sanatevi-halk-kutuphanesini-ziyaret-etti","title":{"rendered":"Bart\u0131n Valisi Ulus K\u00fclt\u00fcr ve Sanatevi Halk K\u00fct\u00fcphanesini ziyaret etti"},"content":{"rendered":"<p style=\"text-align: justify;\">Vali Seyfettin Azizo\u011flu, beraberinde Bart\u0131n \u00dcniversitesi Rekt\u00f6r\u00fc Ramazan Kaplan, Ulus \u0130l\u00e7e Kaymakam\u0131 Sel\u00e7uk \u015eakar,\u00a0 Ulus Belediye Ba\u015fkan\u0131 Hasan H\u00fcseyin Uzun, Abdipa\u015fa Belediye Ba\u015fkan\u0131 Ya\u015far D\u00f6nmez, Ak Parti \u0130l Ba\u015fkan Yard\u0131mc\u0131s\u0131 Muzaffer Yelkenci, \u0130l Mill\u00ee E\u011fitim M\u00fcd\u00fcr\u00fc Ya\u015far Demir, \u0130l Sa\u011fl\u0131k M\u00fcd\u00fcr\u00fc Dr.Dursun Ko\u00e7, AK Parti Ulus \u0130l\u00e7e Ba\u015fkan\u0131 Kadir Sara\u00e7, Ulus\u2019a Hizmet Vakf\u0131 Ba\u015fkan\u0131 Ziya \u00c7elik ile birlikte \u0130l K\u00fclt\u00fcr ve Turizm M\u00fcd\u00fcrl\u00fc\u011f\u00fc&#8217;ne ba\u011fl\u0131 Ulus K\u00fclt\u00fcr ve Sanat Evini ziyaret ederek, K\u00fct\u00fcphane M\u00fcd\u00fcr\u00fc \u0130smail Akman\u2019dan Ulus \u0130l\u00e7e K\u00fct\u00fcphanesi ile ilgili bilgi ald\u0131.<!--more--><\/p>\n<p style=\"text-align: justify;\">Ziyaretle ilgili yapt\u0131\u011f\u0131 a\u00e7\u0131klamada Vali Azizo\u011flu: \u201cBug\u00fcn Ulus\u2019umuz i\u00e7in \u00e7ok g\u00fczel bir yat\u0131r\u0131ma daha imza att\u0131k. E\u011fitime \u00e7ok g\u00fczel bir tesis kazand\u0131r\u0131lacak. Bunu hem devlet hem de millet i\u015fbirli\u011finin en g\u00fczel \u00f6rne\u011fi olarak burada g\u00f6r\u00fcyoruz. Bu sebeple eme\u011fi ge\u00e7en t\u00fcm kurumlar\u0131m\u0131za te\u015fekk\u00fcr ediyorum. Temel atma t\u00f6renimizin ard\u0131ndan da k\u00fct\u00fcphanemizi ziyaret ettik. <strong>Ben ilk defa b\u00f6yle g\u00fczel bir k\u00fct\u00fcphane g\u00f6rd\u00fcm<\/strong>. <strong>Rekt\u00f6r\u00fcm\u00fcz Say\u0131n Ramazan Kaplan da ayn\u0131 \u015feyi s\u00f6yledi. K\u00fct\u00fcphanenin bu kadar g\u00fczel olmas\u0131na ve t\u00fcm ya\u015f gruplar\u0131na cezbedecek \u015fekilde haz\u0131rlanmas\u0131nda eme\u011fi olan arkada\u015flar\u0131ma te\u015fekk\u00fcr ediyorum<\/strong>. <strong>G\u00fczel ve \u00f6rnek bir k\u00fct\u00fcphane olu\u015fturulmu\u015f.<\/strong> <strong>Ulus\u2019un n\u00fcfusunun 9 kat\u0131 kitap var. 27 bin kitab\u0131m\u0131z mevcut. Uluslular\u0131n kitap okumak i\u00e7in k\u00fct\u00fcphanemize geldiklerini arkada\u015flar\u0131m\u0131z s\u00f6yledi. Bu ger\u00e7ekten Ulus halk\u0131n\u0131n k\u00fclt\u00fcre, e\u011fitime ve kitaba bak\u0131\u015f a\u00e7\u0131s\u0131n\u0131n da g\u00fczel bir \u00f6rne\u011fi. Bu nedenle ben uluslular\u0131 kutluyorum<\/strong>\u201d dedi.<\/p>\n<p style=\"text-align: justify;\">Kaynak:http:\/\/www.ajansbartin.com\/<\/p>\n<p style=\"text-align: justify;\">Ayr\u0131ca K\u00fct\u00fcphane, \u00c7ocuk Edebiyat\u0131 Yazar\u0131 S\u00fcleyman Bulut&#8217;u okurlar\u0131 olan sevgili \u00e7ocuklar\u0131 bulu\u015fturdu. K\u00fct\u00fcphane taraf\u0131ndan \u00fccretsiz da\u011f\u0131t\u0131lan yazara ait kitaplar\u0131 imzalatmaktan \u00e7ocuklar b\u00fcy\u00fck bir zevk ald\u0131lar. Ebru Sergisi de d\u00fczenlenmi\u015ftir.<\/p>\n<p style=\"text-align: justify;\"><a href=\"http:\/\/www.bbyhaber.com\/bby\/wp-content\/uploads\/2014\/11\/ulusbartin1.jpg\"><img loading=\"lazy\" decoding=\"async\" class=\"alignnone\" src=\"http:\/\/www.bbyhaber.com\/bby\/wp-content\/uploads\/2014\/11\/ulusbartin1.jpg\" alt=\"\" width=\"150\" height=\"150\" \/><\/a> <a href=\"http:\/\/www.bbyhaber.com\/bby\/wp-content\/uploads\/2014\/11\/ulusbartin3.jpg\"><img loading=\"lazy\" decoding=\"async\" class=\"alignnone\" src=\"http:\/\/www.bbyhaber.com\/bby\/wp-content\/uploads\/2014\/11\/ulusbartin3.jpg\" alt=\"\" width=\"150\" height=\"150\" \/><\/a><\/p>\n<p style=\"text-align: justify;\"><a href=\"http:\/\/www.bbyhaber.com\/bby\/wp-content\/uploads\/2014\/11\/ulusbartin5.jpg\"><img loading=\"lazy\" decoding=\"async\" class=\"alignnone\" src=\"http:\/\/www.bbyhaber.com\/bby\/wp-content\/uploads\/2014\/11\/ulusbartin5.jpg\" alt=\"\" width=\"150\" height=\"150\" \/><\/a> <a href=\"http:\/\/www.bbyhaber.com\/bby\/wp-content\/uploads\/2014\/11\/ulusbartin4.jpg\"><img loading=\"lazy\" decoding=\"async\" class=\"alignnone\" src=\"http:\/\/www.bbyhaber.com\/bby\/wp-content\/uploads\/2014\/11\/ulusbartin4.jpg\" alt=\"\" width=\"150\" height=\"150\" \/><\/a><\/p>\n","protected":false},"excerpt":{"rendered":"<p>Vali Seyfettin Azizo\u011flu, beraberinde Bart\u0131n \u00dcniversitesi Rekt\u00f6r\u00fc Ramazan Kaplan, Ulus \u0130l\u00e7e Kaymakam\u0131 Sel\u00e7uk \u015eakar,\u00a0 Ulus Belediye Ba\u015fkan\u0131 Hasan H\u00fcseyin Uzun, Abdipa\u015fa Belediye Ba\u015fkan\u0131 Ya\u015far D\u00f6nmez, Ak Parti \u0130l Ba\u015fkan Yard\u0131mc\u0131s\u0131 Muzaffer Yelkenci, \u0130l Mill\u00ee E\u011fitim M\u00fcd\u00fcr\u00fc Ya\u015far Demir, \u0130l Sa\u011fl\u0131k M\u00fcd\u00fcr\u00fc Dr.Dursun Ko\u00e7, AK Parti Ulus \u0130l\u00e7e Ba\u015fkan\u0131 Kadir Sara\u00e7, Ulus\u2019a Hizmet Vakf\u0131 Ba\u015fkan\u0131 Ziya [&hellip;]<\/p>\n","protected":false},"author":1,"featured_media":0,"comment_status":"open","ping_status":"open","sticky":false,"template":"","format":"standard","meta":{"footnotes":""},"categories":[1],"tags":[],"class_list":["post-15347","post","type-post","status-publish","format-standard","hentry","category-genel"],"_links":{"self":[{"href":"https:\/\/www.bbyhaber.com\/bby\/wp-json\/wp\/v2\/posts\/15347"}],"collection":[{"href":"https:\/\/www.bbyhaber.com\/bby\/wp-json\/wp\/v2\/posts"}],"about":[{"href":"https:\/\/www.bbyhaber.com\/bby\/wp-json\/wp\/v2\/types\/post"}],"author":[{"embeddable":true,"href":"https:\/\/www.bbyhaber.com\/bby\/wp-json\/wp\/v2\/users\/1"}],"replies":[{"embeddable":true,"href":"https:\/\/www.bbyhaber.com\/bby\/wp-json\/wp\/v2\/comments?post=15347"}],"version-history":[{"count":0,"href":"https:\/\/www.bbyhaber.com\/bby\/wp-json\/wp\/v2\/posts\/15347\/revisions"}],"wp:attachment":[{"href":"https:\/\/www.bbyhaber.com\/bby\/wp-json\/wp\/v2\/media?parent=15347"}],"wp:term":[{"taxonomy":"category","embeddable":true,"href":"https:\/\/www.bbyhaber.com\/bby\/wp-json\/wp\/v2\/categories?post=15347"},{"taxonomy":"post_tag","embeddable":true,"href":"https:\/\/www.bbyhaber.com\/bby\/wp-json\/wp\/v2\/tags?post=15347"}],"curies":[{"name":"wp","href":"https:\/\/api.w.org\/{rel}","templated":true}]}}