{"id":1534,"date":"2011-12-08T14:40:56","date_gmt":"2011-12-08T14:40:56","guid":{"rendered":"http:\/\/www.bbyhaber.com\/bby\/?p=1534"},"modified":"2012-05-15T11:13:32","modified_gmt":"2012-05-15T11:13:32","slug":"koy-okuluna-kutuphane-inegol-bursa","status":"publish","type":"post","link":"https:\/\/www.bbyhaber.com\/bby\/2011\/12\/08\/koy-okuluna-kutuphane-inegol-bursa","title":{"rendered":"K\u00f6y Okuluna K\u00fct\u00fcphane-\u0130neg\u00f6l-Bursa"},"content":{"rendered":"<p style=\"text-align: justify;\">\u00c7eltik\u00e7i \u0130lk\u00f6\u011fretim Okulu M\u00fcd\u00fcr\u00fc Mehmet Aslan, k\u00fct\u00fcphanenin kurulmas\u0131nda eme\u011fi ge\u00e7enlere te\u015fekk\u00fcr ederek, &#8220;Geli\u015fen teknoloji \u00e7a\u011f\u0131nda okulumuza belediye ba\u015fkan\u0131m\u0131z\u0131n katk\u0131lar\u0131yla yeni bir k\u00fct\u00fcphane kazand\u0131rd\u0131k. \u00c7ocuklar\u0131m\u0131za daha \u00e7ok kitap okuma imkan\u0131 sa\u011flaman\u0131n mutlulu\u011funu ya\u015f\u0131yoruz. Ayr\u0131ca desteklerini esirgemeyen i\u015f adam\u0131 Ethem Keskin`e ve malzeme yard\u0131m\u0131 sa\u011flayan Erol \u00d6zkan`a da te\u015fekk\u00fcr ederim&#8221; dedi.<!--more--><\/p>\n<p style=\"text-align: justify;\">Belediye olarak e\u011fitim ve sa\u011fl\u0131k alan\u0131nda verdikleri desteklerin artarak devam edece\u011fini belirten Belediye Ba\u015fkan Yard\u0131mc\u0131s\u0131 G\u00fclhan \u015eahin ise, &#8220;2011 y\u0131l\u0131nda da bir\u00e7ok ihtiya\u00e7l\u0131 okula destek verdik, vermeye de devam ediyoruz. E\u011fitime \u00f6nem veren bir belediye olarak, \u00e7evre d\u00fczenlemesi, onar\u0131m ve malzeme deste\u011fi gibi okullar\u0131m\u0131zdan gelen talepleri imk\u00e2nlar d\u00e2hilinde yerine getiriyoruz. Okul k\u00fct\u00fcphaneleri, kullan\u0131ld\u0131\u011f\u0131, yararlan\u0131ld\u0131\u011f\u0131 zaman anlam kazan\u0131r. Bunun i\u00e7in \u00f6\u011fretmenlerden iste\u011fim \u00f6\u011frencilerimizi k\u00fct\u00fcphaneye y\u00f6nlendirmeleridir. Kitapla yeti\u015fen nesiller ba\u015far\u0131l\u0131 olur. K\u00f6y\u00fcm\u00fcze, okulumuza, \u00f6\u011fretmen ve \u00f6\u011frencilerimize hay\u0131rl\u0131 u\u011furlu olmas\u0131n\u0131 diliyorum&#8221; diye konu\u015ftu.Konu\u015fmalar\u0131n ard\u0131ndan okul k\u00fct\u00fcphanesi hizmete a\u00e7\u0131ld\u0131.<\/p>\n<p style=\"text-align: justify;\">Kaynak: http:\/\/www.adanzyehaber.com<\/p>\n","protected":false},"excerpt":{"rendered":"<p>\u00c7eltik\u00e7i \u0130lk\u00f6\u011fretim Okulu M\u00fcd\u00fcr\u00fc Mehmet Aslan, k\u00fct\u00fcphanenin kurulmas\u0131nda eme\u011fi ge\u00e7enlere te\u015fekk\u00fcr ederek, &#8220;Geli\u015fen teknoloji \u00e7a\u011f\u0131nda okulumuza belediye ba\u015fkan\u0131m\u0131z\u0131n katk\u0131lar\u0131yla yeni bir k\u00fct\u00fcphane kazand\u0131rd\u0131k. \u00c7ocuklar\u0131m\u0131za daha \u00e7ok kitap okuma imkan\u0131 sa\u011flaman\u0131n mutlulu\u011funu ya\u015f\u0131yoruz. Ayr\u0131ca desteklerini esirgemeyen i\u015f adam\u0131 Ethem Keskin`e ve malzeme yard\u0131m\u0131 sa\u011flayan Erol \u00d6zkan`a da te\u015fekk\u00fcr ederim&#8221; dedi.<\/p>\n","protected":false},"author":1,"featured_media":0,"comment_status":"open","ping_status":"open","sticky":false,"template":"","format":"standard","meta":{"footnotes":""},"categories":[1,1498],"tags":[],"class_list":["post-1534","post","type-post","status-publish","format-standard","hentry","category-genel","category-koy-kutuphaneleri"],"_links":{"self":[{"href":"https:\/\/www.bbyhaber.com\/bby\/wp-json\/wp\/v2\/posts\/1534"}],"collection":[{"href":"https:\/\/www.bbyhaber.com\/bby\/wp-json\/wp\/v2\/posts"}],"about":[{"href":"https:\/\/www.bbyhaber.com\/bby\/wp-json\/wp\/v2\/types\/post"}],"author":[{"embeddable":true,"href":"https:\/\/www.bbyhaber.com\/bby\/wp-json\/wp\/v2\/users\/1"}],"replies":[{"embeddable":true,"href":"https:\/\/www.bbyhaber.com\/bby\/wp-json\/wp\/v2\/comments?post=1534"}],"version-history":[{"count":0,"href":"https:\/\/www.bbyhaber.com\/bby\/wp-json\/wp\/v2\/posts\/1534\/revisions"}],"wp:attachment":[{"href":"https:\/\/www.bbyhaber.com\/bby\/wp-json\/wp\/v2\/media?parent=1534"}],"wp:term":[{"taxonomy":"category","embeddable":true,"href":"https:\/\/www.bbyhaber.com\/bby\/wp-json\/wp\/v2\/categories?post=1534"},{"taxonomy":"post_tag","embeddable":true,"href":"https:\/\/www.bbyhaber.com\/bby\/wp-json\/wp\/v2\/tags?post=1534"}],"curies":[{"name":"wp","href":"https:\/\/api.w.org\/{rel}","templated":true}]}}