{"id":15327,"date":"2014-11-12T16:40:48","date_gmt":"2014-11-12T14:40:48","guid":{"rendered":"http:\/\/www.bbyhaber.com\/bby\/?p=15327"},"modified":"2014-11-12T16:40:48","modified_gmt":"2014-11-12T14:40:48","slug":"kutuphanede-kameraya-gerek-yok","status":"publish","type":"post","link":"https:\/\/www.bbyhaber.com\/bby\/2014\/11\/12\/kutuphanede-kameraya-gerek-yok","title":{"rendered":"K\u00fct\u00fcphanede kameraya gerek yok"},"content":{"rendered":"<p style=\"text-align: justify;\"><img loading=\"lazy\" decoding=\"async\" class=\"alignleft\" src=\"http:\/\/img.hurriyet.com.tr\/_np\/7105\/26697105.jpg\" alt=\"\" width=\"250\" height=\"150\" \/>Bart\u0131n Valisi Seyfettin Azizo\u011flu, Ulus \u0130l\u00e7esi\u2019nde halk k\u00fct\u00fcphanesini gezerken, &#8220;Kitab\u0131 alan als\u0131n. Kitaba ihtiyac\u0131 vard\u0131r, alm\u0131\u015ft\u0131r, okuyordur. Burada kameraya gerek yok&#8221; diyerek, g\u00fcvenlik kameralar\u0131n\u0131n kald\u0131r\u0131lmas\u0131n\u0131 istedi Vali Seyfettin Azizo\u011flu, \u0130l K\u00fclt\u00fcr ve Turizm M\u00fcd\u00fcrl\u00fc\u011f\u00fc\u2019ne ba\u011fl\u0131 Ulus \u0130l\u00e7e Halk K\u00fct\u00fcphanesi\u2019ni gezdi. K\u00fct\u00fcphane M\u00fcd\u00fcr\u00fc \u0130smail Akman\u2019dan bilgi alan Vali Azizo\u011flu, k\u00fct\u00fcphanenin ara\u015ft\u0131rma b\u00f6l\u00fcm\u00fcn\u00fc gezerken g\u00fcvenlik kameralar\u0131n\u0131 fark etti.<!--more--><\/p>\n<p style=\"text-align: justify;\">Bunlard\u0131n h\u0131rs\u0131zl\u0131k olaylar\u0131na kar\u015f\u0131 konuldu\u011funu \u00f6\u011frenen Vali Azizo\u011flu, &#8220;Kitab\u0131 alan als\u0131n. Kitab\u0131 \u00e7almas\u0131 da olmaz. Kitaba ihtiyac\u0131 vard\u0131r, alm\u0131\u015ft\u0131r, okuyordur. Als\u0131n okusun. Burada kameraya gerek yok. Kitap insanlar\u0131n okumas\u0131 i\u00e7indir. Als\u0131n istifade etsinler. Kaybolur korkusuyla buray\u0131 \u00e7al\u0131\u015ft\u0131rmayal\u0131m. Kaybolsun, yenisini al\u0131p koyal\u0131m, zarar\u0131 yok&#8221; dedi.<\/p>\n<p style=\"text-align: justify;\">K\u00fct\u00fcphane M\u00fcd\u00fcr\u00fc \u0130smail Akman\u2019\u0131n &#8220;\u00d6yle menfi olaylar burada olmuyor say\u0131n Valim. Eskiden \u00f6yleydi&#8221; demesi \u00fczerine Vali Azizo\u011flu, &#8220;Bu g\u00fczel bina, bu kitaplar halkla, \u00e7ocukla bulu\u015fsun diye var. Bunun \u00f6n\u00fcndeki b\u00fct\u00fcn engelleri kald\u0131raca\u011f\u0131z&#8221; diye konu\u015ftu.<\/p>\n<p style=\"text-align: justify;\">Kaynak: http:\/\/www.hurriyet.com.tr\/<\/p>\n","protected":false},"excerpt":{"rendered":"<p>Bart\u0131n Valisi Seyfettin Azizo\u011flu, Ulus \u0130l\u00e7esi\u2019nde halk k\u00fct\u00fcphanesini gezerken, &#8220;Kitab\u0131 alan als\u0131n. Kitaba ihtiyac\u0131 vard\u0131r, alm\u0131\u015ft\u0131r, okuyordur. Burada kameraya gerek yok&#8221; diyerek, g\u00fcvenlik kameralar\u0131n\u0131n kald\u0131r\u0131lmas\u0131n\u0131 istedi Vali Seyfettin Azizo\u011flu, \u0130l K\u00fclt\u00fcr ve Turizm M\u00fcd\u00fcrl\u00fc\u011f\u00fc\u2019ne ba\u011fl\u0131 Ulus \u0130l\u00e7e Halk K\u00fct\u00fcphanesi\u2019ni gezdi. K\u00fct\u00fcphane M\u00fcd\u00fcr\u00fc \u0130smail Akman\u2019dan bilgi alan Vali Azizo\u011flu, k\u00fct\u00fcphanenin ara\u015ft\u0131rma b\u00f6l\u00fcm\u00fcn\u00fc gezerken g\u00fcvenlik kameralar\u0131n\u0131 fark [&hellip;]<\/p>\n","protected":false},"author":1,"featured_media":0,"comment_status":"open","ping_status":"open","sticky":false,"template":"","format":"standard","meta":{"footnotes":""},"categories":[1],"tags":[],"class_list":["post-15327","post","type-post","status-publish","format-standard","hentry","category-genel"],"_links":{"self":[{"href":"https:\/\/www.bbyhaber.com\/bby\/wp-json\/wp\/v2\/posts\/15327"}],"collection":[{"href":"https:\/\/www.bbyhaber.com\/bby\/wp-json\/wp\/v2\/posts"}],"about":[{"href":"https:\/\/www.bbyhaber.com\/bby\/wp-json\/wp\/v2\/types\/post"}],"author":[{"embeddable":true,"href":"https:\/\/www.bbyhaber.com\/bby\/wp-json\/wp\/v2\/users\/1"}],"replies":[{"embeddable":true,"href":"https:\/\/www.bbyhaber.com\/bby\/wp-json\/wp\/v2\/comments?post=15327"}],"version-history":[{"count":0,"href":"https:\/\/www.bbyhaber.com\/bby\/wp-json\/wp\/v2\/posts\/15327\/revisions"}],"wp:attachment":[{"href":"https:\/\/www.bbyhaber.com\/bby\/wp-json\/wp\/v2\/media?parent=15327"}],"wp:term":[{"taxonomy":"category","embeddable":true,"href":"https:\/\/www.bbyhaber.com\/bby\/wp-json\/wp\/v2\/categories?post=15327"},{"taxonomy":"post_tag","embeddable":true,"href":"https:\/\/www.bbyhaber.com\/bby\/wp-json\/wp\/v2\/tags?post=15327"}],"curies":[{"name":"wp","href":"https:\/\/api.w.org\/{rel}","templated":true}]}}