{"id":15313,"date":"2014-11-11T16:06:12","date_gmt":"2014-11-11T14:06:12","guid":{"rendered":"http:\/\/www.bbyhaber.com\/bby\/?p=15313"},"modified":"2014-11-27T09:51:05","modified_gmt":"2014-11-27T07:51:05","slug":"bbycilerkadroistiyor-sen-de-destek-ol-%e2%80%8ebbykadroistiyor","status":"publish","type":"post","link":"https:\/\/www.bbyhaber.com\/bby\/2014\/11\/11\/bbycilerkadroistiyor-sen-de-destek-ol-%e2%80%8ebbykadroistiyor","title":{"rendered":"BBY&#8217;ciler kadro istiyor, sen de destek ol #\u200ebbykadroistiyor"},"content":{"rendered":"<p style=\"text-align: justify;\"><img loading=\"lazy\" decoding=\"async\" class=\"alignleft\" src=\"http:\/\/www.bbyhaber.com\/bby\/wp-content\/uploads\/dosyalar\/kpss\/resimler\/bbykpss.jpg\" alt=\"\" width=\"153\" height=\"153\" \/><a title=\"2014\/2 Atama Yap\u0131lacak BBY Kadro, Kurum ve \u00dcnvan Listesi\" href=\"http:\/\/www.bbyhaber.com\/bby\/2014\/11\/10\/20142-atama-yapilacak-bby-kadro-kurum-ve-unvan-listesi\/\">Devlet Personel Ba\u015fkanl\u0131\u011f\u0131 (DPB) kadrolar\u0131 a\u00e7\u0131klad\u0131.<\/a> Bilgi ve Belge Y\u00f6netimine (BBY) sadece 9 kadro a\u00e7\u0131lm\u0131\u015ft\u0131r. Kadrolar kurum baz\u0131nda de\u011ferlendirildi\u011finde ise ortaya garip bir tablo \u00e7\u0131km\u0131\u015ft\u0131r. Her y\u0131l k\u00fct\u00fcphaneci al\u0131m\u0131 yapan K\u00fclt\u00fcr ve Turizm Bakanl\u0131\u011f\u0131 bu al\u0131mlarda hi\u00e7bir kadro a\u00e7mam\u0131\u015ft\u0131r. \u00dclke genelinde en \u00e7ok k\u00fct\u00fcphaneci ihtiyac\u0131 olan bir kurumun hi\u00e7bir kadro a\u00e7mamas\u0131, kadro bekleyen binlerce BBY mezunu meslekta\u015f\u0131m\u0131z\u0131 olumsuz etkilemi\u015ftir.<!--more--><\/p>\n<p style=\"text-align: justify;\">A\u015fa\u011f\u0131daki tablo ve grafikte 2006-2014\/2 y\u0131llar\u0131na ait BBY b\u00f6l\u00fcm\u00fcne a\u00e7\u0131lan kadro say\u0131lar\u0131 verilmi\u015ftir. Tablo ve grafik incelendi\u011finde K\u00fclt\u00fcr ve Turizm Bakanl\u0131\u011f\u0131\u2019n\u0131n ve \u00dcniversitelerin <strong>k\u00fct\u00fcphaneci<\/strong> al\u0131mlar\u0131ndaki aniden d\u00fc\u015f\u00fc\u015f\u00fcn\u00fc g\u00f6rmeniz m\u00fcmk\u00fcn olacakt\u0131r. K\u00fclt\u00fcr ve Turizm Bakanl\u0131\u011f\u0131\u00a0en \u00e7ok al\u0131m\u0131 2006 y\u0131l\u0131nda yapm\u0131\u015ft\u0131r, toplam 95 adet; bunu 2012 y\u0131l\u0131 izlemi\u015ftir, toplam 60; ve en az al\u0131m 2009, toplam 4; <strong>hi\u00e7 al\u0131m yapmad\u0131\u011f\u0131 y\u0131l ise 2014-2 olarak g\u00f6r\u00fclmektedir<\/strong>. Di\u011fer kurumlar\u0131 a\u015fa\u011f\u0131daki tablo ve grafikten analiz edebilirsiniz.<\/p>\n<p style=\"text-align: justify;\"><a href=\"http:\/\/www.bbyhaber.com\/bby\/wp-content\/uploads\/2014\/11\/yillara-gore-bby-kadro-dagilimlari-tb.jpg\"><img loading=\"lazy\" decoding=\"async\" class=\"alignnone\" src=\"http:\/\/www.bbyhaber.com\/bby\/wp-content\/uploads\/2014\/11\/yillara-gore-bby-kadro-dagilimlari-tb.jpg\" alt=\"\" width=\"550\" height=\"300\" \/><\/a><\/p>\n<p style=\"text-align: justify;\"><a href=\"http:\/\/www.bbyhaber.com\/bby\/wp-content\/uploads\/2014\/11\/yillara-gore-bby-kadro-dagilimlari.jpg\"><img loading=\"lazy\" decoding=\"async\" class=\"alignnone\" src=\"http:\/\/www.bbyhaber.com\/bby\/wp-content\/uploads\/2014\/11\/yillara-gore-bby-kadro-dagilimlari.jpg\" alt=\"\" width=\"550\" height=\"300\" \/><\/a><\/p>\n<p style=\"text-align: justify;\"><a href=\"http:\/\/www.memurlar.net\/common\/news\/documents\/487422\/20141023-5-1.pdf\" target=\"_blank\">23 Ekim 2014 tarihinde yay\u0131nlanan<\/a> kurumlar\u0131n bo\u015f-dolu kadro da\u011f\u0131l\u0131mlar\u0131 incelendi\u011finde, K\u00fclt\u00fcr ve Turizm Bakanl\u0131\u011f\u0131&#8217;n\u0131n yap\u0131lmas\u0131 uygun g\u00f6r\u00fclen bo\u015f kadro de\u011fi\u015fikli\u011finde 35 k\u00fct\u00fcphaneciye ihtiya\u00e7 duydu\u011fu g\u00f6r\u00fclmektedir; fakat bu al\u0131mlarda bu ihtiya\u00e7lar\u0131n\u0131 belirtmemi\u015flerdir, ne zaman alacaklarida belirli de\u011fildir. Umar\u0131z bir sonraki al\u0131mlarda kadro a\u00e7\u0131klar\u0131n\u0131 doldurmaya \u00e7al\u0131\u015f\u0131rlar ve meslekta\u015flar\u0131m\u0131z da bir an \u00f6nce atan\u0131rlar.<\/p>\n<p style=\"text-align: justify;\">Bir sonraki al\u0131mlar i\u00e7in sosyal medya \u00fczerinden ilgili kurumlara bask\u0131 kuran ve bu platformlar \u00fczerinden \u00f6rg\u00fctlenmeye \u00e7al\u0131\u015fan meslekta\u015flar\u0131m\u0131z daha \u00e7ok ki\u015fiye ula\u015fmak ve seslerini duyurmak istemektedirler ve bu do\u011frultuda a\u015fa\u011f\u0131daki hashtagler ile bir araya gelmektedirler.<\/p>\n<p style=\"text-align: justify;\"><span style=\"color: #ff0000;\"><strong><a href=\"https:\/\/www.change.org\/p\/%C3%B6mer-%C3%A7elik-bby-ciler-kadro-istiyor-sen-de-destek-ol-bbykadroistiyor\" target=\"_blank\"><span style=\"color: #ff0000;\">\u0130MZA kampanyas\u0131 ba\u015flat\u0131lm\u0131\u015ft\u0131r, sen de imzala!!!<\/span><\/a><\/strong><\/span><\/p>\n<p style=\"text-align: justify;\"><a title=\"BBY Son Kadrolar \u0130\u00e7in Dilek\u00e7e Kampanyas\u0131\" href=\"http:\/\/www.bbyhaber.com\/bby\/2014\/11\/15\/bbysonkadrolar-icin-dilekce-kampanyasi\/\"><span style=\"color: #ff0000;\"><strong>D\u0130LEK\u00c7E Kampanyas\u0131 i\u00e7in t\u0131klay\u0131n\u0131z<\/strong><\/span><\/a><\/p>\n<p style=\"text-align: justify;\">Siz de bu birlikteli\u011fe kat\u0131lmak isterseniz a\u015fa\u011f\u0131daki etiketler arac\u0131l\u0131\u011f\u0131 ile twitterdan destek verebilirsiniz.<\/p>\n<p style=\"text-align: justify;\"><span style=\"color: #0000ff;\"><a href=\"https:\/\/twitter.com\/hashtag\/bbykadroistiyor?src=hash\" target=\"_blank\"><span style=\"color: #0000ff;\">\u202a#\u200ebbykadroistiyor<\/span><\/a><\/span><\/p>\n<p style=\"text-align: justify;\">\u00a0<a href=\"https:\/\/www.facebook.com\/hashtag\/k%C3%BCt%C3%BCphanecilerkadroistiyor?source=feed_text\">\u202a#\u200eK\u00fct\u00fcphanecilerKadro\u0130stiyor<\/a><a href=\"https:\/\/www.facebook.com\/hashtag\/k%C3%BCt%C3%BCphanelerek%C3%BCt%C3%BCphanecigerek?source=feed_text\" data-ft=\"{&quot;tn&quot;:&quot;*N&quot;,&quot;type&quot;:104}\">\u202a<\/a><\/p>\n<p style=\"text-align: justify;\"><a href=\"https:\/\/www.facebook.com\/hashtag\/k%C3%BCt%C3%BCphanelerek%C3%BCt%C3%BCphanecigerek?source=feed_text\" data-ft=\"{&quot;tn&quot;:&quot;*N&quot;,&quot;type&quot;:104}\">#\u200eK\u00fct\u00fcphanelereK\u00fct\u00fcphaneciGerek<\/a><\/p>\n<p style=\"text-align: justify;\">\u00a0<a href=\"https:\/\/www.facebook.com\/hashtag\/k%C3%BCt%C3%BCphanecisizk%C3%BCt%C3%BCphaneolmaz?source=feed_text\" data-ft=\"{&quot;tn&quot;:&quot;*N&quot;,&quot;type&quot;:104}\">\u202a#\u200eK\u00fct\u00fcphanecisizK\u00fct\u00fcphaneOlmaz<\/a>\u00a0<a href=\"https:\/\/www.facebook.com\/hashtag\/niteliklik%C3%BCt%C3%BCphaneleristiyoruz?source=feed_text\">\u202a<\/a><\/p>\n<p style=\"text-align: justify;\"><a href=\"https:\/\/www.facebook.com\/hashtag\/niteliklik%C3%BCt%C3%BCphaneleristiyoruz?source=feed_text\">#\u200eNitelikliK\u00fct\u00fcphaneler\u0130stiyoruz<\/a><\/p>\n<p style=\"text-align: justify;\"><em>Not: Yukar\u0131daki istatistiki veriler \u00d6SYM&#8217;nin tercih d\u00f6nemlerinde yay\u0131nlad\u0131\u011f\u0131 k\u0131lavuzlardan derlenmi\u015ftir.<\/em><\/p>\n","protected":false},"excerpt":{"rendered":"<p>Devlet Personel Ba\u015fkanl\u0131\u011f\u0131 (DPB) kadrolar\u0131 a\u00e7\u0131klad\u0131. Bilgi ve Belge Y\u00f6netimine (BBY) sadece 9 kadro a\u00e7\u0131lm\u0131\u015ft\u0131r. Kadrolar kurum baz\u0131nda de\u011ferlendirildi\u011finde ise ortaya garip bir tablo \u00e7\u0131km\u0131\u015ft\u0131r. Her y\u0131l k\u00fct\u00fcphaneci al\u0131m\u0131 yapan K\u00fclt\u00fcr ve Turizm Bakanl\u0131\u011f\u0131 bu al\u0131mlarda hi\u00e7bir kadro a\u00e7mam\u0131\u015ft\u0131r. \u00dclke genelinde en \u00e7ok k\u00fct\u00fcphaneci ihtiyac\u0131 olan bir kurumun hi\u00e7bir kadro a\u00e7mamas\u0131, kadro bekleyen binlerce BBY [&hellip;]<\/p>\n","protected":false},"author":1,"featured_media":0,"comment_status":"open","ping_status":"open","sticky":false,"template":"","format":"standard","meta":{"footnotes":""},"categories":[1511,31],"tags":[533,627,1398],"class_list":["post-15313","post","type-post","status-publish","format-standard","hentry","category-2014-bby-kpss","category-bbykpss","tag-2014-1-bby-kpss-kadrolari","tag-2014-2-bby-kpss-kadrolari","tag-bby-ozluk-haklari"],"_links":{"self":[{"href":"https:\/\/www.bbyhaber.com\/bby\/wp-json\/wp\/v2\/posts\/15313"}],"collection":[{"href":"https:\/\/www.bbyhaber.com\/bby\/wp-json\/wp\/v2\/posts"}],"about":[{"href":"https:\/\/www.bbyhaber.com\/bby\/wp-json\/wp\/v2\/types\/post"}],"author":[{"embeddable":true,"href":"https:\/\/www.bbyhaber.com\/bby\/wp-json\/wp\/v2\/users\/1"}],"replies":[{"embeddable":true,"href":"https:\/\/www.bbyhaber.com\/bby\/wp-json\/wp\/v2\/comments?post=15313"}],"version-history":[{"count":0,"href":"https:\/\/www.bbyhaber.com\/bby\/wp-json\/wp\/v2\/posts\/15313\/revisions"}],"wp:attachment":[{"href":"https:\/\/www.bbyhaber.com\/bby\/wp-json\/wp\/v2\/media?parent=15313"}],"wp:term":[{"taxonomy":"category","embeddable":true,"href":"https:\/\/www.bbyhaber.com\/bby\/wp-json\/wp\/v2\/categories?post=15313"},{"taxonomy":"post_tag","embeddable":true,"href":"https:\/\/www.bbyhaber.com\/bby\/wp-json\/wp\/v2\/tags?post=15313"}],"curies":[{"name":"wp","href":"https:\/\/api.w.org\/{rel}","templated":true}]}}