{"id":15310,"date":"2014-11-11T14:42:11","date_gmt":"2014-11-11T12:42:11","guid":{"rendered":"http:\/\/www.bbyhaber.com\/bby\/?p=15310"},"modified":"2015-08-18T09:19:46","modified_gmt":"2015-08-18T06:19:46","slug":"uluslararasi-katip-celebi-sempozyumu7-8-mart-2015istanbul","status":"publish","type":"post","link":"https:\/\/www.bbyhaber.com\/bby\/2014\/11\/11\/uluslararasi-katip-celebi-sempozyumu7-8-mart-2015istanbul","title":{"rendered":"Uluslararas\u0131 K\u00e2tip \u00c7elebi Sempozyumu,7-8 Mart 2015,\u0130stanbul"},"content":{"rendered":"<p style=\"text-align: justify;\">\u0130SAM, \u0130SAR ve Kahire Yazma Eserler Enstit\u00fcs\u00fc (Ma\u2019hed\u00fc\u2019l-Maht\u00fbt\u00e2ti\u2019l-Arabiyye) i\u015fbirli\u011fiyle <strong>7-8 Mart 2015<\/strong> tarihlerinde \u0130SAM\u2019da d\u00fczenlenecek olan <span style=\"color: #ff0000;\"><strong>K\u00e2tip \u00c7elebi: \u0130sl\u00e2m Medeniyeti\u0092nde Bibliyografya ve \u0130limler Tasnifi<\/strong><\/span> ba\u015fl\u0131kl\u0131 sempozyum i\u00e7in bildiri \u00f6zeti kabulleri ba\u015flam\u0131\u015ft\u0131r. Bildiri \u00f6zetleri i\u00e7in son g\u00f6nderim tarihi <strong>30 Kas\u0131m 2014\u2019t\u00fcr. <\/strong>Sempozyum, \u201c<strong>\u0130slam Bibliyografya ve \u0130limler Tasnifi<\/strong>\u201d ile ili\u015fkili her konudaki \u00e7al\u0131\u015fmalara a\u00e7\u0131kt\u0131r. Bununla birlikte a\u015fa\u011f\u0131daki ba\u015fl\u0131klar sempozyumda \u00fczerinde durulmas\u0131 hedeflenen temel konular olacakt\u0131r:<!--more--><\/p>\n<p style=\"text-align: justify;\">\u0130slam medeniyetinde <strong>bibliyografya<\/strong> gelene\u011finin olu\u015fumu ve geli\u015fimi<br \/>\n\u0130slam ilim gelene\u011finde ilimlerin tasnifi ve \u00f6nemi<br \/>\n\u0130slam ilimler tasnifi ve <strong>bibliyografya<\/strong> gelene\u011finin \u00f6nemli m\u00fcellifleri ve eserleri<br \/>\nG\u00fcn\u00fcm\u00fczde <strong>bibliyografya<\/strong> disiplinin temel meseleleri<br \/>\n\u0130slam <strong>bibliyografya<\/strong> \u00e7al\u0131\u015fmalar\u0131n\u0131n g\u00fcn\u00fcm\u00fczde kullan\u0131labilirli\u011fi<br \/>\nK\u00e2tip \u00c7elebi\u2019nin ilmi \u015fahsiyeti<br \/>\nK\u00e2tip \u00c7elebi\u2019nin<strong> bibliyografya<\/strong> ve ilimler tasnifine yapt\u0131\u011f\u0131 katk\u0131lar<br \/>\nKe\u015ff\u00fc\u2019z- z\u00fcn\u00fbn ve <strong>bibliyografya<\/strong> gelene\u011findeki yeri<br \/>\nK\u00e2tip \u00c7elebi\u2019nin eserlerinin g\u00fcn\u00fcm\u00fcze kazand\u0131r\u0131lmas\u0131n\u0131n imk\u00e2nlar\u0131<br \/>\nKe\u015ff\u00fc\u2019z- z\u00fcn\u00fbn\u2019un haz\u0131rland\u0131\u011f\u0131 zamandan bu yana telif edilmi\u015f yeni \u00e7al\u0131\u015fmalarla g\u00fcncellenmesi<\/p>\n<p style=\"text-align: justify;\">Sempozyum \u0130stanbul\u2019da ger\u00e7ekle\u015ftirilecektir. Sempozyum dili T\u00fcrk\u00e7e, \u0130ngilizce ve Arap\u00e7a\u2019d\u0131r. Bildiri \u00f6zetleri en fazla 250 kelime olarak d\u00fczenlenmelidir.<\/p>\n<p style=\"text-align: justify;\">\u00d6zetlerinizi 30 Kas\u0131m 2014 tarihine kadar iletisim@katipcelebi.info adresine g\u00f6nderebilirsiniz.<\/p>\n<p style=\"text-align: justify;\"><a href=\"http:\/\/katipcelebi.info\/tr\/\" target=\"_blank\"><span style=\"color: #3366ff;\">Sempozyum web sayfas\u0131 i\u00e7in t\u0131klay\u0131n\u0131z<\/span><\/a><\/p>\n","protected":false},"excerpt":{"rendered":"<p>\u0130SAM, \u0130SAR ve Kahire Yazma Eserler Enstit\u00fcs\u00fc (Ma\u2019hed\u00fc\u2019l-Maht\u00fbt\u00e2ti\u2019l-Arabiyye) i\u015fbirli\u011fiyle 7-8 Mart 2015 tarihlerinde \u0130SAM\u2019da d\u00fczenlenecek olan K\u00e2tip \u00c7elebi: \u0130sl\u00e2m Medeniyeti\u0092nde Bibliyografya ve \u0130limler Tasnifi ba\u015fl\u0131kl\u0131 sempozyum i\u00e7in bildiri \u00f6zeti kabulleri ba\u015flam\u0131\u015ft\u0131r. Bildiri \u00f6zetleri i\u00e7in son g\u00f6nderim tarihi 30 Kas\u0131m 2014\u2019t\u00fcr. Sempozyum, \u201c\u0130slam Bibliyografya ve \u0130limler Tasnifi\u201d ile ili\u015fkili her konudaki \u00e7al\u0131\u015fmalara a\u00e7\u0131kt\u0131r. Bununla birlikte a\u015fa\u011f\u0131daki [&hellip;]<\/p>\n","protected":false},"author":1,"featured_media":0,"comment_status":"open","ping_status":"open","sticky":false,"template":"","format":"standard","meta":{"footnotes":""},"categories":[],"tags":[1395],"class_list":["post-15310","post","type-post","status-publish","format-standard","hentry","tag-bby-mesleki-etkinlikler-arsivi"],"_links":{"self":[{"href":"https:\/\/www.bbyhaber.com\/bby\/wp-json\/wp\/v2\/posts\/15310"}],"collection":[{"href":"https:\/\/www.bbyhaber.com\/bby\/wp-json\/wp\/v2\/posts"}],"about":[{"href":"https:\/\/www.bbyhaber.com\/bby\/wp-json\/wp\/v2\/types\/post"}],"author":[{"embeddable":true,"href":"https:\/\/www.bbyhaber.com\/bby\/wp-json\/wp\/v2\/users\/1"}],"replies":[{"embeddable":true,"href":"https:\/\/www.bbyhaber.com\/bby\/wp-json\/wp\/v2\/comments?post=15310"}],"version-history":[{"count":0,"href":"https:\/\/www.bbyhaber.com\/bby\/wp-json\/wp\/v2\/posts\/15310\/revisions"}],"wp:attachment":[{"href":"https:\/\/www.bbyhaber.com\/bby\/wp-json\/wp\/v2\/media?parent=15310"}],"wp:term":[{"taxonomy":"category","embeddable":true,"href":"https:\/\/www.bbyhaber.com\/bby\/wp-json\/wp\/v2\/categories?post=15310"},{"taxonomy":"post_tag","embeddable":true,"href":"https:\/\/www.bbyhaber.com\/bby\/wp-json\/wp\/v2\/tags?post=15310"}],"curies":[{"name":"wp","href":"https:\/\/api.w.org\/{rel}","templated":true}]}}