{"id":15307,"date":"2014-11-11T11:42:43","date_gmt":"2014-11-11T09:42:43","guid":{"rendered":"http:\/\/www.bbyhaber.com\/bby\/?p=15307"},"modified":"2014-11-11T11:42:43","modified_gmt":"2014-11-11T09:42:43","slug":"kutuphaneyi-kapatip-muze-yapiyorlar","status":"publish","type":"post","link":"https:\/\/www.bbyhaber.com\/bby\/2014\/11\/11\/kutuphaneyi-kapatip-muze-yapiyorlar","title":{"rendered":"K\u00fct\u00fcphaneyi kapat\u0131p m\u00fcze yap\u0131yorlar"},"content":{"rendered":"<p style=\"text-align: justify;\"><img loading=\"lazy\" decoding=\"async\" class=\"alignleft\" src=\"http:\/\/www.gazianteppusula.com\/haber\/28777\/11112014-082357.jpg\" alt=\"\" width=\"284\" height=\"142\" \/>\u015eahinbey \u0130l\u00e7e Halk K\u00fct\u00fcphanesi, Gaziantep T\u0131p M\u00fczesi oluyor. Gaziantep B\u00fcy\u00fck\u015fehir Belediyesi, Haluk Perk M\u00fczesi ve Sanko \u00dcniversitesi aras\u0131nda \u00f6n\u00fcm\u00fczdeki g\u00fcnlerde protokol imzalanacak.\u00a0B\u00fcy\u00fck\u015fehir Belediyesi Meclisi Kas\u0131m Ay\u0131 Toplant\u0131s\u0131n\u0131n 1. Birle\u015fimi ve GASK\u0130 Genel Kurulu 2014 y\u0131l\u0131 Kas\u0131m Ay\u0131 Toplant\u0131s\u0131 1. Birle\u015fimi d\u00fcn ger\u00e7ekle\u015ftirildi. T\u00fcrkiye Cumhuriyeti&#8217;nin kurucusu ulu \u00f6nder Mustafa Kemal Atat\u00fcrk, ebediyete intikalinin 76. Y\u0131ld\u00f6n\u00fcm\u00fc m\u00fcnasebetiyle bir dakika sayg\u0131 duru\u015funda bulunuldu. B\u00fcy\u00fck\u015fehir Belediyesi Meclisi\u2019nde 57 madde g\u00f6r\u00fc\u015f\u00fclerek komisyonlara havale edildi.<!--more--><\/p>\n<p style=\"text-align: justify;\">CHP\u2019li T\u00fcrk ve Demirel kar\u015f\u0131 \u00e7\u0131kt\u0131<\/p>\n<p style=\"text-align: justify;\">Gaziantep B\u00fcy\u00fck\u015fehir Belediyesi, Haluk Perk M\u00fczesi ve Sanko \u00dcniversitesi aras\u0131nda \u00f6n\u00fcm\u00fczdeki g\u00fcnlerde imzalanacak olan protokolden sonra \u015eahinbey \u0130l\u00e7e Halk K\u00fct\u00fcphanesi,\u00a0 Gaziantep T\u0131p M\u00fczesi olacak. \u015eahinbey Belediye Meclisi\u2019nde CHP\u2019liler kar\u015f\u0131 \u00e7\u0131kt\u0131\u011f\u0131 madde d\u00fcn B\u00fcy\u00fck\u015fehir Meclisi\u2019ne geldi. B\u00fcy\u00fck\u015fehir Belediyesi Meclisi Kas\u0131m Ay\u0131 Toplant\u0131s\u0131n\u0131n 1. Birle\u015fimi\u2019nin 2. Maddesi olarak g\u00fcndeme gelen konu, g\u00f6r\u00fc\u015f\u00fclmek \u00fczere Plan B\u00fct\u00e7e Komisyonu\u2019na havale edildi. CHP\u2019li meclis \u00fcyeleri Hasan T\u00fcrk ve Mahmut Demirel, <strong>\u015eahinbey \u0130l\u00e7e Halk K\u00fct\u00fcphanesi\u2019nin Gaziantep T\u0131p M\u00fczesi olmas\u0131n\u0131n yanl\u0131\u015f oldu\u011funu savundular.<\/strong> <strong>K\u00fct\u00fcphanenin kapat\u0131larak, m\u00fczeye d\u00f6n\u00fc\u015ft\u00fcr\u00fclmesinin kabul edilemeyece\u011fini ifade eden T\u00fcrk ve Demirel, \u201c M\u00fcze yap\u0131ls\u0131n ama k\u00fct\u00fcphane kapat\u0131larak yap\u0131lmas\u0131n. K\u00fct\u00fcphane devam etsin m\u00fcze ba\u015fka bir yere yap\u0131ls\u0131n.<\/strong> Biz \u015eahinbey Meclisi\u2019nde bu maddeye hay\u0131r dedik. Burada da hay\u0131r diyece\u011fiz\u201d ifadelerini kulland\u0131lar.<\/p>\n<p style=\"text-align: justify;\">Kaynak: http:\/\/www.gazianteppusula.com<\/p>\n","protected":false},"excerpt":{"rendered":"<p>\u015eahinbey \u0130l\u00e7e Halk K\u00fct\u00fcphanesi, Gaziantep T\u0131p M\u00fczesi oluyor. Gaziantep B\u00fcy\u00fck\u015fehir Belediyesi, Haluk Perk M\u00fczesi ve Sanko \u00dcniversitesi aras\u0131nda \u00f6n\u00fcm\u00fczdeki g\u00fcnlerde protokol imzalanacak.\u00a0B\u00fcy\u00fck\u015fehir Belediyesi Meclisi Kas\u0131m Ay\u0131 Toplant\u0131s\u0131n\u0131n 1. Birle\u015fimi ve GASK\u0130 Genel Kurulu 2014 y\u0131l\u0131 Kas\u0131m Ay\u0131 Toplant\u0131s\u0131 1. Birle\u015fimi d\u00fcn ger\u00e7ekle\u015ftirildi. T\u00fcrkiye Cumhuriyeti&#8217;nin kurucusu ulu \u00f6nder Mustafa Kemal Atat\u00fcrk, ebediyete intikalinin 76. Y\u0131ld\u00f6n\u00fcm\u00fc m\u00fcnasebetiyle [&hellip;]<\/p>\n","protected":false},"author":1,"featured_media":0,"comment_status":"open","ping_status":"open","sticky":false,"template":"","format":"standard","meta":{"footnotes":""},"categories":[1,1582],"tags":[],"class_list":["post-15307","post","type-post","status-publish","format-standard","hentry","category-genel","category-kapali-kutuphaneler"],"_links":{"self":[{"href":"https:\/\/www.bbyhaber.com\/bby\/wp-json\/wp\/v2\/posts\/15307"}],"collection":[{"href":"https:\/\/www.bbyhaber.com\/bby\/wp-json\/wp\/v2\/posts"}],"about":[{"href":"https:\/\/www.bbyhaber.com\/bby\/wp-json\/wp\/v2\/types\/post"}],"author":[{"embeddable":true,"href":"https:\/\/www.bbyhaber.com\/bby\/wp-json\/wp\/v2\/users\/1"}],"replies":[{"embeddable":true,"href":"https:\/\/www.bbyhaber.com\/bby\/wp-json\/wp\/v2\/comments?post=15307"}],"version-history":[{"count":0,"href":"https:\/\/www.bbyhaber.com\/bby\/wp-json\/wp\/v2\/posts\/15307\/revisions"}],"wp:attachment":[{"href":"https:\/\/www.bbyhaber.com\/bby\/wp-json\/wp\/v2\/media?parent=15307"}],"wp:term":[{"taxonomy":"category","embeddable":true,"href":"https:\/\/www.bbyhaber.com\/bby\/wp-json\/wp\/v2\/categories?post=15307"},{"taxonomy":"post_tag","embeddable":true,"href":"https:\/\/www.bbyhaber.com\/bby\/wp-json\/wp\/v2\/tags?post=15307"}],"curies":[{"name":"wp","href":"https:\/\/api.w.org\/{rel}","templated":true}]}}