{"id":15294,"date":"2014-11-10T00:31:47","date_gmt":"2014-11-09T21:31:47","guid":{"rendered":"http:\/\/www.bbyhaber.com\/bby\/?p=15294"},"modified":"2014-11-18T11:23:27","modified_gmt":"2014-11-18T09:23:27","slug":"bby-ogrencilerinin-mesleki-egitim-algisi","status":"publish","type":"post","link":"https:\/\/www.bbyhaber.com\/bby\/2014\/11\/10\/bby-ogrencilerinin-mesleki-egitim-algisi","title":{"rendered":"BBY \u00d6\u011frencilerinin Mesleki E\u011fitim Alg\u0131s\u0131"},"content":{"rendered":"<p style=\"text-align: justify;\"><a href=\"http:\/\/www.bbyhaber.com\/bby\/wp-content\/uploads\/2014\/11\/bby-forum.jpg\"><img loading=\"lazy\" decoding=\"async\" class=\"alignleft\" src=\"http:\/\/www.bbyhaber.com\/bby\/wp-content\/uploads\/2014\/11\/bby-forum.jpg\" alt=\"\" width=\"151\" height=\"150\" \/><\/a>Ankara \u00dcniversitesi DTCF BBY B\u00f6l\u00fcm\u00fc 60.Y\u0131l Sempozyumu kapsam\u0131nda \u00f6\u011frenci etkinli\u011fi olarak d\u00fczenlenecek olan <strong>BBY \u00d6\u011frencilerinin Mesleki E\u011fitim Alg\u0131s\u0131<\/strong> konulu forum sayesinde \u00f6\u011frencilerin mesleki e\u011fitimleri hakk\u0131nda fikir ve d\u00fc\u015f\u00fcncelerini payla\u015fabilece\u011fi, al\u0131nan e\u011fitimin mesleki hayatta ne kadar etkili olaca\u011f\u0131, hangi meslek alanlar\u0131na y\u00f6nelinece\u011fi ve\u00a0 BBY mezunlar\u0131n\u0131n \u00e7al\u0131\u015fma alanlar\u0131n\u0131n nereler olaca\u011f\u0131 gibi konular\u0131n tart\u0131\u015f\u0131laca\u011f\u0131 etkinli\u011fe t\u00fcm \u00f6\u011frenciler davetlidir.<!--more--><\/p>\n<p style=\"text-align: justify;\">Etkinlik Tarih ve Saati: <strong>14 Kas\u0131m Saat 16:30<\/strong><\/p>\n<p style=\"text-align: justify;\">Yer: Ankara \u00dcniversitesi, Dil ve Tarih-Co\u011frafya Fak\u00fcltesi, Farabi Salonu<\/p>\n","protected":false},"excerpt":{"rendered":"<p>Ankara \u00dcniversitesi DTCF BBY B\u00f6l\u00fcm\u00fc 60.Y\u0131l Sempozyumu kapsam\u0131nda \u00f6\u011frenci etkinli\u011fi olarak d\u00fczenlenecek olan BBY \u00d6\u011frencilerinin Mesleki E\u011fitim Alg\u0131s\u0131 konulu forum sayesinde \u00f6\u011frencilerin mesleki e\u011fitimleri hakk\u0131nda fikir ve d\u00fc\u015f\u00fcncelerini payla\u015fabilece\u011fi, al\u0131nan e\u011fitimin mesleki hayatta ne kadar etkili olaca\u011f\u0131, hangi meslek alanlar\u0131na y\u00f6nelinece\u011fi ve\u00a0 BBY mezunlar\u0131n\u0131n \u00e7al\u0131\u015fma alanlar\u0131n\u0131n nereler olaca\u011f\u0131 gibi konular\u0131n tart\u0131\u015f\u0131laca\u011f\u0131 etkinli\u011fe t\u00fcm \u00f6\u011frenciler davetlidir.<\/p>\n","protected":false},"author":1,"featured_media":0,"comment_status":"open","ping_status":"open","sticky":false,"template":"","format":"standard","meta":{"footnotes":""},"categories":[1],"tags":[],"class_list":["post-15294","post","type-post","status-publish","format-standard","hentry","category-genel"],"_links":{"self":[{"href":"https:\/\/www.bbyhaber.com\/bby\/wp-json\/wp\/v2\/posts\/15294"}],"collection":[{"href":"https:\/\/www.bbyhaber.com\/bby\/wp-json\/wp\/v2\/posts"}],"about":[{"href":"https:\/\/www.bbyhaber.com\/bby\/wp-json\/wp\/v2\/types\/post"}],"author":[{"embeddable":true,"href":"https:\/\/www.bbyhaber.com\/bby\/wp-json\/wp\/v2\/users\/1"}],"replies":[{"embeddable":true,"href":"https:\/\/www.bbyhaber.com\/bby\/wp-json\/wp\/v2\/comments?post=15294"}],"version-history":[{"count":0,"href":"https:\/\/www.bbyhaber.com\/bby\/wp-json\/wp\/v2\/posts\/15294\/revisions"}],"wp:attachment":[{"href":"https:\/\/www.bbyhaber.com\/bby\/wp-json\/wp\/v2\/media?parent=15294"}],"wp:term":[{"taxonomy":"category","embeddable":true,"href":"https:\/\/www.bbyhaber.com\/bby\/wp-json\/wp\/v2\/categories?post=15294"},{"taxonomy":"post_tag","embeddable":true,"href":"https:\/\/www.bbyhaber.com\/bby\/wp-json\/wp\/v2\/tags?post=15294"}],"curies":[{"name":"wp","href":"https:\/\/api.w.org\/{rel}","templated":true}]}}