{"id":15288,"date":"2014-11-07T17:57:11","date_gmt":"2014-11-07T14:57:11","guid":{"rendered":"http:\/\/www.bbyhaber.com\/bby\/?p=15288"},"modified":"2014-12-31T10:30:11","modified_gmt":"2014-12-31T08:30:11","slug":"2015-kutuphaneler-takvimi-instagram-fotograf-yarismasi-kutuphanelertakvimi","status":"publish","type":"post","link":"https:\/\/www.bbyhaber.com\/bby\/2014\/11\/07\/2015-kutuphaneler-takvimi-instagram-fotograf-yarismasi-kutuphanelertakvimi","title":{"rendered":"2015 K\u00fct\u00fcphaneler Takvimi-Instagram Foto\u011fraf Yar\u0131\u015fmas\u0131 #kutuphanelertakvimi"},"content":{"rendered":"<p style=\"text-align: justify;\"><img loading=\"lazy\" decoding=\"async\" class=\"alignleft\" src=\"http:\/\/www.bbyhaber.com\/bby\/wp-content\/uploads\/2014\/11\/informascope.jpg\" alt=\"\" width=\"211\" height=\"108\" \/><strong>Informascope 2015 K\u00fct\u00fcphaneler Takvimi Instagram Foto\u011fraf Yar\u0131\u015fmas\u0131 Ba\u015flad\u0131!<\/strong> 6 Kas\u0131m-5 Aral\u0131k\u00a0 2014 tarihleri aras\u0131nda d\u00fczenlenecek yar\u0131\u015fma kapsam\u0131nda, k\u00fct\u00fcphane temal\u0131 foto\u011fraflar\u0131n\u0131z\u0131 <strong>#kutuphanelertakvimi<\/strong>\u00a0 ve <strong>#informascope<\/strong>\u00a0 etiketleri\u00a0 ile birlikte payla\u015f\u0131n, en \u00e7ok be\u011feni alan 12 foto\u011fraftan birinin sahibi olun ve kay\u0131t olan t\u00fcm k\u00fct\u00fcphanelere \u00fccretsiz ula\u015ft\u0131r\u0131lacak olan Informascope 2015\u00a0 K\u00fct\u00fcphaneler Takvimi&#8217;nde foto\u011fraf\u0131n\u0131z ile yer alma \u015fans\u0131n\u0131 yakalay\u0131n!<!--more--><\/p>\n<p style=\"text-align: justify;\"><strong>Instagram Foto\u011fraf\u00a0 Yar\u0131\u015fmas\u0131 Kat\u0131l\u0131m Ko\u015fullar\u0131<\/strong><\/p>\n<p style=\"text-align: justify;\">1. Informascope 2015 K\u00fct\u00fcphaneler Takvimi &#8211; Instagram Foto\u011fraf Yar\u0131\u015fmas\u0131, k\u00fct\u00fcphanelerden g\u00f6r\u00fcnt\u00fcler ana temas\u0131 ile 6 Kas\u0131m \u2013 5 Aral\u0131k 2014 tarihleri aras\u0131nda Informascope Instagram sayfas\u0131 \u00fczerinden ger\u00e7ekle\u015ftirilecektir.<\/p>\n<p style=\"text-align: justify;\">2. Yar\u0131\u015fma, 5 Aral\u0131k 2014 Cuma g\u00fcn\u00fc saat 17:00 itibariyle sona erecektir. \u0130lgilli tarih ve saat itibariyle instagram \u00fczerinde yer alan be\u011feni saya\u00e7lar\u0131 \u00fczerinde en \u00e7ok be\u011feni alan ilk 12 foto\u011fraf,\u00a0 Informascope 2015 K\u00fct\u00fcphaneler Takvimi&#8217;nde yer alacakt\u0131r.<\/p>\n<p style=\"text-align: justify;\">2. Yar\u0131\u015fmaya instagram hesab\u0131 olan herkes kat\u0131labilecektir. Kat\u0131l\u0131mc\u0131lar diledikleri say\u0131da foto\u011fraf ile kat\u0131l\u0131m sa\u011flayabilecektir.<\/p>\n<p style=\"text-align: justify;\">3. Yar\u0131\u015fmaya kat\u0131l\u0131m i\u00e7in g\u00f6nderilen foto\u011fraflarda mutlaka k\u00fct\u00fcphane temas\u0131n\u0131n yer almas\u0131 gerekmektedir.<\/p>\n<p style=\"text-align: justify;\">4. Foto\u011fraf\u0131n \u00e7ekildi\u011fi k\u00fct\u00fcphanenin ad\u0131 ve kat\u0131l\u0131m sa\u011flayan eser sahibinin ad\u0131 ve soyad\u0131 mutlaka g\u00f6nderide yer almal\u0131d\u0131r.<\/p>\n<p style=\"text-align: justify;\">5. Yar\u0131\u015fmaya kat\u0131l\u0131m i\u00e7in g\u00f6nderilen foto\u011fraflar, mutlaka #kutuphanelertakvimi ve #informascope etiketleri (hashtag) ile g\u00f6nderilmelidir.<\/p>\n<p style=\"text-align: justify;\">6.\u00a0 Kat\u0131l\u0131mc\u0131lar, g\u00f6nderdikleri foto\u011fraflar\u0131n en \u00e7ok be\u011feni alan 12 foto\u011fraf i\u00e7erisinde yer almas\u0131 durumunda, takvim bask\u0131 \u00e7al\u0131\u015fmalar\u0131nda kullan\u0131lmak \u00fczere y\u00fcksek \u00e7\u00f6z\u00fcn\u00fcrl\u00fckl\u00fc kopyalar\u0131n\u0131 Informascope\u2019ye elektronik ortamda ula\u015ft\u0131rmal\u0131d\u0131rlar.<\/p>\n<p style=\"text-align: justify;\">7. Kat\u0131l\u0131mc\u0131lar,\u00a0 #kutuphanelertakvimi ve #informascope etiketlerini (hashtag) birlikte\u00a0 kullanarak, Instagram \u00fczerinden payla\u015ft\u0131klar\u0131 foto\u011fraflara ili\u015fkin olarak\u00a0 Informascope\u2019ye, s\u00fcresiz, s\u0131n\u0131rs\u0131z ve \u00fccretsiz olarak, her t\u00fcrl\u00fc fikri ve s\u0131nai hakk\u0131 verdiklerini; kendilerinin ve\/veya \u00fc\u00e7\u00fcnc\u00fc ki\u015filerin, hi\u00e7bir hakk\u0131n\u0131n bulunmad\u0131\u011f\u0131n\u0131 kabul ve taahh\u00fct ederler.<\/p>\n<p style=\"text-align: justify;\">8. Yukar\u0131da belirtilen ko\u015fullar\u0131 sa\u011flamayan g\u00f6nderiler de\u011ferlendirme kapsam\u0131na al\u0131nmayacakt\u0131r.<\/p>\n<p style=\"text-align: justify;\">9. Kat\u0131l\u0131mc\u0131lar, yar\u0131\u015fma ile ilgili duyuru ve bilgilendirmeleri\u00a0 Informascope <a href=\"https:\/\/www.facebook.com\/informascope\" target=\"_blank\">Facebook<\/a> ve <a href=\"https:\/\/twitter.com\/informascope\" target=\"_blank\">Twitter<\/a> adreslerinden takip edebilirler.<\/p>\n<p style=\"text-align: justify;\"><strong>Informascope 2015 K\u00fct\u00fcphaneler Takvimi&#8217;nin size <span style=\"color: #3366ff;\">\u00fccretsiz ula\u015ft\u0131r\u0131lmas\u0131n\u0131<\/span> talep ediyorsan\u0131z kay\u0131t i\u00e7in <a href=\"http:\/\/www.informascope.com\/kayit.php\" target=\"_blank\"><span style=\"color: #3366ff;\">l\u00fctfen t\u0131klay\u0131n\u0131z<\/span><\/a>&#8230;<\/strong><\/p>\n","protected":false},"excerpt":{"rendered":"<p>Informascope 2015 K\u00fct\u00fcphaneler Takvimi Instagram Foto\u011fraf Yar\u0131\u015fmas\u0131 Ba\u015flad\u0131! 6 Kas\u0131m-5 Aral\u0131k\u00a0 2014 tarihleri aras\u0131nda d\u00fczenlenecek yar\u0131\u015fma kapsam\u0131nda, k\u00fct\u00fcphane temal\u0131 foto\u011fraflar\u0131n\u0131z\u0131 #kutuphanelertakvimi\u00a0 ve #informascope\u00a0 etiketleri\u00a0 ile birlikte payla\u015f\u0131n, en \u00e7ok be\u011feni alan 12 foto\u011fraftan birinin sahibi olun ve kay\u0131t olan t\u00fcm k\u00fct\u00fcphanelere \u00fccretsiz ula\u015ft\u0131r\u0131lacak olan Informascope 2015\u00a0 K\u00fct\u00fcphaneler Takvimi&#8217;nde foto\u011fraf\u0131n\u0131z ile yer alma \u015fans\u0131n\u0131 yakalay\u0131n!<\/p>\n","protected":false},"author":1,"featured_media":0,"comment_status":"open","ping_status":"open","sticky":false,"template":"","format":"standard","meta":{"footnotes":""},"categories":[1],"tags":[],"class_list":["post-15288","post","type-post","status-publish","format-standard","hentry","category-genel"],"_links":{"self":[{"href":"https:\/\/www.bbyhaber.com\/bby\/wp-json\/wp\/v2\/posts\/15288"}],"collection":[{"href":"https:\/\/www.bbyhaber.com\/bby\/wp-json\/wp\/v2\/posts"}],"about":[{"href":"https:\/\/www.bbyhaber.com\/bby\/wp-json\/wp\/v2\/types\/post"}],"author":[{"embeddable":true,"href":"https:\/\/www.bbyhaber.com\/bby\/wp-json\/wp\/v2\/users\/1"}],"replies":[{"embeddable":true,"href":"https:\/\/www.bbyhaber.com\/bby\/wp-json\/wp\/v2\/comments?post=15288"}],"version-history":[{"count":0,"href":"https:\/\/www.bbyhaber.com\/bby\/wp-json\/wp\/v2\/posts\/15288\/revisions"}],"wp:attachment":[{"href":"https:\/\/www.bbyhaber.com\/bby\/wp-json\/wp\/v2\/media?parent=15288"}],"wp:term":[{"taxonomy":"category","embeddable":true,"href":"https:\/\/www.bbyhaber.com\/bby\/wp-json\/wp\/v2\/categories?post=15288"},{"taxonomy":"post_tag","embeddable":true,"href":"https:\/\/www.bbyhaber.com\/bby\/wp-json\/wp\/v2\/tags?post=15288"}],"curies":[{"name":"wp","href":"https:\/\/api.w.org\/{rel}","templated":true}]}}