{"id":15269,"date":"2014-11-06T01:27:54","date_gmt":"2014-11-05T22:27:54","guid":{"rendered":"http:\/\/www.bbyhaber.com\/bby\/?p=15269"},"modified":"2015-01-12T13:47:39","modified_gmt":"2015-01-12T11:47:39","slug":"cevre-sehir-kutuphanesi-hizmete-girdi","status":"publish","type":"post","link":"https:\/\/www.bbyhaber.com\/bby\/2014\/11\/06\/cevre-sehir-kutuphanesi-hizmete-girdi","title":{"rendered":"\u00c7evre \u015fehir k\u00fct\u00fcphanesi hizmete girdi"},"content":{"rendered":"<p style=\"text-align: justify;\"><img loading=\"lazy\" decoding=\"async\" class=\"alignleft\" src=\"http:\/\/www.bbyhaber.com\/bby\/wp-content\/uploads\/2014\/11\/cevrevesehircilik.jpg\" alt=\"\" width=\"150\" height=\"100\" \/>\u00c7evre ve \u015eehircilik Bakan\u0131 \u0130dris G\u00fcll\u00fcce&#8217;nin talimat\u0131yla tez, doktora gibi akademik \u00e7al\u0131\u015fmalara destek sa\u011flamak amac\u0131yla,\u00a0\u00c7evre \u015eehir K\u00fct\u00fcphanesi\u00a0kuruldu. \u00c7evre ve \u015fehir alan\u0131nda 2 bine yak\u0131n kitab\u0131n yer ald\u0131\u011f\u0131 k\u00fct\u00fcphanede \u0130ngilizce ve Almanca eserlere de yer veriliyor. Kentsel d\u00f6n\u00fc\u015f\u00fcm ve \u00e7evre konular\u0131nda ba\u015far\u0131l\u0131 projelere imza atan\u00a0\u00c7evre ve \u015eehircilik Bakanl\u0131\u011f\u0131, bu alanlarda farkl\u0131 bir uygulamaya imza att\u0131. Uzun \u00e7al\u0131\u015fmalar sonucunda \u00fcniversitelerden, belediyelerden ve di\u011fer kurumlardan ba\u011f\u0131\u015f yoluyla elde etti\u011fi eserleri, kurdu\u011fu \u00c7evre \u015eehir K\u00fct\u00fcphanesi ile vatanda\u015flar\u0131n hizmetine sundu. Olu\u015fturulan k\u00fct\u00fcphane ile vatanda\u015flar bu alanlarda yay\u0131nlanm\u0131\u015f olan kitap, ara\u015ft\u0131rma tezleri, makaleler ve bir\u00e7ok kayna\u011fa rahatl\u0131kla ula\u015f\u0131labilecek.<!--more--><\/p>\n<p style=\"text-align: justify;\">\u0130NG\u0130L\u0130ZCE VE ALMANCA ESERLER<\/p>\n<p style=\"text-align: justify;\">2 bine yak\u0131n se\u00e7kin eserin yer ald\u0131\u011f\u0131 k\u00fct\u00fcphanede \u0130ngilizce ve Almanca eserlere de yer verildi. Ba\u011f\u0131\u015flar\u0131 ile her ge\u00e7en g\u00fcn kitap say\u0131s\u0131n\u0131 artt\u0131ran k\u00fct\u00fcphaneden yararlanmak isteyenler (http:\/\/www.cevresehirkutuphanesi.com) adresinden ula\u015fabilirler.<\/p>\n<p style=\"text-align: justify;\">VATANDA\u015e TELEFONUNDAN K\u0130TAP OKUYAB\u0130LECEK<\/p>\n<p style=\"text-align: justify;\">\u00c7evre ve \u015eehircilik Bakan\u0131 \u0130dris G\u00fcll\u00fcce,\u00a0<strong>&#8220;Kitap aramalarda ve k\u00fct\u00fcphane hizmetleri hakk\u0131nda detayl\u0131 bilgilerin yer ald\u0131\u011f\u0131 k\u00fct\u00fcphanenin web sayfas\u0131ndan online olarak kitaplar da okunabilecek. Android ve di\u011fer uygulamalar ile vatanda\u015f telefondan online olarak kitap okuyabilecek. Bu hizmetten t\u00fcm vatanda\u015flar\u0131m\u0131z\u0131n yararlanmas\u0131n\u0131 bekliyorum&#8221;<\/strong>\u00a0dedi.<\/p>\n<p style=\"text-align: justify;\">\u0130NTERNET, DVD VE OKUMA SALONLARI K\u00dcT\u00dcPHANE DE MEVCUT<\/p>\n<p style=\"text-align: justify;\">\u00c7evre ve \u015eehircilik alan\u0131nda tez, doktora \u00e7al\u0131\u015fmalar\u0131nda vatanda\u015fa b\u00fcy\u00fck katk\u0131 sa\u011flayacak olan k\u00fct\u00fcphanede okuma salonlar\u0131, internet, DVD ve g\u00fcnl\u00fck gazetelerden faydalanmak m\u00fcmk\u00fcn.<\/p>\n<p style=\"text-align: justify;\">Hafta i\u00e7i kitapseverleri bekleyen \u00c7evre \u015eehir K\u00fct\u00fcphanesi, Bakanl\u0131\u011fa ba\u011fl\u0131 T\u00fcrkiye \u00c7evre Koruma Vakf\u0131&#8217;nda bulunuyor.<\/p>\n<p style=\"text-align: justify;\">Kaynak: \u0130HA<\/p>\n","protected":false},"excerpt":{"rendered":"<p>\u00c7evre ve \u015eehircilik Bakan\u0131 \u0130dris G\u00fcll\u00fcce&#8217;nin talimat\u0131yla tez, doktora gibi akademik \u00e7al\u0131\u015fmalara destek sa\u011flamak amac\u0131yla,\u00a0\u00c7evre \u015eehir K\u00fct\u00fcphanesi\u00a0kuruldu. \u00c7evre ve \u015fehir alan\u0131nda 2 bine yak\u0131n kitab\u0131n yer ald\u0131\u011f\u0131 k\u00fct\u00fcphanede \u0130ngilizce ve Almanca eserlere de yer veriliyor. Kentsel d\u00f6n\u00fc\u015f\u00fcm ve \u00e7evre konular\u0131nda ba\u015far\u0131l\u0131 projelere imza atan\u00a0\u00c7evre ve \u015eehircilik Bakanl\u0131\u011f\u0131, bu alanlarda farkl\u0131 bir uygulamaya imza att\u0131. Uzun [&hellip;]<\/p>\n","protected":false},"author":129,"featured_media":0,"comment_status":"open","ping_status":"open","sticky":false,"template":"","format":"standard","meta":{"footnotes":""},"categories":[1],"tags":[626,1438],"class_list":["post-15269","post","type-post","status-publish","format-standard","hentry","category-genel","tag-cevre-sehir-kutuphanesi","tag-kurum-kutuphaneleri"],"_links":{"self":[{"href":"https:\/\/www.bbyhaber.com\/bby\/wp-json\/wp\/v2\/posts\/15269"}],"collection":[{"href":"https:\/\/www.bbyhaber.com\/bby\/wp-json\/wp\/v2\/posts"}],"about":[{"href":"https:\/\/www.bbyhaber.com\/bby\/wp-json\/wp\/v2\/types\/post"}],"author":[{"embeddable":true,"href":"https:\/\/www.bbyhaber.com\/bby\/wp-json\/wp\/v2\/users\/129"}],"replies":[{"embeddable":true,"href":"https:\/\/www.bbyhaber.com\/bby\/wp-json\/wp\/v2\/comments?post=15269"}],"version-history":[{"count":0,"href":"https:\/\/www.bbyhaber.com\/bby\/wp-json\/wp\/v2\/posts\/15269\/revisions"}],"wp:attachment":[{"href":"https:\/\/www.bbyhaber.com\/bby\/wp-json\/wp\/v2\/media?parent=15269"}],"wp:term":[{"taxonomy":"category","embeddable":true,"href":"https:\/\/www.bbyhaber.com\/bby\/wp-json\/wp\/v2\/categories?post=15269"},{"taxonomy":"post_tag","embeddable":true,"href":"https:\/\/www.bbyhaber.com\/bby\/wp-json\/wp\/v2\/tags?post=15269"}],"curies":[{"name":"wp","href":"https:\/\/api.w.org\/{rel}","templated":true}]}}