{"id":15257,"date":"2014-11-05T19:02:51","date_gmt":"2014-11-05T16:02:51","guid":{"rendered":"http:\/\/www.bbyhaber.com\/bby\/?p=15257"},"modified":"2015-01-12T13:24:39","modified_gmt":"2015-01-12T11:24:39","slug":"hangimevsimde-kac-kitap-okuyoruz","status":"publish","type":"post","link":"https:\/\/www.bbyhaber.com\/bby\/2014\/11\/05\/hangimevsimde-kac-kitap-okuyoruz","title":{"rendered":"Hangi mevsimde ka\u00e7 kitap okuyoruz?"},"content":{"rendered":"<p style=\"text-align: justify;\"><img loading=\"lazy\" decoding=\"async\" class=\"alignleft\" src=\"http:\/\/www.bbyhaber.com\/bby\/wp-content\/uploads\/2014\/12\/hangi-mevsimde-kac-kitap-okuyoruz.jpg\" alt=\"\" width=\"100\" height=\"100\" \/>850 yay\u0131nevi ve sivil toplum kurulu\u015funun kat\u0131l\u0131m\u0131yla d\u00fczenlenecek \u0130stanbul Kitap Fuar\u0131 \u00f6ncesinde Yay\u0131mc\u0131 Meslek Birlikleri Federasyonu (YAYFED) Ba\u015fkan\u0131 Bayram Murat &#8216;T\u00fcrk insan\u0131n\u0131n san\u0131ld\u0131\u011f\u0131ndan daha fazla kitap okudu\u011funu&#8217; a\u00e7\u0131klad\u0131.<\/p>\n<p><strong>\u00a0En Az Kitap K\u0131\u015f Aylar\u0131nda Okunuyor<\/strong><\/p>\n<p style=\"text-align: justify;\">Fuar \u00f6ncesi T\u00fcrk insan\u0131n okuma al\u0131\u015fkanl\u0131klar\u0131 hakk\u0131nda bilgi veren Bayram Murat, bandrol say\u0131lar\u0131 dikkate al\u0131nd\u0131\u011f\u0131nda hemen her mevsim kitap okundu\u011funu ifade etti. 2010-2014 y\u0131l\u0131ndan itibaren 1 milyar412 milyon 816 bin 674 bandroll\u00fc kitap sat\u0131ld\u0131\u011f\u0131n\u0131 a\u00e7\u0131klayan Murat,<!--more-->\u00a0 &#8220;Ge\u00e7ti\u011fimiz y\u0131llarda sonbahar ay\u0131nda daha fazla kitap okundu\u011funu g\u00f6r\u00fcyorduk. Ancak bu y\u0131l kitap sat\u0131\u015f oranlar\u0131n\u0131 inceledi\u011fimizde sonbaharda ufak art\u0131\u015flar\u0131n oldu\u011funu s\u00f6yleyebiliriz.&#8221; \u015feklinde konu\u015ftu. K\u0131\u015f ay\u0131nda insanlar\u0131n daha az kitap sat\u0131n ald\u0131klar\u0131n\u0131 hat\u0131rlatan Murat, &#8220;Son be\u015f y\u0131l\u0131n sat\u0131\u015flar\u0131n\u0131 dikkate ald\u0131\u011f\u0131m\u0131zda kitap okuma oranlar\u0131n\u0131n k\u0131\u015f aylar\u0131nda d\u00fc\u015ft\u00fc\u011f\u00fcn\u00fc g\u00f6r\u00fcyoruz. K\u0131\u015f aylar\u0131nda insanlar\u0131n daha fazla televizyon izledi\u011fini, kitap okuma oranlar\u0131n\u0131n bu y\u00fczden azald\u0131\u011f\u0131n\u0131 s\u00f6yleyebiliriz. Geli\u015fmi\u015f \u00fclkelerde sat\u0131\u015flar\u0131n homojen da\u011f\u0131ld\u0131\u011f\u0131n\u0131 g\u00f6r\u00fcyoruz. yay\u0131nc\u0131l\u0131\u011f\u0131n gelece\u011fi a\u00e7\u0131s\u0131ndan\u00a0 aral\u0131k, ocak ve \u015fubat ay\u0131 sat\u0131\u015flar\u0131n\u0131n artmas\u0131 gerekmektedir.&#8221; dedi.<\/p>\n<p>\u00a0<a href=\"http:\/\/www.bbyhaber.com\/bby\/wp-content\/uploads\/2014\/12\/fft16_mf4939525.Jpeg\"><img loading=\"lazy\" decoding=\"async\" src=\"http:\/\/www.bbyhaber.com\/bby\/wp-content\/uploads\/2014\/12\/fft16_mf4939525.Jpeg\" alt=\"\" width=\"385\" height=\"176\" \/><\/a><\/p>\n<p><strong>*** Ekim-Kas\u0131m-Aral\u0131k 2014 Rakamlar\u0131 Tahminidir.<\/strong><\/p>\n<p><strong>Okullar\u0131n A\u00e7\u0131lmas\u0131 Kitap Sat\u0131\u015flar\u0131n\u0131 Art\u0131r\u0131yor<\/strong><br \/>\nKitap sat\u0131\u015flar\u0131n\u0131n eyl\u00fcl ve ekim ay\u0131nda artt\u0131\u011f\u0131n\u0131 belirten Bayram Murat \u015f\u00f6yle konu\u015ftu; &#8220;En \u00e7ok kitap okullar\u0131n a\u00e7\u0131ld\u0131\u011f\u0131 eyl\u00fcl ay\u0131nda sat\u0131l\u0131yor. Okullar\u0131n a\u00e7\u0131lmas\u0131 kitap sat\u0131\u015flar\u0131n\u0131 olumlu anlamda etkiliyor. Eyl\u00fcl ay\u0131n\u0131 s\u0131ras\u0131yla Ekim, Mart ve A\u011fustos aylar\u0131 geliyor. En az kitap ise K\u0131\u015f mevsiminde sat\u0131l\u0131yor. Aral\u0131k, Ocak ve \u015eubat ay\u0131 T\u00fcrkiye&#8217;de en az kitab\u0131n okundu\u011fu aylar.&#8221;<\/p>\n<p><a href=\"http:\/\/www.bbyhaber.com\/bby\/wp-content\/uploads\/2014\/12\/fft16_mf4939544.Jpeg\"><img loading=\"lazy\" decoding=\"async\" src=\"http:\/\/www.bbyhaber.com\/bby\/wp-content\/uploads\/2014\/12\/fft16_mf4939544.Jpeg\" alt=\"\" width=\"420\" height=\"228\" \/><\/a><\/p>\n<p style=\"text-align: justify;\">\u00a0<strong>En \u00c7ok E\u011fitim Yay\u0131nlar\u0131 Okunuyor<\/strong><br \/>\nYeti\u015fkin ara\u015ft\u0131rma-inceleme, Yeti\u015fkin Kurgu, \u00c7ocuk-Gen\u00e7lik, E\u011fitim, Akademik, \u0130nan\u00e7 ve \u0130thal kategorilerinde kitap sat\u0131\u015flar\u0131 baz al\u0131nd\u0131\u011f\u0131nda en \u00e7ok e\u011fitim yay\u0131nlar\u0131n\u0131n tercih edildi\u011fini belirten Bayram Murat \u015f\u00f6yle konu\u015ftu:\u00a0 &#8220;E\u011fitim yay\u0131nlar\u0131 %54 ile birinci s\u0131rada bulunuyor. En \u00e7ok tercih edilen ikinci yay\u0131n t\u00fcr\u00fc ise dini yay\u0131nlar. Her t\u00fcrl\u00fc dini yay\u0131nlar%17 ile ikinci s\u0131rada yer al\u0131yor. Yeti\u015fkin ara\u015ft\u0131rma-inceleme kitaplar\u0131 %13 ile \u00fc\u00e7\u00fcnd\u00fc s\u0131rada yer al\u0131yor.&#8221;<br \/>\n<strong>En \u00c7ok Kitap Okuyan \u015eehir \u0130stanbul<\/strong><br \/>\n2014 y\u0131l\u0131 boyunca 6 milyar 290 milyon 529 bin 828 liral\u0131k kitap sat\u0131ld\u0131\u011f\u0131n\u0131 a\u00e7\u0131klayan Bayram Murat,&#8221;3 milyar 755 milyon 814 bin 194 bin liral\u0131k kitap sat\u0131\u015f\u0131 ile t\u00fcm T\u00fcrkiye&#8217;deki sat\u0131\u015f\u0131n yar\u0131dan fazlas\u0131 \u0130stanbul&#8217;da ger\u00e7ekle\u015fiyor. \u0130kinci s\u0131rada 1milyar 690 milyon 823 bin 200 liral\u0131k sat\u0131\u015fla\u00a0Ankara, \u00fc\u00e7\u00fcnc\u00fc s\u0131rada ise 843milyon 892 bin 434 liral\u0131k sat\u0131\u015fla\u00a0\u0130zmir\u00a0bulunmakta.&#8221; \u015feklinde konu\u015ftu.<br \/>\n<strong>\u00a0\u201cKitap Sat\u0131\u015flar\u0131 her y\u0131l art\u0131yor\u201d<\/strong><br \/>\n\u0130stanbul Kitap Fuar\u0131n\u0131n gittik\u00e7e b\u00fcy\u00fcd\u00fc\u011f\u00fcn\u00fc hat\u0131rlatan Bayram Murat \u015f\u00f6yle devam etti: &#8220;Bu y\u0131l\u00a0Frankfurt\u00a0Fuar\u0131na 105 \u00fclkeden 7 bin sekt\u00f6r temsilcisi kat\u0131ld\u0131. \u0130stanbul kitap fuar\u0131 da her ge\u00e7en g\u00fcn b\u00fcy\u00fcyor. Bizde global markalar \u00e7\u0131karmay\u0131 ba\u015farabilmeliyiz. T\u00fcrk yay\u0131nc\u0131l\u0131k sekt\u00f6r\u00fc her y\u0131l \u00f6nemli oranda b\u00fcy\u00fcyerek markala\u015fma ad\u0131na da \u00f6nemli ad\u0131mlar at\u0131yor.<\/p>\n<p style=\"text-align: justify;\">Kaynak: www.milliyet.com.tr<\/p>\n","protected":false},"excerpt":{"rendered":"<p>850 yay\u0131nevi ve sivil toplum kurulu\u015funun kat\u0131l\u0131m\u0131yla d\u00fczenlenecek \u0130stanbul Kitap Fuar\u0131 \u00f6ncesinde Yay\u0131mc\u0131 Meslek Birlikleri Federasyonu (YAYFED) Ba\u015fkan\u0131 Bayram Murat &#8216;T\u00fcrk insan\u0131n\u0131n san\u0131ld\u0131\u011f\u0131ndan daha fazla kitap okudu\u011funu&#8217; a\u00e7\u0131klad\u0131. \u00a0En Az Kitap K\u0131\u015f Aylar\u0131nda Okunuyor Fuar \u00f6ncesi T\u00fcrk insan\u0131n okuma al\u0131\u015fkanl\u0131klar\u0131 hakk\u0131nda bilgi veren Bayram Murat, bandrol say\u0131lar\u0131 dikkate al\u0131nd\u0131\u011f\u0131nda hemen her mevsim kitap okundu\u011funu ifade [&hellip;]<\/p>\n","protected":false},"author":129,"featured_media":0,"comment_status":"open","ping_status":"open","sticky":false,"template":"","format":"standard","meta":{"footnotes":""},"categories":[1,588,1499],"tags":[618,619],"class_list":["post-15257","post","type-post","status-publish","format-standard","hentry","category-genel","category-kitap-fuarlari","category-kutuphane-istatistikleri","tag-kitap-istatistikleri","tag-turkiye-kitap-istatistigi"],"_links":{"self":[{"href":"https:\/\/www.bbyhaber.com\/bby\/wp-json\/wp\/v2\/posts\/15257"}],"collection":[{"href":"https:\/\/www.bbyhaber.com\/bby\/wp-json\/wp\/v2\/posts"}],"about":[{"href":"https:\/\/www.bbyhaber.com\/bby\/wp-json\/wp\/v2\/types\/post"}],"author":[{"embeddable":true,"href":"https:\/\/www.bbyhaber.com\/bby\/wp-json\/wp\/v2\/users\/129"}],"replies":[{"embeddable":true,"href":"https:\/\/www.bbyhaber.com\/bby\/wp-json\/wp\/v2\/comments?post=15257"}],"version-history":[{"count":0,"href":"https:\/\/www.bbyhaber.com\/bby\/wp-json\/wp\/v2\/posts\/15257\/revisions"}],"wp:attachment":[{"href":"https:\/\/www.bbyhaber.com\/bby\/wp-json\/wp\/v2\/media?parent=15257"}],"wp:term":[{"taxonomy":"category","embeddable":true,"href":"https:\/\/www.bbyhaber.com\/bby\/wp-json\/wp\/v2\/categories?post=15257"},{"taxonomy":"post_tag","embeddable":true,"href":"https:\/\/www.bbyhaber.com\/bby\/wp-json\/wp\/v2\/tags?post=15257"}],"curies":[{"name":"wp","href":"https:\/\/api.w.org\/{rel}","templated":true}]}}