{"id":15235,"date":"2014-11-02T22:32:29","date_gmt":"2014-11-02T19:32:29","guid":{"rendered":"http:\/\/www.bbyhaber.com\/bby\/?p=15235"},"modified":"2014-11-03T12:36:16","modified_gmt":"2014-11-03T09:36:16","slug":"ali-fuat-kartal-yeniden-tkd-genel-baskani-secildi","status":"publish","type":"post","link":"https:\/\/www.bbyhaber.com\/bby\/2014\/11\/02\/ali-fuat-kartal-yeniden-tkd-genel-baskani-secildi","title":{"rendered":"Ali Fuat Kartal yeniden TKD Genel Ba\u015fkan\u0131 se\u00e7ildi"},"content":{"rendered":"<p style=\"text-align: justify;\"><img loading=\"lazy\" decoding=\"async\" class=\"alignleft\" src=\"http:\/\/www.bbyhaber.com\/bby\/wp-content\/uploads\/2014\/09\/alifuatkartal.jpg\" alt=\"\" width=\"180\" height=\"173\" \/>T\u00fcrk K\u00fct\u00fcphaneciler Derne\u011fi (TKD) Genel Merkezi 26. Ola\u011fan Genel Kurulu Ankara \u00dcniversitesi Rekt\u00f6rl\u00fc\u011f\u00fc 100. Y\u0131l Konferans Salonu&#8217;nda ger\u00e7ekle\u015ftirildi. De\u011fi\u015fik illerdeki TKD \u015fube delegelerinin kat\u0131ld\u0131\u011f\u0131 se\u00e7imler sonucunda Ali Fuat Kartal yeniden Genel Ba\u015fkanl\u0131\u011fa se\u00e7ildi. \u0130\u015fte TKD Y\u00f6netim, Denetim ve Disiplin Kurulu \u00fcyeleri;<!--more--><\/p>\n<p style=\"text-align: justify;\"><strong>Ba\u015fkan:<\/strong> Ali Fuat Kartal<\/p>\n<p style=\"text-align: justify;\"><strong>Y\u00f6netim Kurulu;<\/strong><\/p>\n<p style=\"text-align: justify;\">Prof. Dr. Mehmet Emin K\u00fc\u00e7\u00fck,<\/p>\n<p style=\"text-align: justify;\">Yrd. Do\u00e7. Dr. Esin Sultan O\u011fuz,<\/p>\n<p style=\"text-align: justify;\">Ayd\u0131n \u0130leri,<\/p>\n<p style=\"text-align: justify;\">Emre Hasan Akbayrak,<\/p>\n<p style=\"text-align: justify;\">Erol G\u00f6kduman,<\/p>\n<p style=\"text-align: justify;\">G\u00fclsevil A\u011fca,<\/p>\n<p style=\"text-align: justify;\">Nilay Cevher,<\/p>\n<p style=\"text-align: justify;\">\u00c7a\u011fda\u015f \u00d6zt\u00fcrk<\/p>\n<p style=\"text-align: justify;\"><strong>Denetim Kurulu;<\/strong><\/p>\n<p style=\"text-align: justify;\">Prof. Dr. Do\u011fan At\u0131lgan,<\/p>\n<p style=\"text-align: justify;\">Tuncel Acar,<\/p>\n<p style=\"text-align: justify;\">Zakir K\u00f6seo\u011flu<\/p>\n<p style=\"text-align: justify;\"><strong>Disiplin Kurulu;<\/strong><\/p>\n<p style=\"text-align: justify;\">Prof. Dr. B\u00fclent Y\u0131lmaz,<\/p>\n<p style=\"text-align: justify;\">Dr. Didar Bay\u0131r,<\/p>\n<p style=\"text-align: justify;\">Semra At\u0131n\u00e7,<\/p>\n<p style=\"text-align: justify;\">Tamer Tekg\u00fcl,<\/p>\n<p style=\"text-align: justify;\">Mehmet Soluk<\/p>\n<p style=\"text-align: justify;\">15 ilde \u015fubesi ve 1675 \u00fcyesi bulunan TKD 1949 y\u0131l\u0131nda kurulmu\u015f ve kamuya yararl\u0131 dernek stat\u00fcs\u00fcnde faaliyetlerini s\u00fcrd\u00fcrmektedir.<\/p>\n","protected":false},"excerpt":{"rendered":"<p>T\u00fcrk K\u00fct\u00fcphaneciler Derne\u011fi (TKD) Genel Merkezi 26. Ola\u011fan Genel Kurulu Ankara \u00dcniversitesi Rekt\u00f6rl\u00fc\u011f\u00fc 100. Y\u0131l Konferans Salonu&#8217;nda ger\u00e7ekle\u015ftirildi. De\u011fi\u015fik illerdeki TKD \u015fube delegelerinin kat\u0131ld\u0131\u011f\u0131 se\u00e7imler sonucunda Ali Fuat Kartal yeniden Genel Ba\u015fkanl\u0131\u011fa se\u00e7ildi. \u0130\u015fte TKD Y\u00f6netim, Denetim ve Disiplin Kurulu \u00fcyeleri;<\/p>\n","protected":false},"author":1,"featured_media":0,"comment_status":"open","ping_status":"open","sticky":false,"template":"","format":"standard","meta":{"footnotes":""},"categories":[1474,1],"tags":[],"class_list":["post-15235","post","type-post","status-publish","format-standard","hentry","category-ali-fuat-kartal","category-genel"],"_links":{"self":[{"href":"https:\/\/www.bbyhaber.com\/bby\/wp-json\/wp\/v2\/posts\/15235"}],"collection":[{"href":"https:\/\/www.bbyhaber.com\/bby\/wp-json\/wp\/v2\/posts"}],"about":[{"href":"https:\/\/www.bbyhaber.com\/bby\/wp-json\/wp\/v2\/types\/post"}],"author":[{"embeddable":true,"href":"https:\/\/www.bbyhaber.com\/bby\/wp-json\/wp\/v2\/users\/1"}],"replies":[{"embeddable":true,"href":"https:\/\/www.bbyhaber.com\/bby\/wp-json\/wp\/v2\/comments?post=15235"}],"version-history":[{"count":0,"href":"https:\/\/www.bbyhaber.com\/bby\/wp-json\/wp\/v2\/posts\/15235\/revisions"}],"wp:attachment":[{"href":"https:\/\/www.bbyhaber.com\/bby\/wp-json\/wp\/v2\/media?parent=15235"}],"wp:term":[{"taxonomy":"category","embeddable":true,"href":"https:\/\/www.bbyhaber.com\/bby\/wp-json\/wp\/v2\/categories?post=15235"},{"taxonomy":"post_tag","embeddable":true,"href":"https:\/\/www.bbyhaber.com\/bby\/wp-json\/wp\/v2\/tags?post=15235"}],"curies":[{"name":"wp","href":"https:\/\/api.w.org\/{rel}","templated":true}]}}