{"id":15206,"date":"2014-10-30T17:11:41","date_gmt":"2014-10-30T14:11:41","guid":{"rendered":"http:\/\/www.bbyhaber.com\/bby\/?p=15206"},"modified":"2014-10-30T23:41:06","modified_gmt":"2014-10-30T20:41:06","slug":"tkd-25-donem-ekim-2012-ekim-2014-faaliyet-raporu-yayinlandi","status":"publish","type":"post","link":"https:\/\/www.bbyhaber.com\/bby\/2014\/10\/30\/tkd-25-donem-ekim-2012-ekim-2014-faaliyet-raporu-yayinlandi","title":{"rendered":"TKD 25.D\u00f6nem (Ekim 2012-Ekim 2014) faaliyet raporu yay\u0131nland\u0131"},"content":{"rendered":"<p style=\"text-align: justify;\"><img loading=\"lazy\" decoding=\"async\" class=\"alignleft\" src=\"http:\/\/www.bbyhaber.com\/bby\/wp-content\/uploads\/bby-dernek-logolar\/tkd-logo.png\" alt=\"\" width=\"206\" height=\"109\" \/>T\u00fcrk K\u00fct\u00fcphaneciler Derne\u011fi (TKD) 25. D\u00f6nem Genel Merkez Y\u00f6netim Kurulu Faaliyet Raporu (Ekim 2012-Ekim 2014)&#8217;na g\u00f6re; TKD\u2019nin \u00fclke genelinde il ve il\u00e7elerde 15 \u015eubesi bulunmakta olup, son iki y\u0131lda sekiz \u015eube (\u00c7ank\u0131r\u0131, Diyarbak\u0131r, G\u00fcm\u00fc\u015fhac\u0131k\u00f6y, Honaz, Isparta, K\u0131rklareli, K\u00fctahya, Sakarya) kapanm\u0131\u015ft\u0131r. TKD \u015eubelerine kay\u0131tl\u0131 toplam \u00fcye say\u0131s\u0131 1.675&#8217;dir..<!--more--><\/p>\n<p style=\"text-align: justify;\"><a href=\"http:\/\/www.bbyhaber.com\/bby\/wp-content\/uploads\/2014\/10\/tkd-subeler.jpg\"><img loading=\"lazy\" decoding=\"async\" class=\"size-medium wp-image-12755 alignnone\" title=\"tkd-uye-sayisi\" src=\"http:\/\/www.bbyhaber.com\/bby\/wp-content\/uploads\/2014\/10\/tkd-subeler.jpg\" alt=\"\" width=\"344\" height=\"150\" \/><\/a><\/p>\n<p><span style=\"color: #0000ff;\"><strong>Sonu\u00e7\/\u00d6neriler<\/strong><\/span><\/p>\n<p style=\"text-align: justify;\">Y\u00f6netim kurullar\u0131n\u0131n Stratejik Plan \u00e7er\u00e7evesinde devam edilmesi; TKD \u015eubelerinin yeniden yap\u0131land\u0131r\u0131lmas\u0131; 51. ve 52. K\u00fct\u00fcphane Haftalar\u0131n\u0131n organizasyonu; Ta\u015f\u0131n\u0131r Kay\u0131t ve Y\u00f6netim Sistemi ile Harcama Y\u00f6netim Sistemi&#8217;nde ya\u015fanan s\u0131k\u0131nt\u0131lar\u0131n giderilmesi; T\u00fcrkiye K\u00fct\u00fcphaneler Envanteri ile TKD \u0130htisas K\u00fct\u00fcphanesi olu\u015fturulmas\u0131; \u00fclke \u00e7ap\u0131nda \u00f6\u011frencilerin ders \u00e7al\u0131\u015fma salonu ihtiya\u00e7lar\u0131n\u0131n kar\u015f\u0131lanmas\u0131 i\u00e7in al\u0131nmas\u0131 gereken tedbirleri ilgililere duyurmas\u0131 gibi konular \u00f6n\u00fcm\u00fczdeki d\u00f6nem g\u00f6rev alacak T\u00fcrk K\u00fct\u00fcphaneciler Derne\u011fi Genel Merkez Y\u00f6netim Kurulu&#8217;nun \u00f6ncelikli g\u00fcndemini olu\u015fturmal\u0131d\u0131r.<\/p>\n<p style=\"text-align: justify;\">Bilgi Toplumu\u2019nun e\u015fi\u011findeki \u00fclkemizde, kalk\u0131nma hamlelerini destekleyecek bilgi politikalar\u0131n\u0131n olu\u015fturulabilmesi ve uygulanabilmesi a\u015famas\u0131nda k\u00fct\u00fcphaneler, dolay\u0131s\u0131yla mesleki alg\u0131n\u0131n somutla\u015fm\u0131\u015f hali olan T\u00fcrk K\u00fct\u00fcphaneciler Derne\u011fi hayati \u00f6nem ta\u015f\u0131maktad\u0131r. Bu nedenle her zaman oldu\u011fu gibi \u00f6n\u00fcm\u00fczdeki d\u00f6nemde de, t\u00fcm \u00fcyelerimizin, meslekta\u015flar\u0131m\u0131z\u0131n ve payda\u015flar\u0131m\u0131z\u0131n \u00e7al\u0131\u015fmalar\u0131m\u0131za sunduklar\u0131 katk\u0131n\u0131n devam\u0131n\u0131 diliyorum.<\/p>\n<p>Ali Fuat KARTAL<\/p>\n<p>Genel Ba\u015fkan<\/p>\n<p style=\"text-align: justify;\"><a href=\"http:\/\/www.kutuphaneci.org.tr\/sites\/default\/files\/faaliyet_raporu_25.pdf\" target=\"_blank\"><strong><span style=\"color: #ff0000;\">Faaliyet Raporu i\u00e7in t<\/span><\/strong><strong><span style=\"color: #ff0000;\">\u0131<\/span><\/strong><strong><span style=\"color: #ff0000;\">klay\u0131n\u0131z<\/span><\/strong><\/a><\/p>\n","protected":false},"excerpt":{"rendered":"<p>T\u00fcrk K\u00fct\u00fcphaneciler Derne\u011fi (TKD) 25. D\u00f6nem Genel Merkez Y\u00f6netim Kurulu Faaliyet Raporu (Ekim 2012-Ekim 2014)&#8217;na g\u00f6re; TKD\u2019nin \u00fclke genelinde il ve il\u00e7elerde 15 \u015eubesi bulunmakta olup, son iki y\u0131lda sekiz \u015eube (\u00c7ank\u0131r\u0131, Diyarbak\u0131r, G\u00fcm\u00fc\u015fhac\u0131k\u00f6y, Honaz, Isparta, K\u0131rklareli, K\u00fctahya, Sakarya) kapanm\u0131\u015ft\u0131r. TKD \u015eubelerine kay\u0131tl\u0131 toplam \u00fcye say\u0131s\u0131 1.675&#8217;dir..<\/p>\n","protected":false},"author":1,"featured_media":0,"comment_status":"open","ping_status":"open","sticky":false,"template":"","format":"standard","meta":{"footnotes":""},"categories":[1],"tags":[616],"class_list":["post-15206","post","type-post","status-publish","format-standard","hentry","category-genel","tag-tkd-faaliyet-raporu"],"_links":{"self":[{"href":"https:\/\/www.bbyhaber.com\/bby\/wp-json\/wp\/v2\/posts\/15206"}],"collection":[{"href":"https:\/\/www.bbyhaber.com\/bby\/wp-json\/wp\/v2\/posts"}],"about":[{"href":"https:\/\/www.bbyhaber.com\/bby\/wp-json\/wp\/v2\/types\/post"}],"author":[{"embeddable":true,"href":"https:\/\/www.bbyhaber.com\/bby\/wp-json\/wp\/v2\/users\/1"}],"replies":[{"embeddable":true,"href":"https:\/\/www.bbyhaber.com\/bby\/wp-json\/wp\/v2\/comments?post=15206"}],"version-history":[{"count":0,"href":"https:\/\/www.bbyhaber.com\/bby\/wp-json\/wp\/v2\/posts\/15206\/revisions"}],"wp:attachment":[{"href":"https:\/\/www.bbyhaber.com\/bby\/wp-json\/wp\/v2\/media?parent=15206"}],"wp:term":[{"taxonomy":"category","embeddable":true,"href":"https:\/\/www.bbyhaber.com\/bby\/wp-json\/wp\/v2\/categories?post=15206"},{"taxonomy":"post_tag","embeddable":true,"href":"https:\/\/www.bbyhaber.com\/bby\/wp-json\/wp\/v2\/tags?post=15206"}],"curies":[{"name":"wp","href":"https:\/\/api.w.org\/{rel}","templated":true}]}}