{"id":15196,"date":"2014-10-30T13:52:42","date_gmt":"2014-10-30T10:52:42","guid":{"rendered":"http:\/\/www.bbyhaber.com\/bby\/?p=15196"},"modified":"2014-10-30T13:53:01","modified_gmt":"2014-10-30T10:53:01","slug":"dogaltas-kutuphanesi","status":"publish","type":"post","link":"https:\/\/www.bbyhaber.com\/bby\/2014\/10\/30\/dogaltas-kutuphanesi","title":{"rendered":"Do\u011falta\u015f K\u00fct\u00fcphanesi"},"content":{"rendered":"<p style=\"text-align: justify;\">Antalya&#8217;da faaliyet g\u00f6steren &#8220;<strong>Ta\u015f K\u00fct\u00fcphanesi<\/strong>&#8220;nde \u00fclke genelindeki ta\u015f ocaklar\u0131ndan \u00e7\u0131kart\u0131lan mermer t\u00fcr\u00fcndeki bine yak\u0131n do\u011falta\u015f sergileniyor. K\u00fct\u00fcphanenin Kurumsal \u0130leti\u015fim M\u00fcd\u00fcr\u00fc Tutku Can\u0131dar yapt\u0131\u011f\u0131 a\u00e7\u0131klamada, k\u00fct\u00fcphanenin ilk \u00e7al\u0131\u015fmalar\u0131n\u0131n iki y\u0131l \u00f6nce ba\u015flad\u0131\u011f\u0131n\u0131, 1 Nisan&#8217;da da kap\u0131lar\u0131n\u0131 a\u00e7t\u0131klar\u0131n\u0131 s\u00f6yledi. K\u00fct\u00fcphanenin T\u00fcrkiye&#8217;deki t\u00fcm ocaklardan \u00e7\u0131kar\u0131lan farkl\u0131 renk, doku, \u00e7e\u015fit ve seleksiyondaki ta\u015flar\u0131n tek bir \u00e7at\u0131 alt\u0131nda topland\u0131\u011f\u0131 ve 365 g\u00fcn a\u00e7\u0131k butik bir fuar merkezi oldu\u011funu anlatan Can\u0131dar, ta\u015flar\u0131 4 katl\u0131, 4 bin metrekarelik alanda sergilediklerini kaydetti.<!--more--> Can\u0131dar, 30&#215;30 ve 60&#215;60 ebatlar\u0131nda haz\u0131rlad\u0131klar\u0131 her ta\u015fa bir kod numaras\u0131 verdiklerini dile getirerek, \u015f\u00f6yle devam etti: &#8220;Mimarlar, m\u00fcteahhit, proje firmalar\u0131, in\u015faat firmalar\u0131 ve uygulama firmalar\u0131 gelirler, k\u00fct\u00fcphanemizi gezerler. Be\u011fendikleri ta\u015flar\u0131n kodlar\u0131n\u0131 Kiosk cihaz\u0131m\u0131za girerek aratt\u0131r\u0131rlar. Ta\u015f\u0131n \u00e7\u0131kt\u0131\u011f\u0131 ocak, firmas\u0131 ve firma yetkilisinin ileti\u015fim bilgileri gibi t\u00fcm bilgiler veriliyor. Ondan sonraki a\u015fama al\u0131c\u0131 ile sat\u0131c\u0131 aras\u0131ndad\u0131r. Yani biz, \u00fcretici ile al\u0131c\u0131n\u0131n bulu\u015fturuldu\u011fu bir adresiz.&#8221; Konseptin d\u00fcnyada ilk ve tek oldu\u011funu d\u00fc\u015f\u00fcnd\u00fc\u011f\u00fcn\u00fc vurgulayan Can\u0131dar, k\u00fct\u00fcphanelerinde bine yak\u0131n farkl\u0131 \u00e7e\u015fitte ta\u015f bulundu\u011funu ifade etti.<\/p>\n<p style=\"text-align: justify;\"><a href=\"http:\/\/f1.trtturk.com\/haber\/ic\/590x\/2014-10-30\/1414662514_tas-kutuphane1.jpg\"><img loading=\"lazy\" decoding=\"async\" class=\"alignnone\" src=\"http:\/\/f1.trtturk.com\/haber\/ic\/590x\/2014-10-30\/1414662514_tas-kutuphane1.jpg\" alt=\"\" width=\"250\" height=\"150\" \/><\/a> <a href=\"http:\/\/f1.trtturk.com\/haber\/ic\/590x\/2014-10-30\/1414662501_tas-kutuphane.jpg\"><img loading=\"lazy\" decoding=\"async\" class=\"alignnone\" src=\"http:\/\/f1.trtturk.com\/haber\/ic\/590x\/2014-10-30\/1414662501_tas-kutuphane.jpg\" alt=\"\" width=\"250\" height=\"150\" \/><\/a><\/p>\n<p style=\"text-align: justify;\">&#8220;Do\u011falta\u015f&#8217;ta T\u00fcrkiye size yeter&#8221;<br \/>\nT\u00fcrkiye&#8217;deki ta\u015f ocaklar\u0131n\u0131n, 3-5&#8217;i hari\u00e7, pazarlama s\u0131k\u0131nt\u0131s\u0131 ile kar\u015f\u0131 kar\u015f\u0131ya bulunduklar\u0131na i\u015faret eden Can\u0131dar, &#8220;Devlet \u00e7at\u0131s\u0131 alt\u0131nda b\u00f6yle bir\u00a0 ta\u015f verisi yok. K\u00fct\u00fcphanemizde al\u0131c\u0131lar, ocaklara gitmeden \u00fclke genelinden istedikleri ta\u015f\u0131 buluyor. B\u00f6ylece zaman ve maddi tasarruf sa\u011fl\u0131yorlar&#8221; dedi.Can\u0131dar, k\u00fct\u00fcphaneye yurt i\u00e7i ve d\u0131\u015f\u0131ndan ziyaret\u00e7iler geldi\u011fini bildirerek, g\u00fcnde ortalama iki \u00c7inli firman\u0131n yan\u0131 s\u0131ra ba\u015fka \u00fclkelerden ve yurt i\u00e7inden de gelenleri misafir ettiklerini anlatt\u0131. Kap\u0131lar\u0131n\u0131n t\u00fcm vatanda\u015flara a\u00e7\u0131k oldu\u011funu belirten Can\u0131dar, \u015f\u00f6yle konu\u015ftu: &#8220;Burada T\u00fcrkiye&#8217;nin do\u011falta\u015flar\u0131n\u0131 tan\u0131t\u0131yoruz. Slogan\u0131m\u0131z, &#8216;Do\u011falta\u015f&#8217;ta T\u00fcrkiye size yeter&#8217;. Bunun i\u00e7in \u00e7ok b\u00fcy\u00fck gayret var. S\u00fcrekli yurt d\u0131\u015f\u0131ndan sekt\u00f6r\u00fcn \u00f6nemli ki\u015filerini, mermer tasar\u0131mc\u0131lar\u0131n\u0131 d\u00fczenli olarak k\u00fct\u00fcphaneye getiriyoruz. \u00dcreticilerin ta\u015flar\u0131n\u0131 sergilemekle kalm\u0131yor, o ta\u015flara al\u0131c\u0131 da buluyoruz.&#8221;<\/p>\n<p>Kaynak:http:\/\/www.trtturk.com\/<\/p>\n","protected":false},"excerpt":{"rendered":"<p>Antalya&#8217;da faaliyet g\u00f6steren &#8220;Ta\u015f K\u00fct\u00fcphanesi&#8220;nde \u00fclke genelindeki ta\u015f ocaklar\u0131ndan \u00e7\u0131kart\u0131lan mermer t\u00fcr\u00fcndeki bine yak\u0131n do\u011falta\u015f sergileniyor. K\u00fct\u00fcphanenin Kurumsal \u0130leti\u015fim M\u00fcd\u00fcr\u00fc Tutku Can\u0131dar yapt\u0131\u011f\u0131 a\u00e7\u0131klamada, k\u00fct\u00fcphanenin ilk \u00e7al\u0131\u015fmalar\u0131n\u0131n iki y\u0131l \u00f6nce ba\u015flad\u0131\u011f\u0131n\u0131, 1 Nisan&#8217;da da kap\u0131lar\u0131n\u0131 a\u00e7t\u0131klar\u0131n\u0131 s\u00f6yledi. K\u00fct\u00fcphanenin T\u00fcrkiye&#8217;deki t\u00fcm ocaklardan \u00e7\u0131kar\u0131lan farkl\u0131 renk, doku, \u00e7e\u015fit ve seleksiyondaki ta\u015flar\u0131n tek bir \u00e7at\u0131 alt\u0131nda topland\u0131\u011f\u0131 ve [&hellip;]<\/p>\n","protected":false},"author":1,"featured_media":0,"comment_status":"open","ping_status":"open","sticky":false,"template":"","format":"standard","meta":{"footnotes":""},"categories":[1],"tags":[615],"class_list":["post-15196","post","type-post","status-publish","format-standard","hentry","category-genel","tag-tas-kutuphanesi"],"_links":{"self":[{"href":"https:\/\/www.bbyhaber.com\/bby\/wp-json\/wp\/v2\/posts\/15196"}],"collection":[{"href":"https:\/\/www.bbyhaber.com\/bby\/wp-json\/wp\/v2\/posts"}],"about":[{"href":"https:\/\/www.bbyhaber.com\/bby\/wp-json\/wp\/v2\/types\/post"}],"author":[{"embeddable":true,"href":"https:\/\/www.bbyhaber.com\/bby\/wp-json\/wp\/v2\/users\/1"}],"replies":[{"embeddable":true,"href":"https:\/\/www.bbyhaber.com\/bby\/wp-json\/wp\/v2\/comments?post=15196"}],"version-history":[{"count":0,"href":"https:\/\/www.bbyhaber.com\/bby\/wp-json\/wp\/v2\/posts\/15196\/revisions"}],"wp:attachment":[{"href":"https:\/\/www.bbyhaber.com\/bby\/wp-json\/wp\/v2\/media?parent=15196"}],"wp:term":[{"taxonomy":"category","embeddable":true,"href":"https:\/\/www.bbyhaber.com\/bby\/wp-json\/wp\/v2\/categories?post=15196"},{"taxonomy":"post_tag","embeddable":true,"href":"https:\/\/www.bbyhaber.com\/bby\/wp-json\/wp\/v2\/tags?post=15196"}],"curies":[{"name":"wp","href":"https:\/\/api.w.org\/{rel}","templated":true}]}}