{"id":15175,"date":"2014-10-28T09:55:40","date_gmt":"2014-10-28T06:55:40","guid":{"rendered":"http:\/\/www.bbyhaber.com\/bby\/?p=15175"},"modified":"2015-08-14T16:17:32","modified_gmt":"2015-08-14T13:17:32","slug":"musterileri-icin-berberine-kutuphane-olusturdu","status":"publish","type":"post","link":"https:\/\/www.bbyhaber.com\/bby\/2014\/10\/28\/musterileri-icin-berberine-kutuphane-olusturdu","title":{"rendered":"M\u00fc\u015fterileri i\u00e7in berberine k\u00fct\u00fcphane olu\u015fturdu"},"content":{"rendered":"<p style=\"text-align: justify;\">Bal\u0131kesir&#8217;in Sava\u015ftepe \u0130l\u00e7esi&#8217;nde uzun y\u0131llard\u0131r berberlik yapan 45 ya\u015f\u0131ndaki Nuri Ya\u015far, m\u00fc\u015fterilerinin okumas\u0131 i\u00e7in i\u015fyerinde y\u00fczlerce kitaptan k\u00fct\u00fcphane olu\u015fturdu. Evli 2 \u00e7ocuk babas\u0131 Nuri Ya\u015far ile arkada\u015flar\u0131, il\u00e7e i\u00e7in iyi bir \u015feyler yapabilmek amac\u0131yla Sava\u015ftepe G\u00f6n\u00fcll\u00fcleri Platformu&#8217;nu kurdu. Neler yap\u0131labilece\u011fini d\u00fc\u015f\u00fcnen Ya\u015far&#8217;\u0131n akl\u0131na ilgin\u00e7 bir fikir geldi. <strong>M\u00fc\u015fterilerin s\u0131ra beklerken bo\u015f oturdu\u011funu g\u00f6ren<\/strong> Ya\u015far,<strong> i\u015fyerine k\u00fct\u00fcphane kurdu<\/strong>. <strong>Tra\u015f olmaya gelen m\u00fc\u015fteriler, s\u0131ra beklerken kitap okuman\u0131n keyfini ya\u015famaya<\/strong> ba\u015flad\u0131.<!--more--><\/p>\n<p style=\"text-align: justify;\">\u00c7ok say\u0131da esnaf arkada\u015f\u0131n\u0131n kendisine destek oldu\u011funu s\u00f6yleyen Nuri Ya\u015far \u015funlar\u0131 s\u00f6yledi: &#8220;M\u00fc\u015fterilerim \u015fimdi s\u0131rada beklerken kitap okuyor. Art\u0131k <strong>i\u015fyerimde eskisi gibi dedikodu da olmuyor.<\/strong> M\u00fc\u015fteri \u00e7e\u015fitlili\u011fim de inan\u0131lmaz \u015fekilde artt\u0131. <strong>K\u00fct\u00fcphanedeki kitaplar\u0131 geri getirmek \u015fart\u0131yla m\u00fc\u015fterilerin evlerine de g\u00f6t\u00fcrmelerine izin veriyorum<\/strong>. \u0130nsanlar kitap okumaya ba\u015flamas\u0131 beni inan\u0131lmaz mutlu ediyor.&#8221; M\u00fc\u015fterilerden Atilla Kalay, insanlar\u0131n art\u0131k kitap okumad\u0131\u011f\u0131n\u0131, okuyanlar\u0131n da internet \u00fczerinden takip etti\u011fini, uygulamay\u0131 be\u011fendi\u011fini s\u00f6yledi.<\/p>\n<p style=\"text-align: justify;\"><a href=\"http:\/\/d.haber3.com\/other2\/2014\/10\/27\/berber-dukkanda-kutuphane-olusturdu-DHA-2ee0d21c8012e77122e747c0437c1a4e-1-t.jpg\"><img loading=\"lazy\" decoding=\"async\" class=\"alignnone\" src=\"http:\/\/d.haber3.com\/other2\/2014\/10\/27\/berber-dukkanda-kutuphane-olusturdu-DHA-2ee0d21c8012e77122e747c0437c1a4e-1-t.jpg\" alt=\"\" width=\"250\" height=\"150\" \/><\/a> <a href=\"http:\/\/d.haber3.com\/other2\/2014\/10\/27\/berber-dukkanda-kutuphane-olusturdu-DHA-2ee0d21c8012e77122e747c0437c1a4e-2-t.jpg\"><img loading=\"lazy\" decoding=\"async\" class=\"alignnone\" src=\"http:\/\/d.haber3.com\/other2\/2014\/10\/27\/berber-dukkanda-kutuphane-olusturdu-DHA-2ee0d21c8012e77122e747c0437c1a4e-2-t.jpg\" alt=\"\" width=\"250\" height=\"150\" \/><\/a><\/p>\n<p style=\"text-align: justify;\">Kaynak: http:\/\/www.haber3.com\/<\/p>\n","protected":false},"excerpt":{"rendered":"<p>Bal\u0131kesir&#8217;in Sava\u015ftepe \u0130l\u00e7esi&#8217;nde uzun y\u0131llard\u0131r berberlik yapan 45 ya\u015f\u0131ndaki Nuri Ya\u015far, m\u00fc\u015fterilerinin okumas\u0131 i\u00e7in i\u015fyerinde y\u00fczlerce kitaptan k\u00fct\u00fcphane olu\u015fturdu. Evli 2 \u00e7ocuk babas\u0131 Nuri Ya\u015far ile arkada\u015flar\u0131, il\u00e7e i\u00e7in iyi bir \u015feyler yapabilmek amac\u0131yla Sava\u015ftepe G\u00f6n\u00fcll\u00fcleri Platformu&#8217;nu kurdu. Neler yap\u0131labilece\u011fini d\u00fc\u015f\u00fcnen Ya\u015far&#8217;\u0131n akl\u0131na ilgin\u00e7 bir fikir geldi. M\u00fc\u015fterilerin s\u0131ra beklerken bo\u015f oturdu\u011funu g\u00f6ren Ya\u015far, i\u015fyerine [&hellip;]<\/p>\n","protected":false},"author":1,"featured_media":0,"comment_status":"open","ping_status":"open","sticky":false,"template":"","format":"standard","meta":{"footnotes":""},"categories":[1],"tags":[780],"class_list":["post-15175","post","type-post","status-publish","format-standard","hentry","category-genel","tag-berber-kutuphaneleri"],"_links":{"self":[{"href":"https:\/\/www.bbyhaber.com\/bby\/wp-json\/wp\/v2\/posts\/15175"}],"collection":[{"href":"https:\/\/www.bbyhaber.com\/bby\/wp-json\/wp\/v2\/posts"}],"about":[{"href":"https:\/\/www.bbyhaber.com\/bby\/wp-json\/wp\/v2\/types\/post"}],"author":[{"embeddable":true,"href":"https:\/\/www.bbyhaber.com\/bby\/wp-json\/wp\/v2\/users\/1"}],"replies":[{"embeddable":true,"href":"https:\/\/www.bbyhaber.com\/bby\/wp-json\/wp\/v2\/comments?post=15175"}],"version-history":[{"count":0,"href":"https:\/\/www.bbyhaber.com\/bby\/wp-json\/wp\/v2\/posts\/15175\/revisions"}],"wp:attachment":[{"href":"https:\/\/www.bbyhaber.com\/bby\/wp-json\/wp\/v2\/media?parent=15175"}],"wp:term":[{"taxonomy":"category","embeddable":true,"href":"https:\/\/www.bbyhaber.com\/bby\/wp-json\/wp\/v2\/categories?post=15175"},{"taxonomy":"post_tag","embeddable":true,"href":"https:\/\/www.bbyhaber.com\/bby\/wp-json\/wp\/v2\/tags?post=15175"}],"curies":[{"name":"wp","href":"https:\/\/api.w.org\/{rel}","templated":true}]}}