{"id":15167,"date":"2014-10-27T14:51:06","date_gmt":"2014-10-27T11:51:06","guid":{"rendered":"http:\/\/www.bbyhaber.com\/bby\/?p=15167"},"modified":"2014-10-27T14:55:20","modified_gmt":"2014-10-27T11:55:20","slug":"ankosun-2015-yili-iki-onemli-etkinligi-aciklandi","status":"publish","type":"post","link":"https:\/\/www.bbyhaber.com\/bby\/2014\/10\/27\/ankosun-2015-yili-iki-onemli-etkinligi-aciklandi","title":{"rendered":"ANKOS&#8217;un 2015 y\u0131l\u0131 iki \u00f6nemli etkinli\u011fi a\u00e7\u0131kland\u0131"},"content":{"rendered":"<p style=\"text-align: justify;\"><img loading=\"lazy\" decoding=\"async\" class=\"alignleft\" src=\"http:\/\/www.bbyhaber.com\/bby\/wp-content\/uploads\/bby-dernek-logolar\/ankos-logo.gif\" alt=\"\" width=\"164\" height=\"86\" \/>ANKOS\u2019un uluslararas\u0131 faaliyetleri kapsam\u0131nda <strong>2015 y\u0131l\u0131<\/strong> i\u00e7inde <strong>ANKOS ev sahipli\u011finde<\/strong> <strong>\u0130stanbul\u2019d<\/strong>a ger\u00e7ekle\u015ftirilece\u011fi <strong>iki \u00f6nemli etkinli\u011fi<\/strong> a\u015fa\u011f\u0131daki gibidir.<\/p>\n<p style=\"text-align: justify;\">Bu etkinliklerden <strong>birincisi<\/strong>, IFLA\u2019n\u0131n en az y\u0131ll\u0131k toplant\u0131s\u0131 kadar \u00f6nem verdi\u011fi IFLA Ba\u015fkanl\u0131k toplant\u0131s\u0131d\u0131r. IFLA Ba\u015fkan\u0131 Sinikka Sipila\u2019n\u0131n g\u00f6rev s\u00fcresi i\u00e7inde ikinci kez ger\u00e7ekle\u015ftirilecek olan toplant\u0131n\u0131n, \u0130stanbul\u2019da d\u00fczenlenmesi i\u00e7in yo\u011fun bir uluslararas\u0131 lobi faaliyeti y\u00fcr\u00fct\u00fclm\u00fc\u015ft\u00fcr. T\u00fcrkiye\u2019nin gelecek d\u00f6nemde IFLA ile ili\u015fkilerinin geli\u015ftirilmesi a\u00e7\u0131s\u0131ndan bu toplant\u0131n\u0131n \u0130stanbul\u2019da d\u00fczenlenecek olmas\u0131 kritik bir \u00f6neme sahiptir.<!--more-->\u00a0 <strong>IFLA Ba\u015fkanl\u0131k toplant\u0131s\u0131 3-5 Haziran 2015<\/strong> tarihlerinde \u0130stanbul Bilgi \u00dcniversitesi Santral kamp\u00fcs\u00fcnde ger\u00e7ekle\u015ftirilecektir. Toplant\u0131 \u00e7al\u0131\u015fmalar\u0131 T\u00fcrk K\u00fct\u00fcphaneciler Derne\u011fi Genel Merkezi i\u015fbirli\u011fi ile y\u00fcr\u00fct\u00fclmektedir.<\/p>\n<p style=\"text-align: justify;\">2015 y\u0131l\u0131n\u0131n <strong>ikinci uluslararas\u0131 etkinli\u011fi,<\/strong> ANKOS \u0130\u015fbirli\u011fi Grubu\u2019nun giri\u015fimleri sonucunda \u0130stanbul\u2019da d\u00fczenlenmesine karar verilen Interlending &amp; Document Supply Conferece\u2019d\u0131r. IFLA Document Delivery &amp; Resource Sharing Standing Committe taraf\u0131ndan iki y\u0131lda bir farkl\u0131 bir \u00fclkede ger\u00e7ekle\u015ftirilen ve k\u00fcresel d\u00fczeyde <strong>k\u00fct\u00fcphaneler aras\u0131 kaynak payla\u015f\u0131m\u0131 ve dok\u00fcman sa\u011flama faaliyetlerinin ele al\u0131nd\u0131\u011f\u0131 bu konferans\u0131n<\/strong> 15.si\u00a0 \u201c<strong>Resource Sharing at the Crossraods\u201d\u00a0 temas\u0131yla 3-5 Ekim 2015<\/strong> tarihlerinde \u0130stanbul\u2019da d\u00fczenlenecektir.<\/p>\n<p style=\"text-align: justify;\">Toplant\u0131 program\u0131 ve yeri ilerleyen tarihlerde a\u00e7\u0131klanacakt\u0131r.<\/p>\n","protected":false},"excerpt":{"rendered":"<p>ANKOS\u2019un uluslararas\u0131 faaliyetleri kapsam\u0131nda 2015 y\u0131l\u0131 i\u00e7inde ANKOS ev sahipli\u011finde \u0130stanbul\u2019da ger\u00e7ekle\u015ftirilece\u011fi iki \u00f6nemli etkinli\u011fi a\u015fa\u011f\u0131daki gibidir. Bu etkinliklerden birincisi, IFLA\u2019n\u0131n en az y\u0131ll\u0131k toplant\u0131s\u0131 kadar \u00f6nem verdi\u011fi IFLA Ba\u015fkanl\u0131k toplant\u0131s\u0131d\u0131r. IFLA Ba\u015fkan\u0131 Sinikka Sipila\u2019n\u0131n g\u00f6rev s\u00fcresi i\u00e7inde ikinci kez ger\u00e7ekle\u015ftirilecek olan toplant\u0131n\u0131n, \u0130stanbul\u2019da d\u00fczenlenmesi i\u00e7in yo\u011fun bir uluslararas\u0131 lobi faaliyeti y\u00fcr\u00fct\u00fclm\u00fc\u015ft\u00fcr. T\u00fcrkiye\u2019nin gelecek d\u00f6nemde [&hellip;]<\/p>\n","protected":false},"author":1,"featured_media":0,"comment_status":"open","ping_status":"open","sticky":false,"template":"","format":"standard","meta":{"footnotes":""},"categories":[1,1578],"tags":[1015],"class_list":["post-15167","post","type-post","status-publish","format-standard","hentry","category-genel","category-ifla","tag-ankos"],"_links":{"self":[{"href":"https:\/\/www.bbyhaber.com\/bby\/wp-json\/wp\/v2\/posts\/15167"}],"collection":[{"href":"https:\/\/www.bbyhaber.com\/bby\/wp-json\/wp\/v2\/posts"}],"about":[{"href":"https:\/\/www.bbyhaber.com\/bby\/wp-json\/wp\/v2\/types\/post"}],"author":[{"embeddable":true,"href":"https:\/\/www.bbyhaber.com\/bby\/wp-json\/wp\/v2\/users\/1"}],"replies":[{"embeddable":true,"href":"https:\/\/www.bbyhaber.com\/bby\/wp-json\/wp\/v2\/comments?post=15167"}],"version-history":[{"count":0,"href":"https:\/\/www.bbyhaber.com\/bby\/wp-json\/wp\/v2\/posts\/15167\/revisions"}],"wp:attachment":[{"href":"https:\/\/www.bbyhaber.com\/bby\/wp-json\/wp\/v2\/media?parent=15167"}],"wp:term":[{"taxonomy":"category","embeddable":true,"href":"https:\/\/www.bbyhaber.com\/bby\/wp-json\/wp\/v2\/categories?post=15167"},{"taxonomy":"post_tag","embeddable":true,"href":"https:\/\/www.bbyhaber.com\/bby\/wp-json\/wp\/v2\/tags?post=15167"}],"curies":[{"name":"wp","href":"https:\/\/api.w.org\/{rel}","templated":true}]}}