{"id":15159,"date":"2014-10-27T11:49:40","date_gmt":"2014-10-27T08:49:40","guid":{"rendered":"http:\/\/www.bbyhaber.com\/bby\/?p=15159"},"modified":"2014-11-01T15:11:29","modified_gmt":"2014-11-01T12:11:29","slug":"turk-kutuphaneciliginde-bilimsel-iletisim-surecini-iyilestirme-anketi","status":"publish","type":"post","link":"https:\/\/www.bbyhaber.com\/bby\/2014\/10\/27\/turk-kutuphaneciliginde-bilimsel-iletisim-surecini-iyilestirme-anketi","title":{"rendered":"T\u00fcrk K\u00fct\u00fcphanecili\u011finde Bilimsel \u0130leti\u015fim S\u00fcrecini \u0130yile\u015ftirme Anketi"},"content":{"rendered":"<p style=\"text-align: justify;\"><img loading=\"lazy\" decoding=\"async\" class=\"alignleft\" src=\"http:\/\/www.bbyhaber.com\/bby\/wp-content\/uploads\/2014\/03\/tk-logo.jpg\" alt=\"\" width=\"150\" height=\"150\" \/>12 Ekim 2012 tarihinde <strong>T\u00fcrk K\u00fct\u00fcphanecili\u011fi Dergisi<\/strong>\u2019nin 60. Yay\u0131n Y\u0131l\u0131 kutlamalar\u0131 \u00e7er\u00e7evesinde d\u00fczenlenen forum ve 3-5 Eyl\u00fcl 2014 tarihleri aras\u0131nda Kastamonu \u00dcniversitesi Bilgi ve Belge Y\u00f6netimi taraf\u0131ndan d\u00fczenlenen Uluslararas\u0131 K\u00fct\u00fcphane ve Bilgibilim Felsefesi Sempozyumu\u2019nda ger\u00e7ekle\u015ftirilen \u201cT\u00fcrk K\u00fct\u00fcphanecili\u011finde Bilimsel \u0130leti\u015fim S\u00fcrecini \u0130yile\u015ftirme \u00c7al\u0131\u015ftay\u0131\u201d kapsam\u0131ndaki meslekta\u015flar\u0131m\u0131z\u0131n \u00f6neri ve yorumlar\u0131nda var\u0131lan ortak nokta bilimsel de\u011ferlendirmede kullanmakta oldu\u011fumuz &#8220;<strong>\u00e7ifte k\u00f6rleme<\/strong>&#8221; sisteminin de\u011fi\u015ftirilmesi y\u00f6n\u00fcnde olmu\u015ftur. <strong>Meslekta\u015flar\u0131m\u0131z \u00f6zetle, sa\u011fl\u0131kl\u0131 bilimsel ileti\u015fim s\u00fcrecinin \u015feffafl\u0131kla devam edebilece\u011fini, yazar ve hakemlerin birbirini tan\u0131mas\u0131 ile s\u00fcrecin ba\u015far\u0131ya ula\u015fabilece\u011fini belirtmi\u015flerdir.<\/strong><!--more--><\/p>\n<p style=\"text-align: justify;\">Bu konuda en do\u011fru karar\u0131 olu\u015fturabilmek i\u00e7in s\u00f6z konusu etkinliklere kat\u0131lan\/kat\u0131lamayan meslekta\u015flar\u0131m\u0131z\u0131n da g\u00f6r\u00fc\u015flerini alarak toplu bir de\u011ferlendirme yapmak amac\u0131yla<strong> a\u015fa\u011f\u0131daki k\u0131sa sorulara cevap aramaktay\u0131z<\/strong>. <strong>Anketten elde edece\u011fimiz sonu\u00e7lar \u00e7al\u0131\u015ftay kapsam\u0131nda sundu\u011fumuz bilgilerle bir b\u00fct\u00fcn olarak de\u011ferlendirilecek ve ilgili platformlarda sizlerle payla\u015f\u0131lacakt\u0131r<\/strong>. Kat\u0131l\u0131mc\u0131 isimleri gizli tutulacak olup, <span style=\"color: #ff0000;\"><strong>anketimiz 31 Ekim 2014 tarihine kadar a\u00e7\u0131k olacakt\u0131r.<\/strong><\/span><\/p>\n<p><em>T\u00fcrk K\u00fct\u00fcphanecili\u011fi Dergisi<\/em><br \/>\n<em>Edit\u00f6rler Kurulu<\/em><\/p>\n<p style=\"text-align: justify;\"><a href=\"https:\/\/accounts.google.com\/ServiceLogin?service=wise&amp;passive=1209600&amp;continue=https%3A%2F%2Fdocs.google.com%2Fforms%2Fd%2F1w2epJn59Pn3WLxfZz4Km-JAlkPB_Z3G_Vj1jBlD0ezI%2Fviewform%3Fc%3D0%26w%3D1%26usp%3Dsend_form&amp;followup=https%3A%2F%2Fdocs.google.com%2Fforms%2Fd%2F1w2epJn59Pn3WLxfZz4Km-JAlkPB_Z3G_Vj1jBlD0ezI%2Fviewform%3Fc%3D0%26w%3D1%26usp%3Dsend_form&amp;ltmpl=forms\" target=\"_blank\"><span style=\"color: #0000ff;\"><strong>Ankete kat\u0131lmak i\u00e7in l\u00fctfen t\u0131klay\u0131n\u0131z.<\/strong><\/span><\/a><br \/>\n(Anketi doldurabilmeniz i\u00e7in bir gmail hesab\u0131n\u0131z\u0131n olmas\u0131 gerekmektedir)<\/p>\n","protected":false},"excerpt":{"rendered":"<p>12 Ekim 2012 tarihinde T\u00fcrk K\u00fct\u00fcphanecili\u011fi Dergisi\u2019nin 60. Yay\u0131n Y\u0131l\u0131 kutlamalar\u0131 \u00e7er\u00e7evesinde d\u00fczenlenen forum ve 3-5 Eyl\u00fcl 2014 tarihleri aras\u0131nda Kastamonu \u00dcniversitesi Bilgi ve Belge Y\u00f6netimi taraf\u0131ndan d\u00fczenlenen Uluslararas\u0131 K\u00fct\u00fcphane ve Bilgibilim Felsefesi Sempozyumu\u2019nda ger\u00e7ekle\u015ftirilen \u201cT\u00fcrk K\u00fct\u00fcphanecili\u011finde Bilimsel \u0130leti\u015fim S\u00fcrecini \u0130yile\u015ftirme \u00c7al\u0131\u015ftay\u0131\u201d kapsam\u0131ndaki meslekta\u015flar\u0131m\u0131z\u0131n \u00f6neri ve yorumlar\u0131nda var\u0131lan ortak nokta bilimsel de\u011ferlendirmede kullanmakta oldu\u011fumuz &#8220;\u00e7ifte [&hellip;]<\/p>\n","protected":false},"author":1,"featured_media":0,"comment_status":"open","ping_status":"open","sticky":false,"template":"","format":"standard","meta":{"footnotes":""},"categories":[],"tags":[1416],"class_list":["post-15159","post","type-post","status-publish","format-standard","hentry","tag-turk-kutuphaneciligi"],"_links":{"self":[{"href":"https:\/\/www.bbyhaber.com\/bby\/wp-json\/wp\/v2\/posts\/15159"}],"collection":[{"href":"https:\/\/www.bbyhaber.com\/bby\/wp-json\/wp\/v2\/posts"}],"about":[{"href":"https:\/\/www.bbyhaber.com\/bby\/wp-json\/wp\/v2\/types\/post"}],"author":[{"embeddable":true,"href":"https:\/\/www.bbyhaber.com\/bby\/wp-json\/wp\/v2\/users\/1"}],"replies":[{"embeddable":true,"href":"https:\/\/www.bbyhaber.com\/bby\/wp-json\/wp\/v2\/comments?post=15159"}],"version-history":[{"count":0,"href":"https:\/\/www.bbyhaber.com\/bby\/wp-json\/wp\/v2\/posts\/15159\/revisions"}],"wp:attachment":[{"href":"https:\/\/www.bbyhaber.com\/bby\/wp-json\/wp\/v2\/media?parent=15159"}],"wp:term":[{"taxonomy":"category","embeddable":true,"href":"https:\/\/www.bbyhaber.com\/bby\/wp-json\/wp\/v2\/categories?post=15159"},{"taxonomy":"post_tag","embeddable":true,"href":"https:\/\/www.bbyhaber.com\/bby\/wp-json\/wp\/v2\/tags?post=15159"}],"curies":[{"name":"wp","href":"https:\/\/api.w.org\/{rel}","templated":true}]}}