{"id":15156,"date":"2014-10-25T01:43:00","date_gmt":"2014-10-24T22:43:00","guid":{"rendered":"http:\/\/www.bbyhaber.com\/bby\/?p=15156"},"modified":"2014-10-25T01:43:00","modified_gmt":"2014-10-24T22:43:00","slug":"safranboluda-okusun-da-buyusun-projesi","status":"publish","type":"post","link":"https:\/\/www.bbyhaber.com\/bby\/2014\/10\/25\/safranboluda-okusun-da-buyusun-projesi","title":{"rendered":"Safranbolu&#8217;da &#8220;Okusun da B\u00fcy\u00fcs\u00fcn&#8221; Projesi"},"content":{"rendered":"<p><img loading=\"lazy\" decoding=\"async\" class=\"alignleft\" src=\"https:\/\/scontent-b-fra.xx.fbcdn.net\/hphotos-xpa1\/v\/t1.0-9\/969148_105685599638024_1841596478_n.jpg?oh=9cea65a6c95ebf5a27b8ead0b431adec&amp;oe=54AF9ACE\" alt=\"\" width=\"250\" height=\"177\" \/>Safranbolu \u0130l\u00e7e Halk K\u00fct\u00fcphanesi&#8217;nde,\u00a0&#8220;Okusun da B\u00fcy\u00fcs\u00fcn&#8221; Projesi\u00a0kapsam\u0131nda\u00a0\u00e7ocuk b\u00f6l\u00fcm\u00fc a\u00e7\u0131ld\u0131.<\/p>\n<p>Kaymakam\u00a0Murat Bulacak, a\u00e7\u0131l\u0131\u015f t\u00f6reninde yapt\u0131\u011f\u0131 konu\u015fmada, projede\u00a0eme\u011fi ge\u00e7enlere te\u015fekk\u00fcr etti\u011fini belirtti.<!--more--><\/p>\n<p>&#8220;A\u011fa\u00e7 ya\u015fken e\u011filir&#8221; atas\u00f6z\u00fcn\u00fc an\u0131msatan\u00a0Bulacak, \u015funlar\u0131 s\u00f6yledi:<\/p>\n<p>&#8220;Ama bazen a\u011fac\u0131, ya\u015fken e\u011fmeyi unutuyoruz. \u0130nternette bilgileri buluyoruz ama \u00e7ok da g\u00fcvenemiyoruz. Belki de birilerinin, bilmemizi istedi\u011fini g\u00f6r\u00fcyoruz. Ger\u00e7e\u011fi bilmiyoruz ve ara\u015ft\u0131rm\u0131yoruz. Okumad\u0131k, okumad\u0131\u011f\u0131m\u0131z gibi yeti\u015ftirdi\u011fimiz nesil, bizden daha da az okudu. Yurt d\u0131\u015f\u0131nda metroda, u\u00e7akta ve\u00a0her yerde\u00a0kitap okunuyor. \u00dclkemizde b\u00f6yle bir \u015fey yok. Faydas\u0131z i\u015flerin hep muhabbetini yap\u0131yoruz.&#8221;<\/p>\n<p>\u0130l\u00e7e Halk K\u00fct\u00fcphanesi M\u00fcd\u00fcr\u00fc Buket Akbulut da\u00a0proje kapsam\u0131nda\u00a0\u00e7ocuklar\u0131n zevk alaca\u011f\u0131 bir ortam yaratmay\u0131,\u00a0okuma ve\u00a0yazmay\u0131 oynad\u0131klar\u0131 oyunlar\u0131n\u00a0bir par\u00e7as\u0131 haline getirmeyi hedeflediklerini vurgulad\u0131.<\/p>\n<p>Akbulut, \u015f\u00f6yle konu\u015ftu:<\/p>\n<p>&#8220;Projeyle birlikte \u00e7ocuklar\u00a0ve aileleri\u00a0k\u00fct\u00fcphane al\u0131\u015fkanl\u0131\u011f\u0131 kazanacak. Safranbolu&#8217;da yeti\u015fen her \u00e7ocu\u011fun geli\u015fiminde sorumlulu\u011fumuz bulunmaktad\u0131r. Projemizin \u00f6zel amac\u0131, il\u00e7emizde okul \u00f6ncesi e\u011fitim oran\u0131n\u0131n artmas\u0131na katk\u0131 sa\u011flamak. Hedef kitlenin e\u011fitime bak\u0131\u015f a\u00e7\u0131s\u0131nda olumlu iyile\u015ftirmeler yapmak. \u00c7ocuklar i\u00e7in e\u011flence ve \u00f6\u011frenme ortam\u0131 haz\u0131rlamak, engelli okul \u00f6ncesi \u00e7ocuklar\u0131na ula\u015farak k\u00fct\u00fcphane ortam\u0131n\u0131 g\u00f6rmelerini sa\u011flamak, erken \u00e7ocukluk d\u00f6neminde \u00e7ocuklara verilen k\u00fct\u00fcphane hizmetlerinin ne kadar \u00f6nemli oldu\u011funa dikkat \u00e7ekmek olanak sa\u011flamakt\u0131r.&#8221;<\/p>\n<p>AA<\/p>\n","protected":false},"excerpt":{"rendered":"<p>Safranbolu \u0130l\u00e7e Halk K\u00fct\u00fcphanesi&#8217;nde,\u00a0&#8220;Okusun da B\u00fcy\u00fcs\u00fcn&#8221; Projesi\u00a0kapsam\u0131nda\u00a0\u00e7ocuk b\u00f6l\u00fcm\u00fc a\u00e7\u0131ld\u0131. Kaymakam\u00a0Murat Bulacak, a\u00e7\u0131l\u0131\u015f t\u00f6reninde yapt\u0131\u011f\u0131 konu\u015fmada, projede\u00a0eme\u011fi ge\u00e7enlere te\u015fekk\u00fcr etti\u011fini belirtti.<\/p>\n","protected":false},"author":129,"featured_media":0,"comment_status":"open","ping_status":"open","sticky":false,"template":"","format":"standard","meta":{"footnotes":""},"categories":[1],"tags":[613,612],"class_list":["post-15156","post","type-post","status-publish","format-standard","hentry","category-genel","tag-okusun-da-buyusun-projesi","tag-safranbolu-ilce-halk-kutuphanesi"],"_links":{"self":[{"href":"https:\/\/www.bbyhaber.com\/bby\/wp-json\/wp\/v2\/posts\/15156"}],"collection":[{"href":"https:\/\/www.bbyhaber.com\/bby\/wp-json\/wp\/v2\/posts"}],"about":[{"href":"https:\/\/www.bbyhaber.com\/bby\/wp-json\/wp\/v2\/types\/post"}],"author":[{"embeddable":true,"href":"https:\/\/www.bbyhaber.com\/bby\/wp-json\/wp\/v2\/users\/129"}],"replies":[{"embeddable":true,"href":"https:\/\/www.bbyhaber.com\/bby\/wp-json\/wp\/v2\/comments?post=15156"}],"version-history":[{"count":0,"href":"https:\/\/www.bbyhaber.com\/bby\/wp-json\/wp\/v2\/posts\/15156\/revisions"}],"wp:attachment":[{"href":"https:\/\/www.bbyhaber.com\/bby\/wp-json\/wp\/v2\/media?parent=15156"}],"wp:term":[{"taxonomy":"category","embeddable":true,"href":"https:\/\/www.bbyhaber.com\/bby\/wp-json\/wp\/v2\/categories?post=15156"},{"taxonomy":"post_tag","embeddable":true,"href":"https:\/\/www.bbyhaber.com\/bby\/wp-json\/wp\/v2\/tags?post=15156"}],"curies":[{"name":"wp","href":"https:\/\/api.w.org\/{rel}","templated":true}]}}