{"id":15141,"date":"2014-10-24T00:20:06","date_gmt":"2014-10-23T21:20:06","guid":{"rendered":"http:\/\/www.bbyhaber.com\/bby\/?p=15141"},"modified":"2014-10-24T15:52:34","modified_gmt":"2014-10-24T12:52:34","slug":"burdur-makude-gorme-engelliler-icin-kutuphane-hizmeti","status":"publish","type":"post","link":"https:\/\/www.bbyhaber.com\/bby\/2014\/10\/24\/burdur-makude-gorme-engelliler-icin-kutuphane-hizmeti","title":{"rendered":"Burdur Mak\u00fc&#8217;de G\u00f6rme Engelliler \u0130\u00e7in K\u00fct\u00fcphane Hizmeti"},"content":{"rendered":"<p><img loading=\"lazy\" decoding=\"async\" class=\"alignleft\" src=\"http:\/\/d.haberciniz.biz\/other\/burdur-makude-gorme-engelliler-icin-kutuphane-hizmeti-CHA-1564234-1-t.jpg\" alt=\"\" width=\"332\" height=\"177\" \/><\/p>\n<p>Burdur Mehmet Akif Ersoy \u00dcniversitesi (MAK\u00dc) K\u00fct\u00fcphane ve Dok\u00fcmantasyon Daire Ba\u015fkanl\u0131\u011f\u0131 taraf\u0131ndan, G\u00f6rme Engellilere Y\u00f6nelik K\u00fct\u00fcphane Sistemi olu\u015fturuldu. Sistemde g\u00f6rme engelli \u00f6\u011frenciler ve isteyen kullan\u0131c\u0131lar bilgi kaynaklar\u0131na eri\u015febilecek.<!--[if gte vml 1]><v:shapetype id=\"_x0000_t75\"\ncoordsize=\"21600,21600\" o:spt=\"75\" o:preferrelative=\"t\" path=\"m@4@5l@4@11@9@11@9@5xe\"\nfilled=\"f\" stroked=\"f\">\n<v:stroke joinstyle=\"miter\"\/>\n<v:formulas>\n<v:f eqn=\"if lineDrawn pixelLineWidth 0\"\/>\n<v:f eqn=\"sum @0 1 0\"\/>\n<v:f eqn=\"sum 0 0 @1\"\/>\n<v:f eqn=\"prod @2 1 2\"\/>\n<v:f eqn=\"prod @3 21600 pixelWidth\"\/>\n<v:f eqn=\"prod @3 21600 pixelHeight\"\/>\n<v:f eqn=\"sum @0 0 1\"\/>\n<v:f eqn=\"prod @6 1 2\"\/>\n<v:f eqn=\"prod @7 21600 pixelWidth\"\/>\n<v:f eqn=\"sum @8 21600 0\"\/>\n<v:f eqn=\"prod @7 21600 pixelHeight\"\/>\n<v:f eqn=\"sum @10 21600 0\"\/>\n<\/v:formulas>\n<v:path o:extrusionok=\"f\" gradientshapeok=\"t\" o:connecttype=\"rect\"\/>\n<o:lock v:ext=\"edit\" aspectratio=\"t\"\/>\n<\/v:shapetype><v:shape id=\"Resim_x0020_1\" o:spid=\"_x0000_i1025\" type=\"#_x0000_t75\"\nalt=\"http:\/\/www.bbyhaber.com\/bby\/wp-includes\/js\/tinymce\/plugins\/wordpress\/img\/trans.gif\"\nstyle='width:.75pt;height:.75pt;visibility:visible;mso-wrap-style:square'>\n<v:imagedata src=\"file:\/\/\/C:\\Users\\ismail\\AppData\\Local\\Temp\\msohtmlclip1\\01\\clip_image001.gif\"\no:title=\"trans\"\/>\n<\/v:shape><![endif]--><!--[if !vml]--><img loading=\"lazy\" decoding=\"async\" src=\"file:\/\/\/C:\\Users\\ismail\\AppData\\Local\\Temp\\msohtmlclip1\\01\\clip_image001.gif\" alt=\"http:\/\/www.bbyhaber.com\/bby\/wp-includes\/js\/tinymce\/plugins\/wordpress\/img\/trans.gif\" width=\"1\" height=\"1\" \/><!--more--><!--[endif]--><\/p>\n<p>Sistemde materyaller, bilgisayar ekran\u0131nda seslendiren \u00f6zel programlar arac\u0131l\u0131\u011f\u0131yla dinlenebilece\u011fi gibi bilgisayar ekran\u0131nda yer alan yaz\u0131y\u0131 an\u0131nda kabartma yaz\u0131ya \u00e7eviren cihazlar arac\u0131l\u0131\u011f\u0131yla da bu yaz\u0131y\u0131 bilenler taraf\u0131ndan okunabilecek. Ayr\u0131ca, sesli veriler kaydedilerek ta\u015f\u0131nabilir ve dinlenebilir hale gelecek. Az g\u00f6renler i\u00e7in yaz\u0131y\u0131 b\u00fcy\u00fct\u00fcp sesli okuma yapabilen dok\u00fcman b\u00fcy\u00fctme ekran\u0131 ve ta\u015f\u0131nabilir b\u00fcy\u00fcte\u00e7ler bilgiye ula\u015fmalar\u0131n\u0131 kolayla\u015ft\u0131racak.<\/p>\n<p>Burdur&#8217;da ya\u015fayan g\u00f6rme engelli veya az g\u00f6ren bireyler isterlerse k\u00fct\u00fcphaneye \u00fcye olarak yap\u0131lan hizmetlerden yararlanabilecek.<\/p>\n<p>C\u0130HAN<\/p>\n<p><a href=\"http:\/\/www.haber3.com\/burdur-makude-gorme-engelliler-icin-kutuphane-hizmeti-2971480h.htm#ixzz3H0Nx9LeN\"><br \/>\n<\/a><\/p>\n","protected":false},"excerpt":{"rendered":"<p>Burdur Mehmet Akif Ersoy \u00dcniversitesi (MAK\u00dc) K\u00fct\u00fcphane ve Dok\u00fcmantasyon Daire Ba\u015fkanl\u0131\u011f\u0131 taraf\u0131ndan, G\u00f6rme Engellilere Y\u00f6nelik K\u00fct\u00fcphane Sistemi olu\u015fturuldu. Sistemde g\u00f6rme engelli \u00f6\u011frenciler ve isteyen kullan\u0131c\u0131lar bilgi kaynaklar\u0131na eri\u015febilecek.<\/p>\n","protected":false},"author":129,"featured_media":0,"comment_status":"open","ping_status":"open","sticky":false,"template":"","format":"standard","meta":{"footnotes":""},"categories":[1,1487],"tags":[1443,1437],"class_list":["post-15141","post","type-post","status-publish","format-standard","hentry","category-genel","category-gorme-engelli-kutuphane","tag-sesli-kutuphaneler","tag-univ-arastirma-kutuphaneleri"],"_links":{"self":[{"href":"https:\/\/www.bbyhaber.com\/bby\/wp-json\/wp\/v2\/posts\/15141"}],"collection":[{"href":"https:\/\/www.bbyhaber.com\/bby\/wp-json\/wp\/v2\/posts"}],"about":[{"href":"https:\/\/www.bbyhaber.com\/bby\/wp-json\/wp\/v2\/types\/post"}],"author":[{"embeddable":true,"href":"https:\/\/www.bbyhaber.com\/bby\/wp-json\/wp\/v2\/users\/129"}],"replies":[{"embeddable":true,"href":"https:\/\/www.bbyhaber.com\/bby\/wp-json\/wp\/v2\/comments?post=15141"}],"version-history":[{"count":0,"href":"https:\/\/www.bbyhaber.com\/bby\/wp-json\/wp\/v2\/posts\/15141\/revisions"}],"wp:attachment":[{"href":"https:\/\/www.bbyhaber.com\/bby\/wp-json\/wp\/v2\/media?parent=15141"}],"wp:term":[{"taxonomy":"category","embeddable":true,"href":"https:\/\/www.bbyhaber.com\/bby\/wp-json\/wp\/v2\/categories?post=15141"},{"taxonomy":"post_tag","embeddable":true,"href":"https:\/\/www.bbyhaber.com\/bby\/wp-json\/wp\/v2\/tags?post=15141"}],"curies":[{"name":"wp","href":"https:\/\/api.w.org\/{rel}","templated":true}]}}