{"id":1514,"date":"2011-12-07T21:27:51","date_gmt":"2011-12-07T21:27:51","guid":{"rendered":"http:\/\/www.bbyhaber.com\/bby\/?p=1514"},"modified":"2012-09-07T13:05:01","modified_gmt":"2012-09-07T10:05:01","slug":"gorme-engelliler-icin-kitap-seslendirme-hizmeti","status":"publish","type":"post","link":"https:\/\/www.bbyhaber.com\/bby\/2011\/12\/07\/gorme-engelliler-icin-kitap-seslendirme-hizmeti","title":{"rendered":"G\u00f6rme Engelliler \u0130\u00e7in Kitap Seslendirme Hizmeti"},"content":{"rendered":"<p style=\"text-align: justify;\">Emin G\u00fcrb\u00fcz &#8211; \u0130brahim Tezel &#8211; Bolu \u0130l Halk K\u00fct\u00fcphanesinde kurulan bilgisayar sistemiyle g\u00f6rme engelliler i\u00e7in kitaplar seslendirilecek, sesli y\u00f6nlendirme arac\u0131l\u0131\u011f\u0131yla da engellilerin interneti kullanmalar\u0131 sa\u011flanacak.K\u00fct\u00fcphaneler ve Yay\u0131mlar Genel M\u00fcd\u00fcrl\u00fc\u011f\u00fcnce g\u00f6rme engelli ve g\u00f6rme kusuru bulunan ki\u015filer i\u00e7in geli\u015ftirilen &#8220;B\u0130LED Projesi&#8221; Bolu&#8217;da hayata ge\u00e7irildi.<!--more--><\/p>\n<p style=\"text-align: justify;\">Projeyle ilgili Aa muhabirine a\u00e7\u0131klama yapan \u0130l Halk K\u00fct\u00fcphanesi M\u00fcd\u00fcr\u00fc Cemil \u015eahiner, proje ile g\u00f6rme engellilerin k\u00fct\u00fcphane imkanlar\u0131ndan yararlanmas\u0131n\u0131 sa\u011flamay\u0131 ama\u00e7lad\u0131klar\u0131n\u0131 s\u00f6yledi.<\/p>\n<p style=\"text-align: justify;\">Uygulaman\u0131n internetin sesli olarak kullan\u0131m\u0131na da olanak verdi\u011fine dikkati \u00e7eken \u015eahiner, &#8220;Proje, Bakanl\u0131\u011f\u0131m\u0131zca uygulamaya konuldu. Bu proje 85 k\u00fct\u00fcphane i\u00e7in planland\u0131. \u0130l Halk K\u00fct\u00fcphanelerini ve birka\u00e7 il\u00e7e k\u00fct\u00fcphanesini i\u00e7eriyor. Burada teknoloji \u00f6n plana \u00e7\u0131k\u0131yor. Ki\u015filer g\u00fcnl\u00fck bilgileri internetten sesli olarak kulakl\u0131k ya da hoparl\u00f6r yard\u0131m\u0131yla dinleyebiliyorlar&#8221; diye konu\u015ftu.<\/p>\n<p style=\"text-align: justify;\">Bilgisayar sistemini ziyaret\u00e7ilerin rahats\u0131z olmamalar\u0131 i\u00e7in farkl\u0131 bir b\u00f6l\u00fcme kuracaklar\u0131n\u0131 anlatan \u015eahiner, \u015f\u00f6yle devam etti:<\/p>\n<p style=\"text-align: justify;\">&#8220;Birinci sistemde bilgisayar, taray\u0131c\u0131ya yerle\u015ftirdi\u011finiz yay\u0131n\u0131 istedi\u011finiz \u015fekilde b\u00fcy\u00fcterek, renk ve yo\u011funlu\u011funu da ayarlayarak, ekrana yans\u0131t\u0131yor. Az g\u00f6rebilen vatanda\u015flar buradan rahatl\u0131kla okuyabilirler, hi\u00e7bir s\u0131k\u0131nt\u0131lar\u0131 olmayacak. Di\u011fer sistemde ise sesli bir y\u00f6nlendirme program\u0131 bulunuyor. &#8216;Open Look&#8217; denilen sistem ise kitap taray\u0131c\u0131ya yerle\u015ftirildi\u011finde, sesli olarak yans\u0131t\u0131l\u0131yor. \u0130stedi\u011finiz ses ayar\u0131n\u0131 yapabiliyorsunuz. Sesi daha anla\u015f\u0131l\u0131r bi\u00e7imde de ayarlayabiliyorsunuz.&#8217;G\u00f6rme engelliyim, kitap okuyam\u0131yorum&#8217; diyemiyorsunuz art\u0131k.&#8221;<\/p>\n<p style=\"text-align: justify;\">G\u00f6rme engellilere, yak\u0131nlar\u0131n\u0131n e\u015flik etmelerini isteyen \u015eahiner, &#8220;Bolu&#8217;da g\u00f6rme engellilerin rahat gidip gelmeleri i\u00e7in d\u00fczenlenmi\u015f yaya kald\u0131r\u0131mlar\u0131 bulunmad\u0131\u011f\u0131 i\u00e7in belki s\u0131k\u0131nt\u0131 olabilecek. Ancak s\u0131k\u0131nt\u0131y\u0131 M\u00fcd\u00fcrl\u00fc\u011f\u00fcm\u00fcze gelinceye kadar \u00e7ekeceklerdir. \u00c7\u00fcnk\u00fc buraya geldiklerinde, onlara her t\u00fcrl\u00fc deste\u011fi sa\u011flayaca\u011f\u0131z. G\u00f6rme engelliler k\u00fct\u00fcphanemize kadar geldiklerinde istedikleri kitab\u0131 okuyabilecekler. Dilerlerse personelimiz de onlara kitap okuyabilir&#8221; dedi.<\/p>\n<p style=\"text-align: justify;\">Kaynak: http:\/\/www.haberler.com<\/p>\n","protected":false},"excerpt":{"rendered":"<p>Emin G\u00fcrb\u00fcz &#8211; \u0130brahim Tezel &#8211; Bolu \u0130l Halk K\u00fct\u00fcphanesinde kurulan bilgisayar sistemiyle g\u00f6rme engelliler i\u00e7in kitaplar seslendirilecek, sesli y\u00f6nlendirme arac\u0131l\u0131\u011f\u0131yla da engellilerin interneti kullanmalar\u0131 sa\u011flanacak.K\u00fct\u00fcphaneler ve Yay\u0131mlar Genel M\u00fcd\u00fcrl\u00fc\u011f\u00fcnce g\u00f6rme engelli ve g\u00f6rme kusuru bulunan ki\u015filer i\u00e7in geli\u015ftirilen &#8220;B\u0130LED Projesi&#8221; Bolu&#8217;da hayata ge\u00e7irildi.<\/p>\n","protected":false},"author":1,"featured_media":0,"comment_status":"open","ping_status":"open","sticky":false,"template":"","format":"standard","meta":{"footnotes":""},"categories":[1487,1503],"tags":[848],"class_list":["post-1514","post","type-post","status-publish","format-standard","hentry","category-gorme-engelli-kutuphane","category-sesli-kutuphane","tag-halk-kutuphaneleri"],"_links":{"self":[{"href":"https:\/\/www.bbyhaber.com\/bby\/wp-json\/wp\/v2\/posts\/1514"}],"collection":[{"href":"https:\/\/www.bbyhaber.com\/bby\/wp-json\/wp\/v2\/posts"}],"about":[{"href":"https:\/\/www.bbyhaber.com\/bby\/wp-json\/wp\/v2\/types\/post"}],"author":[{"embeddable":true,"href":"https:\/\/www.bbyhaber.com\/bby\/wp-json\/wp\/v2\/users\/1"}],"replies":[{"embeddable":true,"href":"https:\/\/www.bbyhaber.com\/bby\/wp-json\/wp\/v2\/comments?post=1514"}],"version-history":[{"count":0,"href":"https:\/\/www.bbyhaber.com\/bby\/wp-json\/wp\/v2\/posts\/1514\/revisions"}],"wp:attachment":[{"href":"https:\/\/www.bbyhaber.com\/bby\/wp-json\/wp\/v2\/media?parent=1514"}],"wp:term":[{"taxonomy":"category","embeddable":true,"href":"https:\/\/www.bbyhaber.com\/bby\/wp-json\/wp\/v2\/categories?post=1514"},{"taxonomy":"post_tag","embeddable":true,"href":"https:\/\/www.bbyhaber.com\/bby\/wp-json\/wp\/v2\/tags?post=1514"}],"curies":[{"name":"wp","href":"https:\/\/api.w.org\/{rel}","templated":true}]}}