{"id":15130,"date":"2014-10-23T00:42:08","date_gmt":"2014-10-22T21:42:08","guid":{"rendered":"http:\/\/www.bbyhaber.com\/bby\/?p=15130"},"modified":"2014-10-24T15:54:46","modified_gmt":"2014-10-24T12:54:46","slug":"5-corlu-kitap-fuari-24-ekimde-basliyor","status":"publish","type":"post","link":"https:\/\/www.bbyhaber.com\/bby\/2014\/10\/23\/5-corlu-kitap-fuari-24-ekimde-basliyor","title":{"rendered":"5. \u00c7orlu Kitap Fuar\u0131 24 Ekimde ba\u015fl\u0131yor"},"content":{"rendered":"<div id=\"news_content\" class=\"text_content\" style=\"margin: 0px 0px 5px; padding: 0px; font-size: 14px; line-height: 22.3999996185303px; font-family: 'Helvetica Neue', Helvetica, Arial, sans-serif;\">\n<p style=\"margin: 0px 0px 10px; padding: 0px; text-align: center;\"><img loading=\"lazy\" decoding=\"async\" class=\"alignleft\" style=\"font-size: 14px; line-height: 22.3999996185303px;\" src=\"http:\/\/haberler.kanal59.com.tr\/haberresim\/\/66385811-5-corlu-kitap-fuari-24-ekimde-basliyor.jpg\" alt=\"\" width=\"332\" height=\"177\" \/>Bu y\u0131l 5&#8217;incisi d\u00fczenlenecek \u00c7orlu Kitap Fuar\u0131, 24 Ekim \u2013 2 Kas\u0131m tarihlerinde ger\u00e7ekle\u015ftirilecek.<\/p>\n<p style=\"margin: 0px 0px 10px; padding: 0px; text-align: center;\">\u00c7orlu Belediyesi, \u00d6zel Trakya Koleji, Orion Al\u0131\u015fveri\u015f Merkezi ve A_s\u0131r Kitapevi\u2019nin i\u015f birli\u011fiyle &#8217;10 G\u00fcn, 30 Yazar&#8217; slogan\u0131yla d\u00fczenlenen \u00c7orlu Kitap Fuar\u0131\u2019nda, T\u00fcrkiye\u2019nin tan\u0131nm\u0131\u015f yazarlar\u0131 kitapseverlerle bulu\u015farak kitaplar\u0131n\u0131 imzalayacak. Orion AVM\u2019nin ev sahipli\u011finde ger\u00e7ekle\u015ftirilecek \u00c7orlu Kitap Fuar\u0131, 24 Ekim 2014 Cuma g\u00fcn\u00fc kap\u0131lar\u0131n\u0131 kitapseverlere a\u00e7acak.<\/p>\n<\/div>\n<div class=\"source\" style=\"margin: 0px; padding: 0px; font-family: 'Helvetica Neue', Helvetica, Arial, sans-serif; font-size: 12px; line-height: normal; text-align: center;\">Cihan<\/div>\n","protected":false},"excerpt":{"rendered":"<p>Bu y\u0131l 5&#8217;incisi d\u00fczenlenecek \u00c7orlu Kitap Fuar\u0131, 24 Ekim \u2013 2 Kas\u0131m tarihlerinde ger\u00e7ekle\u015ftirilecek. \u00c7orlu Belediyesi, \u00d6zel Trakya Koleji, Orion Al\u0131\u015fveri\u015f Merkezi ve A_s\u0131r Kitapevi\u2019nin i\u015f birli\u011fiyle &#8217;10 G\u00fcn, 30 Yazar&#8217; slogan\u0131yla d\u00fczenlenen \u00c7orlu Kitap Fuar\u0131\u2019nda, T\u00fcrkiye\u2019nin tan\u0131nm\u0131\u015f yazarlar\u0131 kitapseverlerle bulu\u015farak kitaplar\u0131n\u0131 imzalayacak. Orion AVM\u2019nin ev sahipli\u011finde ger\u00e7ekle\u015ftirilecek \u00c7orlu Kitap Fuar\u0131, 24 Ekim 2014 Cuma [&hellip;]<\/p>\n","protected":false},"author":129,"featured_media":0,"comment_status":"open","ping_status":"open","sticky":false,"template":"","format":"standard","meta":{"footnotes":""},"categories":[1,588,1493],"tags":[606,607],"class_list":["post-15130","post","type-post","status-publish","format-standard","hentry","category-genel","category-kitap-fuarlari","category-kitap-fuarlari-2","tag-5-corlu-kitap-fuari","tag-corlu-kitap-fuari"],"_links":{"self":[{"href":"https:\/\/www.bbyhaber.com\/bby\/wp-json\/wp\/v2\/posts\/15130"}],"collection":[{"href":"https:\/\/www.bbyhaber.com\/bby\/wp-json\/wp\/v2\/posts"}],"about":[{"href":"https:\/\/www.bbyhaber.com\/bby\/wp-json\/wp\/v2\/types\/post"}],"author":[{"embeddable":true,"href":"https:\/\/www.bbyhaber.com\/bby\/wp-json\/wp\/v2\/users\/129"}],"replies":[{"embeddable":true,"href":"https:\/\/www.bbyhaber.com\/bby\/wp-json\/wp\/v2\/comments?post=15130"}],"version-history":[{"count":0,"href":"https:\/\/www.bbyhaber.com\/bby\/wp-json\/wp\/v2\/posts\/15130\/revisions"}],"wp:attachment":[{"href":"https:\/\/www.bbyhaber.com\/bby\/wp-json\/wp\/v2\/media?parent=15130"}],"wp:term":[{"taxonomy":"category","embeddable":true,"href":"https:\/\/www.bbyhaber.com\/bby\/wp-json\/wp\/v2\/categories?post=15130"},{"taxonomy":"post_tag","embeddable":true,"href":"https:\/\/www.bbyhaber.com\/bby\/wp-json\/wp\/v2\/tags?post=15130"}],"curies":[{"name":"wp","href":"https:\/\/api.w.org\/{rel}","templated":true}]}}