{"id":15116,"date":"2014-10-18T21:52:07","date_gmt":"2014-10-18T18:52:07","guid":{"rendered":"http:\/\/www.bbyhaber.com\/bby\/?p=15116"},"modified":"2016-01-18T13:43:55","modified_gmt":"2016-01-18T11:43:55","slug":"kahvehaneye-kutuphane-kuruldu","status":"publish","type":"post","link":"https:\/\/www.bbyhaber.com\/bby\/2014\/10\/18\/kahvehaneye-kutuphane-kuruldu","title":{"rendered":"Kahvehaneye k\u00fct\u00fcphane kuruldu"},"content":{"rendered":"<p><img loading=\"lazy\" decoding=\"async\" class=\"alignleft\" src=\"http:\/\/i.tmgrup.com.tr\/ya\/2014\/10\/17\/276x325\/515498001671.jpg\" alt=\"\" width=\"332\" height=\"210\" \/>Fethiye Rotary Kul\u00fcb\u00fc taraf\u0131ndan y\u00fcr\u00fct\u00fclen \u00e7al\u0131\u015fmalar kapsam\u0131nda il\u00e7edeki bir kahvehanede k\u00fct\u00fcphane kuruldu.<\/p>\n<p>Kul\u00fcp Ba\u015fkan\u0131 Aybars Turan, Ye\u015fil \u00dcz\u00fcml\u00fc Mahallesinde G\u00f6khan At\u0131c\u0131&#8217;ya ait kahvehaneye k\u00fct\u00fcphane kurulmas\u0131 ile ilgili gazetecilere yapt\u0131\u011f\u0131 a\u00e7\u0131klamada, k\u00f6y ve mahalle kahvehanelerinin e\u011fitim yeri olmas\u0131 amac\u0131yla bir kitapl\u0131k haz\u0131rlad\u0131klar\u0131n\u0131 s\u00f6yledi.<\/p>\n<p>K\u00fct\u00fcphanede, B\u00fcy\u00fck \u00d6nder Atat\u00fcrk&#8217;\u00fcn hayat\u0131n\u0131 ve Cumhuriyet&#8217;in kurulu\u015funu anlatan kitaplar ile ansiklopedi setleri bulundu\u011funu dile getiren Turan, mahalle sakinlerinden k\u00fct\u00fcphaneye kitap ba\u011f\u0131\u015flamas\u0131n\u0131 istedi.<!--more--><\/p>\n<p>Turan, oyun oynanan kahvehaneleri k\u0131raathanelere d\u00f6n\u00fc\u015ft\u00fcrerek, okuma al\u0131\u015fkanl\u0131\u011f\u0131n\u0131 art\u0131rmay\u0131 hedeflediklerine i\u015faret ederek, &#8220;\u00c7ok eski y\u0131llarda kahvehaneler yoktu, k\u0131raathaneler vard\u0131. K\u0131raathanelerde insanlar sohbet ederler, kitap ve gazete okurlard\u0131. Biz de bu i\u015fe \u00f6n ayak olarak, Ye\u015fil \u00dcz\u00fcml\u00fc Mahallemizde gazeteci \u00fcyemiz Kemal \u00d6zkara&#8217;n\u0131n giri\u015fimleriyle bir toplum b\u00fct\u00fcnl\u00fc\u011f\u00fc kurduk&#8221; diye konu\u015ftu.<\/p>\n<p>Gazeteci Kemal \u00d6zkara ise vatanda\u015flardan evlerinde at\u0131l durumdaki kitaplar\u0131 k\u00fct\u00fcphanelerine getirmesi \u00e7a\u011fr\u0131s\u0131nda bulundu.<\/p>\n<p>Mahalle sakinlerinden Sak\u0131p Do\u011fan da &#8220;Ge\u00e7mi\u015fi hat\u0131rlatan kitaplar ile yeni bilgilerin bulundu\u011fu, \u00f6\u011frenilebilece\u011fi kaynaklar\u0131n k\u0131raathanede olmas\u0131 bizler i\u00e7in \u00e7ok b\u00fcy\u00fck kazan\u0131m&#8221; dedi.<\/p>\n<p>&nbsp;<\/p>\n<p>Kaynak: Sabah<\/p>\n","protected":false},"excerpt":{"rendered":"<p>Fethiye Rotary Kul\u00fcb\u00fc taraf\u0131ndan y\u00fcr\u00fct\u00fclen \u00e7al\u0131\u015fmalar kapsam\u0131nda il\u00e7edeki bir kahvehanede k\u00fct\u00fcphane kuruldu. Kul\u00fcp Ba\u015fkan\u0131 Aybars Turan, Ye\u015fil \u00dcz\u00fcml\u00fc Mahallesinde G\u00f6khan At\u0131c\u0131&#8217;ya ait kahvehaneye k\u00fct\u00fcphane kurulmas\u0131 ile ilgili gazetecilere yapt\u0131\u011f\u0131 a\u00e7\u0131klamada, k\u00f6y ve mahalle kahvehanelerinin e\u011fitim yeri olmas\u0131 amac\u0131yla bir kitapl\u0131k haz\u0131rlad\u0131klar\u0131n\u0131 s\u00f6yledi. K\u00fct\u00fcphanede, B\u00fcy\u00fck \u00d6nder Atat\u00fcrk&#8217;\u00fcn hayat\u0131n\u0131 ve Cumhuriyet&#8217;in kurulu\u015funu anlatan kitaplar ile ansiklopedi setleri [&hellip;]<\/p>\n","protected":false},"author":129,"featured_media":0,"comment_status":"open","ping_status":"open","sticky":false,"template":"","format":"standard","meta":{"footnotes":""},"categories":[1,1491],"tags":[1444,820],"class_list":["post-15116","post","type-post","status-publish","format-standard","hentry","category-genel","category-kahvehane-kutuphane","tag-kahvehane-kutuphaneleri","tag-mahalle-kutuphaneleri"],"_links":{"self":[{"href":"https:\/\/www.bbyhaber.com\/bby\/wp-json\/wp\/v2\/posts\/15116"}],"collection":[{"href":"https:\/\/www.bbyhaber.com\/bby\/wp-json\/wp\/v2\/posts"}],"about":[{"href":"https:\/\/www.bbyhaber.com\/bby\/wp-json\/wp\/v2\/types\/post"}],"author":[{"embeddable":true,"href":"https:\/\/www.bbyhaber.com\/bby\/wp-json\/wp\/v2\/users\/129"}],"replies":[{"embeddable":true,"href":"https:\/\/www.bbyhaber.com\/bby\/wp-json\/wp\/v2\/comments?post=15116"}],"version-history":[{"count":0,"href":"https:\/\/www.bbyhaber.com\/bby\/wp-json\/wp\/v2\/posts\/15116\/revisions"}],"wp:attachment":[{"href":"https:\/\/www.bbyhaber.com\/bby\/wp-json\/wp\/v2\/media?parent=15116"}],"wp:term":[{"taxonomy":"category","embeddable":true,"href":"https:\/\/www.bbyhaber.com\/bby\/wp-json\/wp\/v2\/categories?post=15116"},{"taxonomy":"post_tag","embeddable":true,"href":"https:\/\/www.bbyhaber.com\/bby\/wp-json\/wp\/v2\/tags?post=15116"}],"curies":[{"name":"wp","href":"https:\/\/api.w.org\/{rel}","templated":true}]}}