{"id":15110,"date":"2014-10-18T21:42:05","date_gmt":"2014-10-18T18:42:05","guid":{"rendered":"http:\/\/www.bbyhaber.com\/bby\/?p=15110"},"modified":"2014-10-18T21:42:05","modified_gmt":"2014-10-18T18:42:05","slug":"edirne-2-kitap-fuari-basliyor","status":"publish","type":"post","link":"https:\/\/www.bbyhaber.com\/bby\/2014\/10\/18\/edirne-2-kitap-fuari-basliyor","title":{"rendered":"Edirne 2.Kitap Fuar\u0131 ba\u015fl\u0131yor"},"content":{"rendered":"<p><img loading=\"lazy\" decoding=\"async\" class=\"alignleft\" src=\"http:\/\/image.iha.com.tr\/Contents\/store\/img\/618000\/edirne-2kitap-fuari-basliyor-619429-664x354.jpg\" alt=\"Edirne 2.Kitap Fuar\u0131 ba\u015fl\u0131yor\" width=\"332\" height=\"177\" \/>Edirne Belediye Ba\u015fkanl\u0131\u011f\u0131 taraf\u0131ndan, e\u011fitim-\u00f6\u011fretim faaliyetlerinde bulunan \u00f6\u011frencilere kitap okuma al\u0131\u015fkanl\u0131\u011f\u0131 kazand\u0131rmak, okuyucular\u0131 ile bulu\u015fturmak amac\u0131 ile<strong> 17-26 Ekim 2014<\/strong> tarihleri aras\u0131nda<strong> Ekmek\u00e7izade Kervansaray<\/strong>\u2019\u0131nda &#8216;Edirne 2.Kitap Fuar\u0131&#8217; d\u00fczenlenecek.<!--more--><\/p>\n<p>Edirne Belediye Ba\u015fkan\u0131 Recep G\u00fcrkan, konuyla ilgili olarak yapt\u0131\u011f\u0131 yaz\u0131l\u0131 a\u00e7\u0131klamada, &#8220;Medeniyetleri olu\u015fturan ve k\u00fclt\u00fcr ya\u015fam\u0131n\u0131n temel ta\u015flar\u0131ndan olan bilgi, insanl\u0131\u011f\u0131n do\u011fu\u015fundan bug\u00fcne toplumlar\u0131n ekonomik ve k\u00fclt\u00fcr geli\u015fmelerinde daima en b\u00fcy\u00fck g\u00fc\u00e7 olmu\u015ftur. \u0130lk \u00e7a\u011flarda konu\u015farak ve i\u015faretlerle aktar\u0131lan bilgi, geli\u015fen teknolojik geli\u015fmelerle birlikte k\u00fclt\u00fcr ya\u015fam\u0131na ka\u011f\u0131d\u0131n girmesi ve matbaan\u0131n icad\u0131yla \u00fcretim s\u00fcrecinden sonra \u00e7o\u011falt\u0131labilme-biriktirebilme \u00f6zelli\u011fine sahip olmu\u015ftur. Bu s\u00fcre\u00e7 ile birlikte, yazarlar\u0131m\u0131z taraf\u0131ndan \u00fcretilen eserler, yay\u0131nevleri taraf\u0131ndan h\u0131zla yay\u0131mlanarak, toplumlar\u0131n ayd\u0131nlanmas\u0131 amac\u0131yla bireylere ula\u015ft\u0131r\u0131lmas\u0131 sa\u011flanm\u0131\u015ft\u0131r&#8221; dedi.<\/p>\n<p>G\u00fcrkan, \u00f6\u011frencilere kitap okuma al\u0131\u015fkanl\u0131\u011f\u0131n\u0131 kazand\u0131rmay\u0131 ve yazarlar\u0131, okuyucular\u0131 ile bulu\u015fturmay\u0131 hedeflediklerini dile getirerek, &#8220;Edirne Belediye Ba\u015fkanl\u0131\u011f\u0131 olarak kentimizde ya\u015fayan halk\u0131m\u0131za, e\u011fitim-\u00f6\u011fretim faaliyetlerinde bulunan \u00f6\u011frencilerimize kitap okuma al\u0131\u015fkanl\u0131\u011f\u0131 kazand\u0131rmak, yay\u0131nevleri taraf\u0131ndan yay\u0131mlanan eserleri ve bu eserlerin yazarlar\u0131n\u0131 okuyucular\u0131 ile bulu\u015fturmak amac\u0131 ile 17-26 Ekim 2014 tarihleri aras\u0131nda Ekmek\u00e7izade Kervansaray\u2019\u0131nda &#8216;Edirne 2. Kitap Fuar\u0131&#8217; d\u00fczenlenecektir&#8221; ifadelerini kulland\u0131.<\/p>\n<p>&nbsp;<\/p>\n<p>\u0130HA<\/p>\n","protected":false},"excerpt":{"rendered":"<p>Edirne Belediye Ba\u015fkanl\u0131\u011f\u0131 taraf\u0131ndan, e\u011fitim-\u00f6\u011fretim faaliyetlerinde bulunan \u00f6\u011frencilere kitap okuma al\u0131\u015fkanl\u0131\u011f\u0131 kazand\u0131rmak, okuyucular\u0131 ile bulu\u015fturmak amac\u0131 ile 17-26 Ekim 2014 tarihleri aras\u0131nda Ekmek\u00e7izade Kervansaray\u2019\u0131nda &#8216;Edirne 2.Kitap Fuar\u0131&#8217; d\u00fczenlenecek.<\/p>\n","protected":false},"author":129,"featured_media":0,"comment_status":"open","ping_status":"open","sticky":false,"template":"","format":"standard","meta":{"footnotes":""},"categories":[1,588],"tags":[598,599],"class_list":["post-15110","post","type-post","status-publish","format-standard","hentry","category-genel","category-kitap-fuarlari","tag-edirne-2-kitap-fuari","tag-edirne-kitap-fuari"],"_links":{"self":[{"href":"https:\/\/www.bbyhaber.com\/bby\/wp-json\/wp\/v2\/posts\/15110"}],"collection":[{"href":"https:\/\/www.bbyhaber.com\/bby\/wp-json\/wp\/v2\/posts"}],"about":[{"href":"https:\/\/www.bbyhaber.com\/bby\/wp-json\/wp\/v2\/types\/post"}],"author":[{"embeddable":true,"href":"https:\/\/www.bbyhaber.com\/bby\/wp-json\/wp\/v2\/users\/129"}],"replies":[{"embeddable":true,"href":"https:\/\/www.bbyhaber.com\/bby\/wp-json\/wp\/v2\/comments?post=15110"}],"version-history":[{"count":0,"href":"https:\/\/www.bbyhaber.com\/bby\/wp-json\/wp\/v2\/posts\/15110\/revisions"}],"wp:attachment":[{"href":"https:\/\/www.bbyhaber.com\/bby\/wp-json\/wp\/v2\/media?parent=15110"}],"wp:term":[{"taxonomy":"category","embeddable":true,"href":"https:\/\/www.bbyhaber.com\/bby\/wp-json\/wp\/v2\/categories?post=15110"},{"taxonomy":"post_tag","embeddable":true,"href":"https:\/\/www.bbyhaber.com\/bby\/wp-json\/wp\/v2\/tags?post=15110"}],"curies":[{"name":"wp","href":"https:\/\/api.w.org\/{rel}","templated":true}]}}