{"id":15094,"date":"2014-10-16T22:44:52","date_gmt":"2014-10-16T19:44:52","guid":{"rendered":"http:\/\/www.bbyhaber.com\/bby\/?p=15094"},"modified":"2014-11-18T18:43:40","modified_gmt":"2014-11-18T16:43:40","slug":"akademik-zam-tkd-genel-baskani-aciklamasi","status":"publish","type":"post","link":"https:\/\/www.bbyhaber.com\/bby\/2014\/10\/16\/akademik-zam-tkd-genel-baskani-aciklamasi","title":{"rendered":"Akademik Zam | TKD Genel Ba\u015fkan\u0131 A\u00e7\u0131klamas\u0131"},"content":{"rendered":"<p style=\"text-align: justify;\"><em><img loading=\"lazy\" decoding=\"async\" class=\"alignleft\" src=\"http:\/\/www.bbyhaber.com\/bby\/wp-content\/uploads\/2013\/09\/bbyozluk.jpg\" alt=\"\" width=\"239\" height=\"90\" \/>TKD Genel Ba\u015fkan\u0131 Ali Fuat Kartal&#8217;\u0131n TKD nezdinde yap\u0131lan \u00e7al\u0131\u015fmalar hakk\u0131nda 16\/10\/2014 tarihinde\u00a0<strong>KUTUP-L\u00a0<\/strong>listesine g\u00f6nderilen mesaj\u0131d\u0131r.<\/em><\/p>\n<p style=\"text-align: justify;\"><span style=\"font-family: 'comic sans ms', sans-serif;\">Bakanlar Kurulu taraf\u0131ndan imzaya a\u00e7\u0131lan ve TBMM&#8217;ye sevk edilen yasal d\u00fczenlemede, \u00fcniversitelerin akademik\u00a0kadrolar\u0131nda yer alan uzmanlar kapsam d\u0131\u015f\u0131nda tutulmu\u015ftur.<\/span><\/p>\n<p style=\"text-align: justify;\"><span style=\"font-family: 'comic sans ms', sans-serif;\">S\u00f6z konusu d\u00fczenleme ile ma\u011fdur olan meslekta\u015flar\u0131m\u0131z\u0131n ma\u011fduriyetinin giderilmesi i\u00e7in TKD olarak giri\u015fimlerimiz devam etmektedir.<!--more--><\/span><\/p>\n<p style=\"text-align: justify;\"><span style=\"font-family: 'comic sans ms', sans-serif;\">\u00d6ncelikle yasa tasar\u0131s\u0131 hen\u00fcz plan b\u00fct\u00e7e komisyonuna gelmemi\u015ftir. Ayr\u0131ca tasar\u0131n\u0131n ne zaman komisyonda g\u00f6r\u00fc\u015f\u00fclece\u011fi de hen\u00fcz belli de\u011fil. Do\u011fal olarak ne zaman g\u00f6r\u00fc\u015f\u00fclece\u011fine de siyasi irade karar verecektir. \u00a0<\/span><\/p>\n<p style=\"text-align: justify;\"><span style=\"font-family: 'comic sans ms', sans-serif;\">Tasar\u0131 komisyona ayn\u0131 \u015fekilde gelirse TBMM Kanunlar birimindeki uzman arkada\u015flara haz\u0131rlatt\u0131\u011f\u0131m\u0131z ekteki \u00f6nergeyi plan b\u00fct\u00e7e komisyonuna teklif olarak verilmek \u00fczere siyasi partilere ilettik.<\/span><\/p>\n<p style=\"text-align: justify;\"><span style=\"font-family: 'comic sans ms', sans-serif;\">S\u00fcrecin takip\u00e7isi olaca\u011f\u0131z ve konuyla ilgili somut geli\u015fmeler olduk\u00e7a bilgilendirme yapaca\u011f\u0131z.<\/span><\/p>\n<p style=\"text-align: justify;\"><span style=\"font-family: 'comic sans ms', sans-serif;\">Sayg\u0131lar\u0131mla.<\/span><\/p>\n<p><span style=\"font-family: 'comic sans ms', sans-serif;\"><br \/>\nAli Fuat Kartal<\/span><\/p>\n<p><span style=\"font-family: 'comic sans ms', sans-serif;\">TKD Genel Ba\u015fkan\u0131<\/span><\/p>\n","protected":false},"excerpt":{"rendered":"<p>TKD Genel Ba\u015fkan\u0131 Ali Fuat Kartal&#8217;\u0131n TKD nezdinde yap\u0131lan \u00e7al\u0131\u015fmalar hakk\u0131nda 16\/10\/2014 tarihinde\u00a0KUTUP-L\u00a0listesine g\u00f6nderilen mesaj\u0131d\u0131r. Bakanlar Kurulu taraf\u0131ndan imzaya a\u00e7\u0131lan ve TBMM&#8217;ye sevk edilen yasal d\u00fczenlemede, \u00fcniversitelerin akademik\u00a0kadrolar\u0131nda yer alan uzmanlar kapsam d\u0131\u015f\u0131nda tutulmu\u015ftur. S\u00f6z konusu d\u00fczenleme ile ma\u011fdur olan meslekta\u015flar\u0131m\u0131z\u0131n ma\u011fduriyetinin giderilmesi i\u00e7in TKD olarak giri\u015fimlerimiz devam etmektedir.<\/p>\n","protected":false},"author":129,"featured_media":0,"comment_status":"open","ping_status":"open","sticky":false,"template":"","format":"standard","meta":{"footnotes":""},"categories":[1],"tags":[1398],"class_list":["post-15094","post","type-post","status-publish","format-standard","hentry","category-genel","tag-bby-ozluk-haklari"],"_links":{"self":[{"href":"https:\/\/www.bbyhaber.com\/bby\/wp-json\/wp\/v2\/posts\/15094"}],"collection":[{"href":"https:\/\/www.bbyhaber.com\/bby\/wp-json\/wp\/v2\/posts"}],"about":[{"href":"https:\/\/www.bbyhaber.com\/bby\/wp-json\/wp\/v2\/types\/post"}],"author":[{"embeddable":true,"href":"https:\/\/www.bbyhaber.com\/bby\/wp-json\/wp\/v2\/users\/129"}],"replies":[{"embeddable":true,"href":"https:\/\/www.bbyhaber.com\/bby\/wp-json\/wp\/v2\/comments?post=15094"}],"version-history":[{"count":0,"href":"https:\/\/www.bbyhaber.com\/bby\/wp-json\/wp\/v2\/posts\/15094\/revisions"}],"wp:attachment":[{"href":"https:\/\/www.bbyhaber.com\/bby\/wp-json\/wp\/v2\/media?parent=15094"}],"wp:term":[{"taxonomy":"category","embeddable":true,"href":"https:\/\/www.bbyhaber.com\/bby\/wp-json\/wp\/v2\/categories?post=15094"},{"taxonomy":"post_tag","embeddable":true,"href":"https:\/\/www.bbyhaber.com\/bby\/wp-json\/wp\/v2\/tags?post=15094"}],"curies":[{"name":"wp","href":"https:\/\/api.w.org\/{rel}","templated":true}]}}