{"id":15089,"date":"2014-10-16T22:30:31","date_gmt":"2014-10-16T19:30:31","guid":{"rendered":"http:\/\/www.bbyhaber.com\/bby\/?p=15089"},"modified":"2016-08-23T09:29:38","modified_gmt":"2016-08-23T06:29:38","slug":"sesimizeses-verir-misiniz-cankaya-belediyesi-sesli-kutuphane","status":"publish","type":"post","link":"https:\/\/www.bbyhaber.com\/bby\/2014\/10\/16\/sesimizeses-verir-misiniz-cankaya-belediyesi-sesli-kutuphane","title":{"rendered":"&#8216;Sesimize ses verir misiniz?&#8217; | \u00c7ankaya Belediyesi Sesli K\u00fct\u00fcphane"},"content":{"rendered":"<p style=\"text-align: justify;\">\u00c7ankaya Belediyesi Sesli K\u00fct\u00fcphane\u2019de faaliyette bulundu\u011fu d\u00f6rt bu\u00e7uk aydan bu yana 30\u2019dan fazla kitap okundu.\u00c7ankaya Belediyesi Sesli K\u00fct\u00fcphane\u2019de g\u00f6rme engelliler i\u00e7in \u015fu ana kadar roman, \u00f6yk\u00fc, hikaye, deneme, psikoloji, ki\u015fisel geli\u015fim ve ara\u015ft\u0131rma t\u00fcrlerinde 30\u2019dan fazla kitap okunarak kay\u0131t alt\u0131na al\u0131nd\u0131.G\u00f6rme engellilerin talepleri do\u011frultusunda, ar\u015fivlerine yeni kitaplar eklemek isteyen k\u00fct\u00fcphane yetkilileri, g\u00f6n\u00fcll\u00fc okuyuculara \u00e7a\u011fr\u0131da bulunuyor: \u201cSesimize ses verir misiniz?\u201d<!--more--><\/p>\n<p style=\"text-align: justify;\">\u00c7ankaya Belediyesi Sesli K\u00fct\u00fcphane\u2019de faaliyette bulundu\u011fu d\u00f6rt bu\u00e7uk aydan bu yana roman, \u00f6yk\u00fc, hikaye, deneme, psikoloji, ki\u015fisel geli\u015fim, ara\u015ft\u0131rma gibi t\u00fcrlerde, 30\u2019dan fazla kitap okunarak kay\u0131t alt\u0131na al\u0131nd\u0131.Kitaplar\u0131n ak\u0131c\u0131, anla\u015f\u0131l\u0131r ve hatas\u0131z okunmas\u0131na ve kaydedilmesine b\u00fcy\u00fck bir \u00f6zen g\u00f6steren k\u00fct\u00fcphane yetkilileri, okunacak kitaplar\u0131 se\u00e7erken g\u00f6rme engelli vatanda\u015flar\u0131n taleplerini dikkate al\u0131yor. Ayr\u0131ca ayn\u0131 \u015fekilde hizmet veren di\u011fer k\u00fct\u00fcphanelerin ar\u015fivlerinde olmayan kitaplar\u0131 se\u00e7erek, sesli kitap havuzunun artmas\u0131n\u0131 ama\u00e7l\u0131yor.<\/p>\n<p style=\"text-align: justify;\">\u0130NTERNET YAYINI DA YAPILACAK<br \/>\nSesli k\u00fct\u00fcphanenin k\u0131sa bir s\u00fcre i\u00e7inde internet \u00fczerinden de yay\u0131n yapmas\u0131n\u0131 ama\u00e7layan k\u00fct\u00fcphane yetkilileri, vatanda\u015flar\u0131n okunan kitaplara her yerden ula\u015fmas\u0131n\u0131 sa\u011flayacak. Yetkililer, g\u00f6n\u00fcll\u00fc okurlara ihtiya\u00e7 duyduklar\u0131n\u0131 belirterek: \u201cSesimize ses verir misiniz?\u201d diye soruyor. G\u00f6rme engellilerin, aralar\u0131nda, Tom Robbins\u2019in \u201cParf\u00fcm\u00fcn Dans\u0131\u201d, Emrah Serbes\u2019in \u201cErken Kaybedenler\u201d, P\u0131nar K\u00fcr\u2019\u00fcn \u201cK\u00fc\u00e7\u00fck Oyuncu\u201d, \u0130brahim Okur\u2019un \u201cTarihin S\u0131n\u0131r \u015eartlar\u0131nda\u201d, Ya\u015far Kemal\u2019in \u201cTek Kanatl\u0131 Bir Ku\u015f\u201d gibi kitaplar\u0131n bulundu\u011fu ar\u015five kat\u0131lmas\u0131n\u0131 istedi\u011fi kitaplardan baz\u0131lar\u0131 ise \u015f\u00f6yle: Eric Schmidt Jared Cohen\u2019in, \u201cYeni Digital \u00c7a\u011f\u201d, Sabit S\u00fcmer\u2019in, \u201c\u0130ki G\u00f6\u00e7men Y\u00fcrek\u201d, Fran\u00e7oise Balibar\u2019\u0131n \u201cEinstein D\u00fc\u015f\u00fcnmenin Keyfi\u201d, Dr. Edward M. Hallowell Dr. John J. Ratey\u2019in \u201cDikkat Eksikli\u011fi Bozuklu\u011fu\u201d, H\u0131ncal Ulu\u00e7\u2019un \u201cArkada\u015f, Dost Sevgili, Sizinki Hangisi?\u201d Quincy Troupe\u2019\u0131n, \u201cMiles Davis Otobiyografi\u201dsi yer al\u0131yor. 431 13 25 numaral\u0131 telefondan bilgi alabilecek g\u00f6n\u00fcll\u00fcler, dilerlerse \u015eehit G\u00f6nen\u00e7 Cad. No:5 Maltepe adresinde bulunan k\u00fct\u00fcphaneyi, yerinde de ziyaret edebiliyorlar.<\/p>\n<p style=\"text-align: justify;\">Kaynak :\u00a0www.yasadikca.com<\/p>\n","protected":false},"excerpt":{"rendered":"<p>\u00c7ankaya Belediyesi Sesli K\u00fct\u00fcphane\u2019de faaliyette bulundu\u011fu d\u00f6rt bu\u00e7uk aydan bu yana 30\u2019dan fazla kitap okundu.\u00c7ankaya Belediyesi Sesli K\u00fct\u00fcphane\u2019de g\u00f6rme engelliler i\u00e7in \u015fu ana kadar roman, \u00f6yk\u00fc, hikaye, deneme, psikoloji, ki\u015fisel geli\u015fim ve ara\u015ft\u0131rma t\u00fcrlerinde 30\u2019dan fazla kitap okunarak kay\u0131t alt\u0131na al\u0131nd\u0131.G\u00f6rme engellilerin talepleri do\u011frultusunda, ar\u015fivlerine yeni kitaplar eklemek isteyen k\u00fct\u00fcphane yetkilileri, g\u00f6n\u00fcll\u00fc okuyuculara \u00e7a\u011fr\u0131da bulunuyor: [&hellip;]<\/p>\n","protected":false},"author":129,"featured_media":0,"comment_status":"open","ping_status":"open","sticky":false,"template":"","format":"standard","meta":{"footnotes":""},"categories":[1,1603],"tags":[1443],"class_list":["post-15089","post","type-post","status-publish","format-standard","hentry","category-genel","category-sehit-kutuphaneleri","tag-sesli-kutuphaneler"],"_links":{"self":[{"href":"https:\/\/www.bbyhaber.com\/bby\/wp-json\/wp\/v2\/posts\/15089"}],"collection":[{"href":"https:\/\/www.bbyhaber.com\/bby\/wp-json\/wp\/v2\/posts"}],"about":[{"href":"https:\/\/www.bbyhaber.com\/bby\/wp-json\/wp\/v2\/types\/post"}],"author":[{"embeddable":true,"href":"https:\/\/www.bbyhaber.com\/bby\/wp-json\/wp\/v2\/users\/129"}],"replies":[{"embeddable":true,"href":"https:\/\/www.bbyhaber.com\/bby\/wp-json\/wp\/v2\/comments?post=15089"}],"version-history":[{"count":0,"href":"https:\/\/www.bbyhaber.com\/bby\/wp-json\/wp\/v2\/posts\/15089\/revisions"}],"wp:attachment":[{"href":"https:\/\/www.bbyhaber.com\/bby\/wp-json\/wp\/v2\/media?parent=15089"}],"wp:term":[{"taxonomy":"category","embeddable":true,"href":"https:\/\/www.bbyhaber.com\/bby\/wp-json\/wp\/v2\/categories?post=15089"},{"taxonomy":"post_tag","embeddable":true,"href":"https:\/\/www.bbyhaber.com\/bby\/wp-json\/wp\/v2\/tags?post=15089"}],"curies":[{"name":"wp","href":"https:\/\/api.w.org\/{rel}","templated":true}]}}