{"id":15047,"date":"2014-10-11T21:30:10","date_gmt":"2014-10-11T18:30:10","guid":{"rendered":"http:\/\/www.bbyhaber.com\/bby\/?p=15047"},"modified":"2014-10-13T09:24:23","modified_gmt":"2014-10-13T06:24:23","slug":"muze-ve-kutuphane-ve-kultur-merkezi-tahripedildi","status":"publish","type":"post","link":"https:\/\/www.bbyhaber.com\/bby\/2014\/10\/11\/muze-ve-kutuphane-ve-kultur-merkezi-tahripedildi","title":{"rendered":"K\u00fct\u00fcphane, M\u00fcze ve K\u00fclt\u00fcr Merkezi Tahrip Edildi !"},"content":{"rendered":"<p style=\"text-align: justify;\"><img loading=\"lazy\" decoding=\"async\" class=\"alignleft\" src=\"http:\/\/im.haberturk.com\/galeri\/2014\/10\/11\/443480\/a2d8039baaafd4f54105cfb377c2f51a_k.jpg?1413036034\" alt=\"\" width=\"200\" height=\"150\" \/>K\u00fclt\u00fcr ve Turizm Bakan\u0131 \u00d6mer \u00c7elik, Diyarbak\u0131r<strong><span style=\"color: #ff0000;\"> Ziya G\u00f6kalp M\u00fczesi<\/span><\/strong>&#8216;ne yap\u0131lan sald\u0131r\u0131 sonucunda m\u00fcze binas\u0131n\u0131n tamamen tahrip edildi\u011fini, m\u00fcze envanterinde bulunan yakla\u015f\u0131k 20 eserin \u00e7al\u0131nd\u0131\u011f\u0131n\u0131, \u00e7ok say\u0131da kitab\u0131n da yak\u0131ld\u0131\u011f\u0131n\u0131 bildirdi. Bakanl\u0131ktan yap\u0131lan yaz\u0131l\u0131 a\u00e7\u0131klamaya g\u00f6re \u00c7elik, son g\u00fcnlerde yurt genelinde ya\u015fanan olumsuz olaylara ili\u015fkin baz\u0131 bilgileri sosyal medya arac\u0131l\u0131\u011f\u0131yla payla\u015ft\u0131.<!--more--><\/p>\n<p style=\"text-align: justify;\"><span style=\"font-size: 13px;\">B\u00fcnyesinde 190 ki\u015filik \u00e7ok ama\u00e7l\u0131 salon, k\u00fct\u00fcphane, sergi salonu, at\u00f6lyeler ile idari ve teknik mekanlar olan<\/span><strong style=\"font-size: 13px;\">\u00a0Varto K\u00fclt\u00fcr Merkezi<\/strong><span style=\"font-size: 13px;\">&#8216;nin de yak\u0131ld\u0131\u011f\u0131n\u0131 ve b\u00fcy\u00fck zarar g\u00f6rd\u00fc\u011f\u00fcn\u00fc kaydeden \u00c7elik, &#8220;Diyarbak\u0131r Ziya G\u00f6kalp M\u00fczesi&#8217;ne yap\u0131lan sald\u0131r\u0131 sonucunda m\u00fcze binas\u0131 tamamen tahrip edilmi\u015f, m\u00fcze envanterinde bulunan yakla\u015f\u0131k 20 eser \u00e7al\u0131nm\u0131\u015f, \u00e7ok say\u0131da kitap da yanm\u0131\u015ft\u0131r. Barbarlar tarih boyunca oldu\u011fu gibi \u015fimdi de k\u00fct\u00fcphaneye, m\u00fczeye ve kitaplara sald\u0131rd\u0131. Kendisine &#8216;siyaset\u00e7i&#8217; diyenlerin k\u0131\u015fk\u0131rtt\u0131\u011f\u0131 barbarlar, \u00e7ocuklar\u0131n k\u00fct\u00fcphanesini yakt\u0131lar. K\u00fclt\u00fcr merkezini y\u0131kt\u0131lar&#8221; ifadelerini kulland\u0131.<\/span><span style=\"font-size: 13px;\">\u00a0<\/span><\/p>\n<p style=\"text-align: justify;\"><img loading=\"lazy\" decoding=\"async\" class=\"alignleft\" src=\"http:\/\/media.dunyabulteni.net\/haber\/2014\/10\/11\/muze1.png\" alt=\"\" width=\"200\" height=\"150\" \/><span style=\"font-size: 13px; text-align: center;\">Bakan \u00c7elik, Twitter hesab\u0131ndan yapt\u0131\u011f\u0131 a\u00e7\u0131klamada, son olaylarda, <\/span><strong style=\"font-size: 13px; text-align: center;\"><span style=\"color: #ff0000;\">Siirt \u0130l Halk K\u00fct\u00fcphanesi&#8217;<\/span><\/strong><span style=\"font-size: 13px; text-align: center;\">nin zemin kat\u0131nda bulunan ar\u015fiv, \u00e7ocuk b\u00f6l\u00fcm\u00fc ve engelliler b\u00f6l\u00fcm\u00fcnde kitaplar\u0131n, bilgisayarlar\u0131n, mobilyalar\u0131n at\u0131lan molotof kokteyli sonucu yand\u0131\u011f\u0131n\u0131, k\u00fct\u00fcphanenin kullan\u0131lamaz hale geldi\u011fini belirtti.<\/span><\/p>\n<blockquote><p><span style=\"font-size: 0.75em;\">Konu ile ilgili olarak TKD taraf\u0131ndan yay\u0131nlanan mesaja a\u015fa\u011f\u0131daki ba\u011flant\u0131dan ula\u015fabilirsiniz.<\/span><\/p>\n<p style=\"text-align: right;\"><a style=\"font-size: 13px;\" title=\"http:\/\/www.kutuphaneci.org.tr\/haber\/kutuphaneler-yanarsa-insanlik-yanar\" href=\"http:\/\/www.kutuphaneci.org.tr\/haber\/kutuphaneler-yanarsa-insanlik-yanar\" target=\"_blank\">K\u00dcT\u00dcPHANELER YANARSA \u0130NSANLIK YANAR!<\/a><\/p>\n<\/blockquote>\n<p>&nbsp;<\/p>\n<p>&nbsp;<\/p>\n<p>Kaynak: AA<\/p>\n","protected":false},"excerpt":{"rendered":"<p>K\u00fclt\u00fcr ve Turizm Bakan\u0131 \u00d6mer \u00c7elik, Diyarbak\u0131r Ziya G\u00f6kalp M\u00fczesi&#8216;ne yap\u0131lan sald\u0131r\u0131 sonucunda m\u00fcze binas\u0131n\u0131n tamamen tahrip edildi\u011fini, m\u00fcze envanterinde bulunan yakla\u015f\u0131k 20 eserin \u00e7al\u0131nd\u0131\u011f\u0131n\u0131, \u00e7ok say\u0131da kitab\u0131n da yak\u0131ld\u0131\u011f\u0131n\u0131 bildirdi. Bakanl\u0131ktan yap\u0131lan yaz\u0131l\u0131 a\u00e7\u0131klamaya g\u00f6re \u00c7elik, son g\u00fcnlerde yurt genelinde ya\u015fanan olumsuz olaylara ili\u015fkin baz\u0131 bilgileri sosyal medya arac\u0131l\u0131\u011f\u0131yla payla\u015ft\u0131.<\/p>\n","protected":false},"author":129,"featured_media":0,"comment_status":"open","ping_status":"open","sticky":false,"template":"","format":"standard","meta":{"footnotes":""},"categories":[1],"tags":[848,1435],"class_list":["post-15047","post","type-post","status-publish","format-standard","hentry","category-genel","tag-halk-kutuphaneleri","tag-muzeler"],"_links":{"self":[{"href":"https:\/\/www.bbyhaber.com\/bby\/wp-json\/wp\/v2\/posts\/15047"}],"collection":[{"href":"https:\/\/www.bbyhaber.com\/bby\/wp-json\/wp\/v2\/posts"}],"about":[{"href":"https:\/\/www.bbyhaber.com\/bby\/wp-json\/wp\/v2\/types\/post"}],"author":[{"embeddable":true,"href":"https:\/\/www.bbyhaber.com\/bby\/wp-json\/wp\/v2\/users\/129"}],"replies":[{"embeddable":true,"href":"https:\/\/www.bbyhaber.com\/bby\/wp-json\/wp\/v2\/comments?post=15047"}],"version-history":[{"count":0,"href":"https:\/\/www.bbyhaber.com\/bby\/wp-json\/wp\/v2\/posts\/15047\/revisions"}],"wp:attachment":[{"href":"https:\/\/www.bbyhaber.com\/bby\/wp-json\/wp\/v2\/media?parent=15047"}],"wp:term":[{"taxonomy":"category","embeddable":true,"href":"https:\/\/www.bbyhaber.com\/bby\/wp-json\/wp\/v2\/categories?post=15047"},{"taxonomy":"post_tag","embeddable":true,"href":"https:\/\/www.bbyhaber.com\/bby\/wp-json\/wp\/v2\/tags?post=15047"}],"curies":[{"name":"wp","href":"https:\/\/api.w.org\/{rel}","templated":true}]}}