{"id":15038,"date":"2014-10-11T00:22:43","date_gmt":"2014-10-10T21:22:43","guid":{"rendered":"http:\/\/www.bbyhaber.com\/bby\/?p=15038"},"modified":"2014-10-13T09:30:20","modified_gmt":"2014-10-13T06:30:20","slug":"engelsiz-kitap-fuari-11-12-ekim2014","status":"publish","type":"post","link":"https:\/\/www.bbyhaber.com\/bby\/2014\/10\/11\/engelsiz-kitap-fuari-11-12-ekim2014","title":{"rendered":"Engelsiz Kitap Fuar\u0131 11-12 Ekim 2014"},"content":{"rendered":"<p style=\"text-align: justify;\"><img loading=\"lazy\" decoding=\"async\" class=\"alignleft\" src=\"http:\/\/besiktas.bel.tr\/Resimler\/Haberler\/Kucuk\/09102014105139.jpg\" alt=\"\" width=\"200\" height=\"150\" \/>Be\u015fikta\u015f Belediyesi Engelli Koordinasyon Merkezi taraf\u0131ndan engelli bireylere y\u00f6nelik d\u00fczenlenecek olan kitap fuar\u0131 11-12 Ekim 2014 tarihlerinde Dilek Sabanc\u0131 Park\u0131\u2019nda d\u00fczenlenecek. T\u00fcrkiye\u2019de bir ilk olma \u00f6zelli\u011fini ta\u015f\u0131yan Engelsiz Kitap Fuar\u0131&#8217;n\u0131n \u00f6ncelikli amac\u0131, engelli bireylerle kitaplar\u0131 bulu\u015fturmakt\u0131r. Fuara farkl\u0131 alanlarda kitap basan yay\u0131nevleri kat\u0131lacak, engelli bireylerin rahat hareket edecekleri bir mek\u00e2nda, \u00e7e\u015fitli alanlarda yaz\u0131lm\u0131\u015f kitaplara ula\u015fabilmeleri sa\u011flanacakt\u0131r.<!--more--><\/p>\n<p style=\"text-align: justify;\">\u00d6te yandan fuar\u0131n, toplumun \u201csa\u011fl\u0131kl\u0131\u201d ya da \u201cengelsiz\u201d olarak tan\u0131mlanan kesiminin engelli bireylerin \u00e7al\u0131\u015fmalar\u0131na ula\u015fmas\u0131na ve bu \u00e7al\u0131\u015fmalar arac\u0131l\u0131\u011f\u0131yla engellilerin toplumdaki durumu hakk\u0131nda bilin\u00e7lenmesine hizmet edece\u011fi \u00f6ng\u00f6r\u00fclmektedir.<\/p>\n<p style=\"text-align: justify;\">Fuarda ayr\u0131ca g\u00f6rme engellilerin kitaplara eri\u015fimi konusunda ya\u015fad\u0131klar\u0131 zorlu\u011fu g\u00f6r\u00fcn\u00fcr k\u0131lmak ve bu zorlu\u011fu birlikte a\u015fabilmek ad\u0131na kitap seslendirmek isteyen g\u00f6n\u00fcll\u00fclere ba\u015fvuracaklar\u0131 yerler hakk\u0131nda bilgi verilecek, g\u00f6n\u00fcll\u00fclerin engelliler alan\u0131nda faaliyet g\u00f6steren STK\u2019lara y\u00f6nlendirilmeleri konusunda destek sa\u011flanacakt\u0131r.<\/p>\n<p style=\"text-align: justify;\">\u0130ki g\u00fcn s\u00fcrecek olan Engelsiz Kitap Fuar\u0131 09:00 ile 17:00 saatleri aras\u0131nda a\u00e7\u0131k olacakt\u0131r. Fuar&#8217;\u0131n ilk g\u00fcn\u00fcne saat 14.00&#8217;te E\u015fber Ya\u011fmurdereli kat\u0131lacak.<\/p>\n<p style=\"text-align: center;\"><strong><span style=\"color: #ff0000;\">YER:<span style=\"color: #000000;\"> Dilek Sabanc\u0131 Park\u0131<\/span><\/span><\/strong><br \/>\n<strong><span style=\"color: #ff0000;\">Saat: <span style=\"color: #000000;\">13.00<\/span><\/span><\/strong><br \/>\n<strong><span style=\"color: #ff0000;\">Tarih: <span style=\"color: #000000;\">11 Ekim Cumartesi<\/span><\/span><\/strong><\/p>\n<p style=\"text-align: left;\">Kaynak: besiktas.bel.tr<\/p>\n","protected":false},"excerpt":{"rendered":"<p>Be\u015fikta\u015f Belediyesi Engelli Koordinasyon Merkezi taraf\u0131ndan engelli bireylere y\u00f6nelik d\u00fczenlenecek olan kitap fuar\u0131 11-12 Ekim 2014 tarihlerinde Dilek Sabanc\u0131 Park\u0131\u2019nda d\u00fczenlenecek. T\u00fcrkiye\u2019de bir ilk olma \u00f6zelli\u011fini ta\u015f\u0131yan Engelsiz Kitap Fuar\u0131&#8217;n\u0131n \u00f6ncelikli amac\u0131, engelli bireylerle kitaplar\u0131 bulu\u015fturmakt\u0131r. Fuara farkl\u0131 alanlarda kitap basan yay\u0131nevleri kat\u0131lacak, engelli bireylerin rahat hareket edecekleri bir mek\u00e2nda, \u00e7e\u015fitli alanlarda yaz\u0131lm\u0131\u015f kitaplara ula\u015fabilmeleri [&hellip;]<\/p>\n","protected":false},"author":129,"featured_media":0,"comment_status":"open","ping_status":"open","sticky":false,"template":"","format":"standard","meta":{"footnotes":""},"categories":[1,1493,588],"tags":[589],"class_list":["post-15038","post","type-post","status-publish","format-standard","hentry","category-genel","category-kitap-fuarlari-2","category-kitap-fuarlari","tag-engelsiz-kitap-fuari"],"_links":{"self":[{"href":"https:\/\/www.bbyhaber.com\/bby\/wp-json\/wp\/v2\/posts\/15038"}],"collection":[{"href":"https:\/\/www.bbyhaber.com\/bby\/wp-json\/wp\/v2\/posts"}],"about":[{"href":"https:\/\/www.bbyhaber.com\/bby\/wp-json\/wp\/v2\/types\/post"}],"author":[{"embeddable":true,"href":"https:\/\/www.bbyhaber.com\/bby\/wp-json\/wp\/v2\/users\/129"}],"replies":[{"embeddable":true,"href":"https:\/\/www.bbyhaber.com\/bby\/wp-json\/wp\/v2\/comments?post=15038"}],"version-history":[{"count":0,"href":"https:\/\/www.bbyhaber.com\/bby\/wp-json\/wp\/v2\/posts\/15038\/revisions"}],"wp:attachment":[{"href":"https:\/\/www.bbyhaber.com\/bby\/wp-json\/wp\/v2\/media?parent=15038"}],"wp:term":[{"taxonomy":"category","embeddable":true,"href":"https:\/\/www.bbyhaber.com\/bby\/wp-json\/wp\/v2\/categories?post=15038"},{"taxonomy":"post_tag","embeddable":true,"href":"https:\/\/www.bbyhaber.com\/bby\/wp-json\/wp\/v2\/tags?post=15038"}],"curies":[{"name":"wp","href":"https:\/\/api.w.org\/{rel}","templated":true}]}}