{"id":15036,"date":"2014-10-11T00:16:46","date_gmt":"2014-10-10T21:16:46","guid":{"rendered":"http:\/\/www.bbyhaber.com\/bby\/?p=15036"},"modified":"2016-04-23T09:37:40","modified_gmt":"2016-04-23T06:37:40","slug":"ataturk-kultur-dil-ve-tarih-yuksek-kurumu-akdtyk-ile-milli-kutuphane-arasinda-is-birligi-protokolu","status":"publish","type":"post","link":"https:\/\/www.bbyhaber.com\/bby\/2014\/10\/11\/ataturk-kultur-dil-ve-tarih-yuksek-kurumu-akdtyk-ile-milli-kutuphane-arasinda-is-birligi-protokolu","title":{"rendered":"Atat\u00fcrk K\u00fclt\u00fcr Dil ve Tarih Y\u00fcksek Kurumu (AKDTYK) ile Milli K\u00fct\u00fcphane Aras\u0131nda \u0130\u015f Birli\u011fi Protokol\u00fc"},"content":{"rendered":"<div id=\"news_content\">\n<p style=\"text-align: justify;\"><img loading=\"lazy\" decoding=\"async\" class=\"alignleft\" src=\"http:\/\/www.bbyhaber.com\/bby\/wp-content\/uploads\/2015\/01\/milli-kutuphane.jpg\" alt=\"\" width=\"325\" height=\"200\" \/>Atat\u00fcrk K\u00fclt\u00fcr Dil ve Tarih Y\u00fcksek Kurumu (AKDTYK) ile Milli K\u00fct\u00fcphane aras\u0131nda i\u015f birli\u011fi protokol\u00fc imzaland\u0131.AKDTYK&#8217;dan yap\u0131lan yaz\u0131l\u0131 a\u00e7\u0131klamaya g\u00f6re,\u00a0protokol,\u00a0Y\u00fcksek Kurum Ba\u015fkan\u0131\u00a0Derya \u00d6rs ve\u00a0Milli K\u00fct\u00fcphane Ba\u015fkan\u0131 Z\u00fclfi Toman&#8217;\u0131n kat\u0131l\u0131m\u0131yla kurumda ger\u00e7ekle\u015ftirilen t\u00f6renle\u00a0imzaland\u0131. Derya \u00d6rs, t\u00f6rende, sosyal ve be\u015feri bilimler alan\u0131nda k\u00fclt\u00fcrel,<!--more--> edebi ve tarihi konular\u0131n incelenmesi, bunlar\u0131n geni\u015f okuyucu ve ara\u015ft\u0131rmac\u0131 kitlesiyle bulu\u015fturulmas\u0131 i\u00e7in iki kurumun i\u015f birli\u011finin son derece gerekli ve yararl\u0131\u00a0oldu\u011funu\u00a0vurgulad\u0131.<\/p>\n<p style=\"text-align: justify;\">Z\u00fclf\u00fc\u00a0Toman da kurumlar\u0131n g\u00f6rev alanlar\u0131n\u0131 kapsayan bu anla\u015fman\u0131n toplumun geli\u015fmesine ve T\u00fcrkiye&#8217;nin milli k\u00fclt\u00fcr politikas\u0131n\u0131n olu\u015fumuna de\u011ferli katk\u0131lar sa\u011flayaca\u011f\u0131n\u0131 belirtti.<\/p>\n<p style=\"text-align: justify;\">Protokol, Y\u00fcksek Kurum ve\u00a0b\u00fcnyesindeki kurumlar\u0131n\u00a0g\u00f6revleri \u00e7er\u00e7evesinde bilgi ve belge hizmetlerine ait kaynaklar\u0131n kullan\u0131m\u0131, de\u011fi\u015fimi, dijital yay\u0131nlara ait veri tabanlar\u0131n\u0131n payla\u015f\u0131lmas\u0131 ve ortak \u00e7al\u0131\u015fmalarla\u00a0k\u00fclt\u00fcrel i\u015f birli\u011fi sa\u011flamay\u0131 ama\u00e7l\u0131yor.<\/p>\n<\/div>\n<div>Kaynak: AA<\/div>\n","protected":false},"excerpt":{"rendered":"<p>Atat\u00fcrk K\u00fclt\u00fcr Dil ve Tarih Y\u00fcksek Kurumu (AKDTYK) ile Milli K\u00fct\u00fcphane aras\u0131nda i\u015f birli\u011fi protokol\u00fc imzaland\u0131.AKDTYK&#8217;dan yap\u0131lan yaz\u0131l\u0131 a\u00e7\u0131klamaya g\u00f6re,\u00a0protokol,\u00a0Y\u00fcksek Kurum Ba\u015fkan\u0131\u00a0Derya \u00d6rs ve\u00a0Milli K\u00fct\u00fcphane Ba\u015fkan\u0131 Z\u00fclfi Toman&#8217;\u0131n kat\u0131l\u0131m\u0131yla kurumda ger\u00e7ekle\u015ftirilen t\u00f6renle\u00a0imzaland\u0131. Derya \u00d6rs, t\u00f6rende, sosyal ve be\u015feri bilimler alan\u0131nda k\u00fclt\u00fcrel,<\/p>\n","protected":false},"author":129,"featured_media":0,"comment_status":"open","ping_status":"open","sticky":false,"template":"","format":"standard","meta":{"footnotes":""},"categories":[],"tags":[1450],"class_list":["post-15036","post","type-post","status-publish","format-standard","hentry","tag-milli-kutuphaneler"],"_links":{"self":[{"href":"https:\/\/www.bbyhaber.com\/bby\/wp-json\/wp\/v2\/posts\/15036"}],"collection":[{"href":"https:\/\/www.bbyhaber.com\/bby\/wp-json\/wp\/v2\/posts"}],"about":[{"href":"https:\/\/www.bbyhaber.com\/bby\/wp-json\/wp\/v2\/types\/post"}],"author":[{"embeddable":true,"href":"https:\/\/www.bbyhaber.com\/bby\/wp-json\/wp\/v2\/users\/129"}],"replies":[{"embeddable":true,"href":"https:\/\/www.bbyhaber.com\/bby\/wp-json\/wp\/v2\/comments?post=15036"}],"version-history":[{"count":0,"href":"https:\/\/www.bbyhaber.com\/bby\/wp-json\/wp\/v2\/posts\/15036\/revisions"}],"wp:attachment":[{"href":"https:\/\/www.bbyhaber.com\/bby\/wp-json\/wp\/v2\/media?parent=15036"}],"wp:term":[{"taxonomy":"category","embeddable":true,"href":"https:\/\/www.bbyhaber.com\/bby\/wp-json\/wp\/v2\/categories?post=15036"},{"taxonomy":"post_tag","embeddable":true,"href":"https:\/\/www.bbyhaber.com\/bby\/wp-json\/wp\/v2\/tags?post=15036"}],"curies":[{"name":"wp","href":"https:\/\/api.w.org\/{rel}","templated":true}]}}