{"id":15031,"date":"2014-10-10T09:48:18","date_gmt":"2014-10-10T06:48:18","guid":{"rendered":"http:\/\/www.bbyhaber.com\/bby\/?p=15031"},"modified":"2014-10-10T10:27:47","modified_gmt":"2014-10-10T07:27:47","slug":"polatli-halk-kutuphanesine-ilgi-artiyor","status":"publish","type":"post","link":"https:\/\/www.bbyhaber.com\/bby\/2014\/10\/10\/polatli-halk-kutuphanesine-ilgi-artiyor","title":{"rendered":"Polatl\u0131 Halk K\u00fct\u00fcphanesi\u2019ne ilgi art\u0131yor"},"content":{"rendered":"<p style=\"text-align: justify;\"><img loading=\"lazy\" decoding=\"async\" class=\"alignleft\" src=\"http:\/\/i.hizliresim.com\/vojbD4.png\" alt=\"\" width=\"300\" height=\"187\" \/>G\u00fcn ge\u00e7tik\u00e7e Polatl\u0131 Halk K\u00fct\u00fcphanesine ilgi art\u0131yor. Hem okuyucu say\u0131s\u0131 hem de k\u00fct\u00fcphanenin bir\u00e7ok hizmetinden yaralanan say\u0131s\u0131 olduk\u00e7a art\u0131\u015f g\u00f6sterdi. K\u00fct\u00fcphaneden faydalanan bir\u00e7ok \u00fcye Halk K\u00fct\u00fcphanesi\u2019nden memnun olduklar\u0131n\u0131 dile getiriyorlar. K\u00fct\u00fcphane \u00fcyelerinden Ali G\u00f6rg\u00fcn Halk K\u00fct\u00fcphanesi hakk\u0131ndaki d\u00fc\u015f\u00fcncelerini \u015fu \u015fekilde ifade etti; \u201c2012 y\u0131l\u0131ndan bug\u00fcne Polatl\u0131 Halk K\u00fct\u00fcphanesi\u2019nden faydalan\u0131yorum. K\u00fct\u00fcphanemizde gerek kitap se\u00e7enekleri gerek ders \u00e7al\u0131\u015fabilece\u011fimiz ortam a\u00e7\u0131s\u0131ndan \u00e7ok iyi hizmet verilmekte.<!--more--><\/p>\n<p style=\"text-align: justify;\">K\u00fct\u00fcphaneye gelmemdeki as\u0131l ama\u00e7 ders \u00e7al\u0131\u015fmak olsa da \u00d6d\u00fcn\u00e7 Verme B\u00f6l\u00fcm\u00fcn\u00fcn yapm\u0131\u015f oldu\u011fu sergiler yeni \u00e7\u0131kan kitaplarla okuma al\u0131\u015fkanl\u0131\u011f\u0131m daha da artt\u0131. \u00d6nceleri kitap se\u00e7imimde ne olursa okurum desem de k\u00fct\u00fcphaneye geldikten sonra daha sa\u011fl\u0131kl\u0131 kitap se\u00e7imleri yapmaya ba\u015flad\u0131m mizahi, ki\u015fisel geli\u015fim, tarihi romanlara olan ilgim giderek artt\u0131. Ders \u00e7al\u0131\u015fma konusunda ise k\u00fct\u00fcphanemizin ikinci kat\u0131nda bulunan okuma salonunda 80-100 ki\u015fiye rahat bir \u015fekilde yetecek kapasitesi ile biz \u00f6\u011frencilere \u00e7ok iyi bir hizmet verilmekte, en g\u00fczel yan\u0131 ise sessiz bir ortam olmas\u0131 buradan di\u011fer t\u00fcm \u00f6\u011frencilerin de gelip \u00e7al\u0131\u015fmalar\u0131n\u0131 tavsiye ederim. Bu avantajlar yan\u0131nda daha bir\u00e7ok hizmet veren k\u00fct\u00fcphanemizin ister Ara\u015ft\u0131rma B\u00f6l\u00fcm\u00fcnde, ister \u0130nternet Merkezinde diledi\u011fimiz her hangi bir \u015feyi rahat bir \u015fekilde bulmam\u0131z\u0131 sa\u011flamas\u0131 da beni k\u00fct\u00fcphaneye \u00e7eken olanaklar aras\u0131nda. Bu ay\u0131n okuyucusu olarak se\u00e7ilmemi sa\u011flayan t\u00fcm k\u00fct\u00fcphane \u00e7al\u0131\u015fanlar\u0131na te\u015fekk\u00fcrlerimi sunar, e\u011fitime a\u00e7\u0131k olan herkesi Polatl\u0131 \u0130l\u00e7e Halk K\u00fct\u00fcphanesine beklerim. \u201cdedi. Polatl\u0131 Halk K\u00fct\u00fcphanesi 1957 y\u0131l\u0131ndan bug\u00fcne kadar Polatl\u0131\u2019ya hizmet veren bir kurum. 1957 y\u0131l\u0131ndan Polatl\u0131 Belediyesi\u2019nin alt kat\u0131ndan tahsis edilen yerde 545 kitap ile Polatl\u0131l\u0131lara hizmet veren Polatl\u0131 Halk K\u00fct\u00fcphanesi\u2019nde art\u0131k yakla\u015f\u0131k 37108 kitap, 258 \u00e7e\u015fit s\u00fcreli yay\u0131n ve 81 adet g\u00f6rsel-i\u015fitsel materyal bulunuyor.<\/p>\n<p style=\"text-align: justify;\">Kaynak: http:\/\/www.polatliistiklal.com\/<\/p>\n","protected":false},"excerpt":{"rendered":"<p>G\u00fcn ge\u00e7tik\u00e7e Polatl\u0131 Halk K\u00fct\u00fcphanesine ilgi art\u0131yor. Hem okuyucu say\u0131s\u0131 hem de k\u00fct\u00fcphanenin bir\u00e7ok hizmetinden yaralanan say\u0131s\u0131 olduk\u00e7a art\u0131\u015f g\u00f6sterdi. K\u00fct\u00fcphaneden faydalanan bir\u00e7ok \u00fcye Halk K\u00fct\u00fcphanesi\u2019nden memnun olduklar\u0131n\u0131 dile getiriyorlar. K\u00fct\u00fcphane \u00fcyelerinden Ali G\u00f6rg\u00fcn Halk K\u00fct\u00fcphanesi hakk\u0131ndaki d\u00fc\u015f\u00fcncelerini \u015fu \u015fekilde ifade etti; \u201c2012 y\u0131l\u0131ndan bug\u00fcne Polatl\u0131 Halk K\u00fct\u00fcphanesi\u2019nden faydalan\u0131yorum. K\u00fct\u00fcphanemizde gerek kitap se\u00e7enekleri gerek ders [&hellip;]<\/p>\n","protected":false},"author":1,"featured_media":0,"comment_status":"open","ping_status":"open","sticky":false,"template":"","format":"standard","meta":{"footnotes":""},"categories":[1],"tags":[848],"class_list":["post-15031","post","type-post","status-publish","format-standard","hentry","category-genel","tag-halk-kutuphaneleri"],"_links":{"self":[{"href":"https:\/\/www.bbyhaber.com\/bby\/wp-json\/wp\/v2\/posts\/15031"}],"collection":[{"href":"https:\/\/www.bbyhaber.com\/bby\/wp-json\/wp\/v2\/posts"}],"about":[{"href":"https:\/\/www.bbyhaber.com\/bby\/wp-json\/wp\/v2\/types\/post"}],"author":[{"embeddable":true,"href":"https:\/\/www.bbyhaber.com\/bby\/wp-json\/wp\/v2\/users\/1"}],"replies":[{"embeddable":true,"href":"https:\/\/www.bbyhaber.com\/bby\/wp-json\/wp\/v2\/comments?post=15031"}],"version-history":[{"count":0,"href":"https:\/\/www.bbyhaber.com\/bby\/wp-json\/wp\/v2\/posts\/15031\/revisions"}],"wp:attachment":[{"href":"https:\/\/www.bbyhaber.com\/bby\/wp-json\/wp\/v2\/media?parent=15031"}],"wp:term":[{"taxonomy":"category","embeddable":true,"href":"https:\/\/www.bbyhaber.com\/bby\/wp-json\/wp\/v2\/categories?post=15031"},{"taxonomy":"post_tag","embeddable":true,"href":"https:\/\/www.bbyhaber.com\/bby\/wp-json\/wp\/v2\/tags?post=15031"}],"curies":[{"name":"wp","href":"https:\/\/api.w.org\/{rel}","templated":true}]}}