{"id":14992,"date":"2014-10-02T09:44:52","date_gmt":"2014-10-02T06:44:52","guid":{"rendered":"http:\/\/www.bbyhaber.com\/bby\/?p=14992"},"modified":"2014-10-02T09:44:52","modified_gmt":"2014-10-02T06:44:52","slug":"itu-ogrencilerinin-kutuphane-mucadelesi-suruyor","status":"publish","type":"post","link":"https:\/\/www.bbyhaber.com\/bby\/2014\/10\/02\/itu-ogrencilerinin-kutuphane-mucadelesi-suruyor","title":{"rendered":"\u0130T\u00dc \u00f6\u011frencilerinin k\u00fct\u00fcphane m\u00fccadelesi s\u00fcr\u00fcyor"},"content":{"rendered":"<p style=\"text-align: justify;\"><img loading=\"lazy\" decoding=\"async\" class=\"alignleft\" src=\"http:\/\/www.kolektifler.net\/images\/posts_thumb\/C4EF790468C.jpg\" alt=\"\" width=\"200\" height=\"150\" \/>\u0130stanbul Teknik \u00dcniversitesi G\u00fcm\u00fc\u015fsuyu yerle\u015fkesi \u00f6\u011frencileri, k\u00fct\u00fcphanenin kapan\u0131\u015f s\u00fcresini uzatmak i\u00e7in toplad\u0131klar\u0131 imzalar\u0131 dekanl\u0131\u011fa iletti. \u0130stanbul Teknik \u00dcniversitesi G\u00fcm\u00fc\u015fsuyu yerle\u015fkesi \u00f6\u011frencileri, ders saatleri s\u00fcresince a\u00e7\u0131k olan k\u00fct\u00fcphaneden faydalanamad\u0131klar\u0131 i\u00e7in G\u00fcm\u00fc\u015fsuyu Kolektif\u2019in ba\u015flatt\u0131\u011f\u0131 imza kampanyas\u0131yla 500\u2019\u00fc a\u015fk\u0131n imza toplad\u0131. K\u00fct\u00fcphanenin kapan\u0131\u015f saati olan 17.00\u2019den 22.00\u2019ye al\u0131nmas\u0131 i\u00e7in G\u00fcm\u00fc\u015fsuyu Kolektif taraf\u0131ndan ba\u015flat\u0131lan imza kampanyas\u0131na \u00fcniversitelilerin kat\u0131l\u0131m\u0131 yo\u011fun oldu.<!--more--><\/p>\n<p style=\"text-align: justify;\">\u00dcniversiteliler bir hafta s\u00fcren kampanya sonucunda toplanan imzalar\u0131 fak\u00fclte dekan\u0131na g\u00f6t\u00fcrd\u00fc. \u00d6zel g\u00fcvenlik birimlerinin \u2018e\u015fli\u011finde\u2019 imzalar\u0131n\u0131 G\u00fcm\u00fc\u015fsuyu Fak\u00fcltesi Sekreteri G\u00fclnar T\u00fcrkhan\u2019e ileten \u00fcniversiteliler, taleplerinin en ge\u00e7 2 hafta i\u00e7erisinde ger\u00e7ekle\u015ftirilece\u011fi ve ayr\u0131ca pazar g\u00fcnleri de k\u00fct\u00fcphanenin a\u00e7\u0131lmas\u0131 s\u00f6z\u00fcn\u00fc ald\u0131ktan sonra verilen s\u00f6zlerin takip\u00e7isi olacaklar\u0131n\u0131 belirterek dekanl\u0131ktan ayr\u0131ld\u0131.<\/p>\n<p style=\"text-align: justify;\">Kaynak:http:\/\/www.kolektifler.net\/<\/p>\n","protected":false},"excerpt":{"rendered":"<p>\u0130stanbul Teknik \u00dcniversitesi G\u00fcm\u00fc\u015fsuyu yerle\u015fkesi \u00f6\u011frencileri, k\u00fct\u00fcphanenin kapan\u0131\u015f s\u00fcresini uzatmak i\u00e7in toplad\u0131klar\u0131 imzalar\u0131 dekanl\u0131\u011fa iletti. \u0130stanbul Teknik \u00dcniversitesi G\u00fcm\u00fc\u015fsuyu yerle\u015fkesi \u00f6\u011frencileri, ders saatleri s\u00fcresince a\u00e7\u0131k olan k\u00fct\u00fcphaneden faydalanamad\u0131klar\u0131 i\u00e7in G\u00fcm\u00fc\u015fsuyu Kolektif\u2019in ba\u015flatt\u0131\u011f\u0131 imza kampanyas\u0131yla 500\u2019\u00fc a\u015fk\u0131n imza toplad\u0131. K\u00fct\u00fcphanenin kapan\u0131\u015f saati olan 17.00\u2019den 22.00\u2019ye al\u0131nmas\u0131 i\u00e7in G\u00fcm\u00fc\u015fsuyu Kolektif taraf\u0131ndan ba\u015flat\u0131lan imza kampanyas\u0131na \u00fcniversitelilerin kat\u0131l\u0131m\u0131 yo\u011fun [&hellip;]<\/p>\n","protected":false},"author":1,"featured_media":0,"comment_status":"open","ping_status":"open","sticky":false,"template":"","format":"standard","meta":{"footnotes":""},"categories":[1],"tags":[],"class_list":["post-14992","post","type-post","status-publish","format-standard","hentry","category-genel"],"_links":{"self":[{"href":"https:\/\/www.bbyhaber.com\/bby\/wp-json\/wp\/v2\/posts\/14992"}],"collection":[{"href":"https:\/\/www.bbyhaber.com\/bby\/wp-json\/wp\/v2\/posts"}],"about":[{"href":"https:\/\/www.bbyhaber.com\/bby\/wp-json\/wp\/v2\/types\/post"}],"author":[{"embeddable":true,"href":"https:\/\/www.bbyhaber.com\/bby\/wp-json\/wp\/v2\/users\/1"}],"replies":[{"embeddable":true,"href":"https:\/\/www.bbyhaber.com\/bby\/wp-json\/wp\/v2\/comments?post=14992"}],"version-history":[{"count":0,"href":"https:\/\/www.bbyhaber.com\/bby\/wp-json\/wp\/v2\/posts\/14992\/revisions"}],"wp:attachment":[{"href":"https:\/\/www.bbyhaber.com\/bby\/wp-json\/wp\/v2\/media?parent=14992"}],"wp:term":[{"taxonomy":"category","embeddable":true,"href":"https:\/\/www.bbyhaber.com\/bby\/wp-json\/wp\/v2\/categories?post=14992"},{"taxonomy":"post_tag","embeddable":true,"href":"https:\/\/www.bbyhaber.com\/bby\/wp-json\/wp\/v2\/tags?post=14992"}],"curies":[{"name":"wp","href":"https:\/\/api.w.org\/{rel}","templated":true}]}}