{"id":14970,"date":"2014-09-28T20:20:23","date_gmt":"2014-09-28T17:20:23","guid":{"rendered":"http:\/\/www.bbyhaber.com\/bby\/?p=14970"},"modified":"2014-09-28T20:43:31","modified_gmt":"2014-09-28T17:43:31","slug":"kutuphane-senliktir-heybeliadada-gerceklestirildi","status":"publish","type":"post","link":"https:\/\/www.bbyhaber.com\/bby\/2014\/09\/28\/kutuphane-senliktir-heybeliadada-gerceklestirildi","title":{"rendered":"K\u00fct\u00fcphane \u015eenli\u011fi &#8220;K\u00fct\u00fcphane \u015eenliktir&#8221; Heybeliada&#8217;da Ger\u00e7ekle\u015ftirildi"},"content":{"rendered":"<p style=\"text-align: justify;\">Heybeliada K\u00fct\u00fcphane Koruma Giri\u015fimi ve T\u00fcrk K\u00fct\u00fcphaneciler Derne\u011fi \u0130stanbul \u015eubesi\u2019nin ortak giri\u015fimi ile d\u00fczenlenen payda\u015f sivil toplum kurulu\u015flar\u0131n ve yerel y\u00f6netimlerin destekledi\u011fi <strong>K\u00fct\u00fcphane \u015eenli\u011fi \u201cK\u00fct\u00fcphane \u015eenliktir<\/strong>\u201d 27 Eyl\u00fcl 2014cumartesi g\u00fcn\u00fc saat 10.00-20.00 saatleri aras\u0131nda Heybeliada \u0130skele Meydan\u0131nda \u015fenlik \u00e7ad\u0131rlar\u0131nda ve Heybeliada esnaf\u0131n\u0131n deste\u011fi ile sahildeki kafelerde ger\u00e7ekle\u015ftirildi. \u00a0<!--more--><\/p>\n<p style=\"text-align: justify;\">Hava ko\u015fullar\u0131n\u0131n olumsuz olmas\u0131na ra\u011fmen kitaplar\u0131n s\u0131cakl\u0131\u011f\u0131 i\u00e7imizi \u0131s\u0131tt\u0131. \u015eenli\u011fe hem ada\u2019dan\u00a0 hemde ada d\u0131\u015f\u0131ndan ilgi yo\u011fundu. \u015eenlik program\u0131nda ilan edilen program hi\u00e7bir aksakl\u0131k ya\u015fanmadan ba\u015far\u0131yla tamamland\u0131. Her ya\u015ftan kat\u0131l\u0131mc\u0131ya hitabeden at\u00f6lyelerin ve s\u00f6yle\u015filerin oldu\u011fu \u015fenlikte \u00e7ocuklar ve yeti\u015fkinler g\u00fcn boyu s\u00fcren at\u00f6lyelerde keyifli zamanlar ge\u00e7irdi.<\/p>\n<p><a href=\"http:\/\/www.bbyhaber.com\/bby\/wp-content\/uploads\/2014\/09\/kutuphane-senliktir1.jpg\"><img loading=\"lazy\" decoding=\"async\" class=\"alignnone\" src=\"http:\/\/www.bbyhaber.com\/bby\/wp-content\/uploads\/2014\/09\/kutuphane-senliktir1.jpg\" alt=\"\" width=\"150\" height=\"150\" \/><\/a> <a href=\"http:\/\/www.bbyhaber.com\/bby\/wp-content\/uploads\/2014\/09\/kutuphane-senliktir2.jpg\"><img loading=\"lazy\" decoding=\"async\" class=\"alignnone\" src=\"http:\/\/www.bbyhaber.com\/bby\/wp-content\/uploads\/2014\/09\/kutuphane-senliktir2.jpg\" alt=\"\" width=\"150\" height=\"150\" \/><\/a> <a href=\"http:\/\/www.bbyhaber.com\/bby\/wp-content\/uploads\/2014\/09\/kutuphane-senliktir3.jpg\"><img loading=\"lazy\" decoding=\"async\" class=\"alignnone\" src=\"http:\/\/www.bbyhaber.com\/bby\/wp-content\/uploads\/2014\/09\/kutuphane-senliktir3.jpg\" alt=\"\" width=\"150\" height=\"150\" \/><\/a><\/p>\n<p><a href=\"http:\/\/www.bbyhaber.com\/bby\/wp-content\/uploads\/2014\/09\/kutuphane-senliktir4.jpg\"><img loading=\"lazy\" decoding=\"async\" class=\"alignnone\" src=\"http:\/\/www.bbyhaber.com\/bby\/wp-content\/uploads\/2014\/09\/kutuphane-senliktir4.jpg\" alt=\"\" width=\"150\" height=\"150\" \/><\/a> <a href=\"http:\/\/www.bbyhaber.com\/bby\/wp-content\/uploads\/2014\/09\/kutuphane-senliktir5.jpg\"><img loading=\"lazy\" decoding=\"async\" class=\"alignnone\" src=\"http:\/\/www.bbyhaber.com\/bby\/wp-content\/uploads\/2014\/09\/kutuphane-senliktir5.jpg\" alt=\"\" width=\"150\" height=\"150\" \/><\/a> <a href=\"http:\/\/www.bbyhaber.com\/bby\/wp-content\/uploads\/2014\/09\/kutuphane-senliktir6.jpg\"><img loading=\"lazy\" decoding=\"async\" class=\"alignnone\" src=\"http:\/\/www.bbyhaber.com\/bby\/wp-content\/uploads\/2014\/09\/kutuphane-senliktir6.jpg\" alt=\"\" width=\"150\" height=\"150\" \/><\/a><\/p>\n<p><a href=\"http:\/\/www.bbyhaber.com\/bby\/wp-content\/uploads\/2014\/09\/kutuphane-senliktir7.jpg\"><img loading=\"lazy\" decoding=\"async\" class=\"alignnone\" src=\"http:\/\/www.bbyhaber.com\/bby\/wp-content\/uploads\/2014\/09\/kutuphane-senliktir7.jpg\" alt=\"\" width=\"150\" height=\"150\" \/><\/a> <a href=\"http:\/\/www.bbyhaber.com\/bby\/wp-content\/uploads\/2014\/09\/kutuphane-senliktir8.jpg\"><img loading=\"lazy\" decoding=\"async\" class=\"alignnone\" src=\"http:\/\/www.bbyhaber.com\/bby\/wp-content\/uploads\/2014\/09\/kutuphane-senliktir8.jpg\" alt=\"\" width=\"150\" height=\"150\" \/><\/a> <a href=\"http:\/\/www.bbyhaber.com\/bby\/wp-content\/uploads\/2014\/09\/kutuphane-senliktir9.jpg\"><img loading=\"lazy\" decoding=\"async\" class=\"alignnone\" src=\"http:\/\/www.bbyhaber.com\/bby\/wp-content\/uploads\/2014\/09\/kutuphane-senliktir9.jpg\" alt=\"\" width=\"150\" height=\"150\" \/><\/a><\/p>\n<p><a href=\"http:\/\/www.bbyhaber.com\/bby\/wp-content\/uploads\/2014\/09\/kutuphane-senliktir10.jpg\"><img loading=\"lazy\" decoding=\"async\" class=\"alignnone\" src=\"http:\/\/www.bbyhaber.com\/bby\/wp-content\/uploads\/2014\/09\/kutuphane-senliktir10.jpg\" alt=\"\" width=\"150\" height=\"150\" \/><\/a><\/p>\n<p style=\"text-align: justify;\">G\u00fcne\u015fin a\u00e7t\u0131\u011f\u0131 zamanlar adada panay\u0131r g\u00f6r\u00fcn\u00fcm\u00fc hakimdi. \u0130DO iskelesi \u00f6n\u00fcnde g\u00fcnboyu kurulan Kitap Takas\u0131\/ Takas K\u00fct\u00fcphanesi \u015fenlik etkinlik \u00e7ad\u0131rlar\u0131ndan sonra en \u00e7ok ilgi g\u00f6ren alan oldu.\u00a0 \u015eenlik boyunca at\u00f6lyelerin sa\u011fl\u0131k y\u00fcr\u00fcmesi i\u00e7in \u0130stanbul, Marmara ve Hacettepe \u00dcniversitelerinde okuyan Bilgi ve Belge Y\u00f6netimi\u00a0 \u00f6\u011frencileri g\u00f6n\u00fcll\u00fc olarak aktif rol ald\u0131.<\/p>\n<p style=\"text-align: justify;\">\u015eenlik s\u00fcresince 17 At\u00f6lye, 2 s\u00f6yle\u015fi\u00a0 yap\u0131ld\u0131.Ger\u00e7ekle\u015fen at\u00f6lyeler ve s\u00f6yle\u015filer.\u00a0 Ku\u015f G\u00f6zlem, Bili\u015fim, Astronomi,\u00a0 Evreni Tan\u0131yal\u0131m, Temel Denizcilik, Pandomim, Ses Beden Ritim, \u00c7izgi Roman, Polisiye Roman, \u00c7ocuklar \u0130\u00e7in Masal, B\u00fcy\u00fckler \u0130\u00e7in Masal,\u00a0 \u00c7amur, Ayra\u00e7, Resim, \u00c7alg\u0131lar\u0131 Tan\u0131yal\u0131m-Arp, \u00c7ocuklara Yarat\u0131c\u0131 Yazarl\u0131k, Foto\u011fraf\u00e7\u0131l\u0131k At\u00f6lyeleri. \u201c\u0130deal Bir Halk K\u00fct\u00fcphanesi Nas\u0131l Olmal\u0131?\u201d ve \u201cYa\u015fayan K\u00fct\u00fcphaneler\u201d s\u00f6yle\u015fileri ger\u00e7ekle\u015fti.<\/p>\n<p style=\"text-align: justify;\">Halk k\u00fct\u00fcphaneleri \u00f6zelinde k\u00fct\u00fcphaneleri toplum ya\u015fam\u0131na sokmak, toplumda\u00a0 varolan k\u00fct\u00fcphane alg\u0131s\u0131n\u0131 de\u011fi\u015ftirmek, k\u00fct\u00fcphanelerin ya\u015fayan ve ya\u015fanan mekanlar oldu\u011funun fark\u0131ndal\u0131\u011f\u0131n\u0131 yaratmak amac\u0131yla d\u00fczenledi\u011fimiz \u015fenli\u011fin ana temas\u0131na vurgu yap\u0131lan \u201cYa\u015fayan K\u00fct\u00fcphaneler\u201d s\u00f6yle\u015fisine 100\u2019den fazla kat\u0131l\u0131mc\u0131 e\u015fli\u011finde toplumdaki halk k\u00fct\u00fcphanesi alg\u0131s\u0131n\u0131 g\u00fc\u00e7lendirecek, k\u00fct\u00fcphanelerin mekansal ve i\u00e7eriksel anlamda ya\u015fam oda\u011f\u0131m\u0131z olmas\u0131 gereklili\u011fi\u00a0 \u00fczerine konu uzman\u0131; yay\u0131nc\u0131, k\u00fct\u00fcphaneci, yazar, akademisyenler taraf\u0131ndan konu\u015fmalar yap\u0131ld\u0131. \u00d6zellikle yazar ve sinemac\u0131 Ercan Kesal\u2019in Avanos \u0130l\u00e7e Halk K\u00fct\u00fcphanesi ile tan\u0131\u015ft\u0131ktan sonra kendi hayat\u0131nda kitap ve k\u00fct\u00fcphane ile kurdu\u011fu ili\u015fkiyi\u00a0 ve kendisine k\u00fct\u00fcphanenin katt\u0131klar\u0131n\u0131 anlatt\u0131\u011f\u0131 s\u00f6yle\u015fisi ilgi ile izlendi.<\/p>\n<p style=\"text-align: justify;\">Kaynak:<br \/>\nAyd\u0131n \u0130leri<strong><br \/>\n<\/strong>T\u00fcrk K\u00fct\u00fcphaneciler Derne\u011fi Genel Ba\u015fkan Yard\u0131mc\u0131s\u0131<br \/>\nOkul K\u00fct\u00fcphanecileri Derne\u011fi Ba\u015fkan\u0131<a href=\"http:\/\/twitter.com\/#!\/aydinileri\" target=\"_blank\"><br \/>\nhttp:\/\/twitter.com\/aydinileri<\/a><\/p>\n","protected":false},"excerpt":{"rendered":"<p>Heybeliada K\u00fct\u00fcphane Koruma Giri\u015fimi ve T\u00fcrk K\u00fct\u00fcphaneciler Derne\u011fi \u0130stanbul \u015eubesi\u2019nin ortak giri\u015fimi ile d\u00fczenlenen payda\u015f sivil toplum kurulu\u015flar\u0131n ve yerel y\u00f6netimlerin destekledi\u011fi K\u00fct\u00fcphane \u015eenli\u011fi \u201cK\u00fct\u00fcphane \u015eenliktir\u201d 27 Eyl\u00fcl 2014cumartesi g\u00fcn\u00fc saat 10.00-20.00 saatleri aras\u0131nda Heybeliada \u0130skele Meydan\u0131nda \u015fenlik \u00e7ad\u0131rlar\u0131nda ve Heybeliada esnaf\u0131n\u0131n deste\u011fi ile sahildeki kafelerde ger\u00e7ekle\u015ftirildi. \u00a0<\/p>\n","protected":false},"author":1,"featured_media":0,"comment_status":"open","ping_status":"open","sticky":false,"template":"","format":"standard","meta":{"footnotes":""},"categories":[1476,1],"tags":[577],"class_list":["post-14970","post","type-post","status-publish","format-standard","hentry","category-aydin-ileri","category-genel","tag-kutuphane-senliktir"],"_links":{"self":[{"href":"https:\/\/www.bbyhaber.com\/bby\/wp-json\/wp\/v2\/posts\/14970"}],"collection":[{"href":"https:\/\/www.bbyhaber.com\/bby\/wp-json\/wp\/v2\/posts"}],"about":[{"href":"https:\/\/www.bbyhaber.com\/bby\/wp-json\/wp\/v2\/types\/post"}],"author":[{"embeddable":true,"href":"https:\/\/www.bbyhaber.com\/bby\/wp-json\/wp\/v2\/users\/1"}],"replies":[{"embeddable":true,"href":"https:\/\/www.bbyhaber.com\/bby\/wp-json\/wp\/v2\/comments?post=14970"}],"version-history":[{"count":0,"href":"https:\/\/www.bbyhaber.com\/bby\/wp-json\/wp\/v2\/posts\/14970\/revisions"}],"wp:attachment":[{"href":"https:\/\/www.bbyhaber.com\/bby\/wp-json\/wp\/v2\/media?parent=14970"}],"wp:term":[{"taxonomy":"category","embeddable":true,"href":"https:\/\/www.bbyhaber.com\/bby\/wp-json\/wp\/v2\/categories?post=14970"},{"taxonomy":"post_tag","embeddable":true,"href":"https:\/\/www.bbyhaber.com\/bby\/wp-json\/wp\/v2\/tags?post=14970"}],"curies":[{"name":"wp","href":"https:\/\/api.w.org\/{rel}","templated":true}]}}