{"id":14892,"date":"2014-09-19T14:33:40","date_gmt":"2014-09-19T11:33:40","guid":{"rendered":"http:\/\/www.bbyhaber.com\/bby\/?p=14892"},"modified":"2014-11-17T09:00:15","modified_gmt":"2014-11-17T07:00:15","slug":"ankara-universitesi-dtcf-bby-bolumu-60-yil-sempozyumu-13-14-kasim-2014-ankara","status":"publish","type":"post","link":"https:\/\/www.bbyhaber.com\/bby\/2014\/09\/19\/ankara-universitesi-dtcf-bby-bolumu-60-yil-sempozyumu-13-14-kasim-2014-ankara","title":{"rendered":"Ankara \u00dcniversitesi DTCF BBY B\u00f6l\u00fcm\u00fc 60.Y\u0131l Sempozyumu-13-14 Kas\u0131m 2014-Ankara"},"content":{"rendered":"<p style=\"text-align: justify;\"><img loading=\"lazy\" decoding=\"async\" class=\"alignleft\" src=\"http:\/\/www.bbyhaber.com\/bby\/wp-content\/uploads\/bby-bolum\/ankara.jpg\" alt=\"\" width=\"150\" height=\"150\" \/>Meslek e\u011fitimi kapsam\u0131nda kuramsal ve pratik d\u00fczlemde g\u00fcn\u00fcm\u00fcze ili\u015fkin ve gelece\u011fe y\u00f6nelik saptamalar\u0131 yapmak, yeni kurulacak ve\/veya hen\u00fcz \u00f6\u011fretime ba\u015flamam\u0131\u015f BBY B\u00f6l\u00fcmlerine 60 y\u0131ll\u0131k deneyimin aktar\u0131larak y\u00f6nlendirici olmak ama\u00e7lanmaktad\u0131r. Bu do\u011frultuda ama\u00e7, akademisyenlerimizin, k\u00fct\u00fcphanecilerimizin ve \u00f6\u011frencilerimizin bulu\u015faca\u011f\u0131 bir tart\u0131\u015fma platformu olu\u015fturmakt\u0131r.<!--more--><\/p>\n<p style=\"text-align: justify;\">Bu ama\u00e7 do\u011frultusunda sempozyumda, disiplinimizin d\u00fc\u015f\u00fcnsel temelleri; gelece\u011fin bireyi ve bilgilenme gereksinimi; yurtd\u0131\u015f\u0131 deneyimlerin DTCF k\u00fct\u00fcphanecilik e\u011fitimine yans\u0131malar\u0131; di\u011fer BBY B\u00f6l\u00fcmlerinin deneyimleri; k\u00fct\u00fcphanelerde bilgi y\u00f6netimi ve uygulamalar\u0131; mesle\u011fimiz ve disiplinimizin interdisipliner yap\u0131s\u0131; meslek e\u011fitiminde yeni y\u00f6ntemler ve f\u0131rsatlar konular\u0131n\u0131n ele al\u0131naca\u011f\u0131 d\u00f6rt \u201coturum\u201d ve \u00f6\u011frenci etkinli\u011fi olarak organize edilecek ve \u00f6\u011frencilerimizin meslek e\u011fitiminden beklentilerinin tart\u0131\u015f\u0131laca\u011f\u0131 bir \u201cforum\u201d yer alacakt\u0131r.<\/p>\n<p style=\"text-align: justify;\"><strong>Ankara \u00dcniversitesi DTCF BBY B\u00f6l\u00fcm\u00fc 60. Y\u0131l Sempozyumu-<span style=\"color: #ff0000;\">13-14 Kas\u0131m 2014-Ankara<\/span><\/strong><\/p>\n<p style=\"text-align: justify;\"><span style=\"color: #ff0000;\"><strong>Yer:<\/strong><\/span> <strong>Ankara \u00dcniversitesi, Dil ve Tarih-Co\u011frafya Fak\u00fcltesi, Farabi Salonu, 06100, S\u0131hhiye, Ankara<\/strong><\/p>\n<p style=\"text-align: justify;\"><a href=\"http:\/\/bby60.humanity.ankara.edu.tr\/?page_id=49\" target=\"_blank\"><strong><span style=\"color: #0000ff;\">Kay\u0131t i\u00e7in t\u0131klay\u0131n\u0131z<\/span><\/strong><\/a><\/p>\n<p style=\"text-align: justify;\"><a href=\"http:\/\/bby60.humanity.ankara.edu.tr\/files\/2014\/01\/au-dtcf-bby-60-y%C4%B1l-sempozyum-program%C4%B1-13-14-Kas%C4%B1m-2014.pdf\" target=\"_blank\">Program i\u00e7in t\u0131klay\u0131n\u0131z<\/a><\/p>\n","protected":false},"excerpt":{"rendered":"<p>Meslek e\u011fitimi kapsam\u0131nda kuramsal ve pratik d\u00fczlemde g\u00fcn\u00fcm\u00fcze ili\u015fkin ve gelece\u011fe y\u00f6nelik saptamalar\u0131 yapmak, yeni kurulacak ve\/veya hen\u00fcz \u00f6\u011fretime ba\u015flamam\u0131\u015f BBY B\u00f6l\u00fcmlerine 60 y\u0131ll\u0131k deneyimin aktar\u0131larak y\u00f6nlendirici olmak ama\u00e7lanmaktad\u0131r. Bu do\u011frultuda ama\u00e7, akademisyenlerimizin, k\u00fct\u00fcphanecilerimizin ve \u00f6\u011frencilerimizin bulu\u015faca\u011f\u0131 bir tart\u0131\u015fma platformu olu\u015fturmakt\u0131r.<\/p>\n","protected":false},"author":1,"featured_media":0,"comment_status":"open","ping_status":"open","sticky":false,"template":"","format":"standard","meta":{"footnotes":""},"categories":[],"tags":[1395],"class_list":["post-14892","post","type-post","status-publish","format-standard","hentry","tag-bby-mesleki-etkinlikler-arsivi"],"_links":{"self":[{"href":"https:\/\/www.bbyhaber.com\/bby\/wp-json\/wp\/v2\/posts\/14892"}],"collection":[{"href":"https:\/\/www.bbyhaber.com\/bby\/wp-json\/wp\/v2\/posts"}],"about":[{"href":"https:\/\/www.bbyhaber.com\/bby\/wp-json\/wp\/v2\/types\/post"}],"author":[{"embeddable":true,"href":"https:\/\/www.bbyhaber.com\/bby\/wp-json\/wp\/v2\/users\/1"}],"replies":[{"embeddable":true,"href":"https:\/\/www.bbyhaber.com\/bby\/wp-json\/wp\/v2\/comments?post=14892"}],"version-history":[{"count":0,"href":"https:\/\/www.bbyhaber.com\/bby\/wp-json\/wp\/v2\/posts\/14892\/revisions"}],"wp:attachment":[{"href":"https:\/\/www.bbyhaber.com\/bby\/wp-json\/wp\/v2\/media?parent=14892"}],"wp:term":[{"taxonomy":"category","embeddable":true,"href":"https:\/\/www.bbyhaber.com\/bby\/wp-json\/wp\/v2\/categories?post=14892"},{"taxonomy":"post_tag","embeddable":true,"href":"https:\/\/www.bbyhaber.com\/bby\/wp-json\/wp\/v2\/tags?post=14892"}],"curies":[{"name":"wp","href":"https:\/\/api.w.org\/{rel}","templated":true}]}}