{"id":14857,"date":"2014-09-15T13:16:40","date_gmt":"2014-09-15T10:16:40","guid":{"rendered":"http:\/\/www.bbyhaber.com\/bby\/?p=14857"},"modified":"2014-10-03T11:28:13","modified_gmt":"2014-10-03T08:28:13","slug":"kutuphane-senligi-gonullulerini-ariyor","status":"publish","type":"post","link":"https:\/\/www.bbyhaber.com\/bby\/2014\/09\/15\/kutuphane-senligi-gonullulerini-ariyor","title":{"rendered":"K\u00fct\u00fcphane \u015eenli\u011fi g\u00f6n\u00fcll\u00fclerini ar\u0131yor"},"content":{"rendered":"<p style=\"text-align: justify;\"><img loading=\"lazy\" decoding=\"async\" class=\"alignleft\" src=\"http:\/\/www.bbyhaber.com\/bby\/wp-content\/uploads\/2014\/09\/kutuphane-senliktir.jpg\" alt=\"\" width=\"200\" height=\"150\" \/>Heybeliada K\u00fct\u00fcphane Koruma Giri\u015fimi ve T\u00fcrk K\u00fct\u00fcphaneciler Derne\u011fi \u0130stanbul \u015eubesi&#8217;nin birlikte organize ettikleri \u2018<strong>K\u00fct\u00fcphane \u015eenliktir\u2019, 27 Eyl\u00fcl 2014 Cumartes<\/strong>i g\u00fcn\u00fc <strong>Heybeliada iskele meydan\u0131nd<\/strong>a birbirinden farkl\u0131 ve ilgi \u00e7ekici at\u00f6lyelerle ger\u00e7ekle\u015ftirilecek. \u015eenlik ayn\u0131 zamanda kitap takas\u0131, s\u00f6yle\u015filer ve pandomim g\u00f6sterisi gibi etkinlikleri de i\u00e7erecek. \u00c7ocuklar ba\u015fta olmak \u00fczere hemen her ya\u015f grubuna hitap edecek at\u00f6lyelerde evreni anlamaktan, bir \u00e7alg\u0131y\u0131 tan\u0131maya, bedeni ve sesleri ke\u015ffetmekten, ayra\u00e7 yapmaya kadar pek \u00e7ok farkl\u0131 \u00e7al\u0131\u015fma yap\u0131lacak.<!--more--><\/p>\n<p style=\"text-align: justify;\"><strong>Destek\u00e7iler:<\/strong><\/p>\n<p style=\"text-align: justify;\">Adalar Belediyesi,\u00a0 Kartal Belediyesi, Kad\u0131k\u00f6y Belediyesi,\u00a0 T\u00fcrkiye Yay\u0131nc\u0131lar Birli\u011fi, Ada Beach, Heybeliada Esnaflar Derne\u011fi, \u0130stanbul Yelken Akademisi, Galileo \u00d6\u011fretmenleri, T\u00fcrk Astronomi Derne\u011fi, Bilim Akademisi, Okuma Ajans\u0131, Okul K\u00fct\u00fcphanecileri Derne\u011fi<\/p>\n<p style=\"text-align: justify;\"><strong>\u0130leti\u015fim i\u00e7in:<\/strong> kutuphanesenliktir@gmail.com adresine mail atabilirsiniz.<\/p>\n<p style=\"text-align: justify;\">Web Sayfas\u0131: <a href=\"http:\/\/kutuphanesenliktir.org\/\" target=\"_blank\">http:\/\/kutuphanesenliktir.org\/<\/a><\/p>\n<p><strong>Kaynak<br \/>\nAyd\u0131n \u0130leri<\/strong><br \/>\nHeybeliada Halk K\u00fct\u00fcphanesi Koruma Giri\u015fimi G\u00f6n\u00fcll\u00fcs\u00fc<br \/>\nT\u00fcrk K\u00fct\u00fcphaneciler Derne\u011fi Genel Ba\u015fkan Yard\u0131mc\u0131s\u0131<br \/>\nOkul K\u00fct\u00fcphanecileri Derne\u011fi Ba\u015fkan\u0131<\/p>\n","protected":false},"excerpt":{"rendered":"<p>Heybeliada K\u00fct\u00fcphane Koruma Giri\u015fimi ve T\u00fcrk K\u00fct\u00fcphaneciler Derne\u011fi \u0130stanbul \u015eubesi&#8217;nin birlikte organize ettikleri \u2018K\u00fct\u00fcphane \u015eenliktir\u2019, 27 Eyl\u00fcl 2014 Cumartesi g\u00fcn\u00fc Heybeliada iskele meydan\u0131nda birbirinden farkl\u0131 ve ilgi \u00e7ekici at\u00f6lyelerle ger\u00e7ekle\u015ftirilecek. \u015eenlik ayn\u0131 zamanda kitap takas\u0131, s\u00f6yle\u015filer ve pandomim g\u00f6sterisi gibi etkinlikleri de i\u00e7erecek. \u00c7ocuklar ba\u015fta olmak \u00fczere hemen her ya\u015f grubuna hitap edecek at\u00f6lyelerde evreni [&hellip;]<\/p>\n","protected":false},"author":1,"featured_media":0,"comment_status":"open","ping_status":"open","sticky":false,"template":"","format":"standard","meta":{"footnotes":""},"categories":[1476,1],"tags":[577],"class_list":["post-14857","post","type-post","status-publish","format-standard","hentry","category-aydin-ileri","category-genel","tag-kutuphane-senliktir"],"_links":{"self":[{"href":"https:\/\/www.bbyhaber.com\/bby\/wp-json\/wp\/v2\/posts\/14857"}],"collection":[{"href":"https:\/\/www.bbyhaber.com\/bby\/wp-json\/wp\/v2\/posts"}],"about":[{"href":"https:\/\/www.bbyhaber.com\/bby\/wp-json\/wp\/v2\/types\/post"}],"author":[{"embeddable":true,"href":"https:\/\/www.bbyhaber.com\/bby\/wp-json\/wp\/v2\/users\/1"}],"replies":[{"embeddable":true,"href":"https:\/\/www.bbyhaber.com\/bby\/wp-json\/wp\/v2\/comments?post=14857"}],"version-history":[{"count":0,"href":"https:\/\/www.bbyhaber.com\/bby\/wp-json\/wp\/v2\/posts\/14857\/revisions"}],"wp:attachment":[{"href":"https:\/\/www.bbyhaber.com\/bby\/wp-json\/wp\/v2\/media?parent=14857"}],"wp:term":[{"taxonomy":"category","embeddable":true,"href":"https:\/\/www.bbyhaber.com\/bby\/wp-json\/wp\/v2\/categories?post=14857"},{"taxonomy":"post_tag","embeddable":true,"href":"https:\/\/www.bbyhaber.com\/bby\/wp-json\/wp\/v2\/tags?post=14857"}],"curies":[{"name":"wp","href":"https:\/\/api.w.org\/{rel}","templated":true}]}}