{"id":14814,"date":"2014-09-10T15:13:48","date_gmt":"2014-09-10T12:13:48","guid":{"rendered":"http:\/\/www.bbyhaber.com\/bby\/?p=14814"},"modified":"2014-10-21T20:29:53","modified_gmt":"2014-10-21T17:29:53","slug":"3-ulusal-acik-erisim-calistayi-20-21-ekim-2014ankara","status":"publish","type":"post","link":"https:\/\/www.bbyhaber.com\/bby\/2014\/09\/10\/3-ulusal-acik-erisim-calistayi-20-21-ekim-2014ankara","title":{"rendered":"3.Ulusal A\u00e7\u0131k Eri\u015fim \u00c7al\u0131\u015ftay\u0131-20-21 Ekim 2014,Ankara"},"content":{"rendered":"<p style=\"text-align: justify;\"><img loading=\"lazy\" decoding=\"async\" class=\"alignleft\" src=\"http:\/\/www.bbyhaber.com\/bby\/wp-content\/uploads\/dosyalar\/acikerisim\/resimler\/acik-erisim-logosu-turkiye.png\" alt=\"\" width=\"153\" height=\"161\" \/>Bilgiye eri\u015fimin \u00f6n\u00fcndeki engellerin kald\u0131r\u0131lmas\u0131; gerek \u00fcretilen bilginin niteli\u011finin y\u00fckselmesine, gerekse y\u00fcksek katma de\u011ferli \u00fcr\u00fcnler ve hizmetlerle toplumun h\u0131zl\u0131 bi\u00e7imde geli\u015fip kalk\u0131nmas\u0131na imk\u00e2n sa\u011flayacakt\u0131r. Bu nedenledir ki geli\u015fmi\u015f toplumlar kamu kaynaklar\u0131yla desteklenen bilimsel yay\u0131nlara ve ara\u015ft\u0131rma verilerine herkesin \u00fccretsiz olarak eri\u015febilmesi i\u00e7in yasal d\u00fczenlemeler yapmakta ve bu konuda \u00e7ok \u00f6nemli te\u015fvikler uygulamaktad\u0131rlar.<!--more--><\/p>\n<p style=\"text-align: justify;\">\u00dclkemizde \u00fcretilen bilimsel yay\u0131nlar ile ara\u015ft\u0131rma verilerinin, kurumsal dijital ar\u015fivler arac\u0131l\u0131\u011f\u0131 ile eri\u015fime a\u00e7\u0131lmas\u0131 ve bunun i\u00e7in gerekli politika, strateji, mevzuat ve a\u00e7\u0131k eri\u015fim alt yap\u0131s\u0131n\u0131 tart\u0131\u015fmak amac\u0131yla <strong>Y\u00fcksek\u00f6\u011fretim Kurulu Ba\u015fkanl\u0131\u011f\u0131n\u0131n (Y\u00d6K) ev sahipli\u011finde<\/strong> <strong><span style=\"color: #0000ff;\">3. Ulusal A\u00e7\u0131k Eri\u015fim \u00c7al\u0131\u015ftay\u0131, 20-21 Ekim 2014<\/span><\/strong> tarihlerinde ger\u00e7ekle\u015ftirilecektir. Yurt i\u00e7inden ve yurt d\u0131\u015f\u0131ndan uzmanlar\u0131n ve davetli konu\u015fmac\u0131lar\u0131n kat\u0131laca\u011f\u0131 toplant\u0131da, a\u00e7\u0131k eri\u015fim konusu farkl\u0131 bak\u0131\u015f a\u00e7\u0131lar\u0131 ile ele al\u0131nacak, bu konudaki sorunlar ve yeni geli\u015fmeler tart\u0131\u015f\u0131lacakt\u0131r.<\/p>\n<p style=\"text-align: justify;\">Toplant\u0131n\u0131n \u00f6nemli g\u00fcndemlerinden biri de 2014 y\u0131l\u0131 Ocak ay\u0131nda ba\u015flat\u0131lan ve halen s\u00fcrd\u00fcr\u00fclmekte olan Y\u00fcksek\u00f6\u011fretim Akademik Ar\u015fiv Projesidir. Proje ile ilgili geli\u015fmeler, gelinen nokta ve hedefler kat\u0131l\u0131mc\u0131larla payla\u015f\u0131lacakt\u0131r. Bu toplant\u0131ya yurt d\u0131\u015f\u0131ndan, davetli konu\u015fmac\u0131 olarak kat\u0131lan uzmanlar ile yapaca\u011f\u0131m\u0131z tart\u0131\u015fmalar\u0131n y\u00fcr\u00fctmekte oldu\u011fumuz \u00e7al\u0131\u015fmalara ve gelecekle ilgili hedeflerimize g\u00fc\u00e7 kataca\u011f\u0131na inan\u0131yoruz.<\/p>\n<p style=\"text-align: justify;\">Bilimsel bilgiye eri\u015fim konusunda \u00f6nemli bir kilometre ta\u015f\u0131 olaca\u011f\u0131na inand\u0131\u011f\u0131m\u0131z \u201cY\u00fcksek\u00f6\u011fretim Akademik Ar\u015fiv Projesi\u201d nin bu toplant\u0131da payda\u015flara daha yak\u0131ndan tan\u0131t\u0131lmas\u0131 ve t\u00fcm bile\u015fenlerin d\u00fc\u015f\u00fcncelerinin ve deste\u011finin al\u0131nmas\u0131 ama\u00e7lanmaktad\u0131r.<\/p>\n<p style=\"text-align: justify;\">Toplant\u0131n\u0131n hedef kitlesi, ba\u015fta \u00fcniversitelerimiz olmak \u00fczere t\u00fcm yay\u0131nc\u0131l\u0131k d\u00fcnyas\u0131, kamu kurumlar\u0131, \u00f6zel sekt\u00f6r temsilcileri, proje fon sa\u011flay\u0131c\u0131lar\u0131d\u0131r.<\/p>\n<p style=\"text-align: justify;\">Y\u00fcksek\u00f6\u011fretim Kurulu olarak, bilimsel bilginin \u00fcretimi ve payla\u015f\u0131lmas\u0131 ile ilgili konular\u0131n tart\u0131\u015f\u0131laca\u011f\u0131 bu toplant\u0131ya ev sahipli\u011fi yapmaktan mutluluk duymaktay\u0131z.<\/p>\n<p style=\"text-align: justify;\">Prof. Dr. G\u00f6khan \u00c7ET\u0130NSAYA<br \/>\nY\u00fcksek\u00f6\u011fretim Kurulu Ba\u015fkan\u0131<\/p>\n<p style=\"text-align: justify;\"><a href=\"http:\/\/www.acikerisim.org\/dokumanlar\/ae2014_program.pdf\" target=\"_blank\"><span style=\"color: #3366ff;\">Taslak program i\u00e7in t\u0131klay\u0131n\u0131z<\/span><\/a><\/p>\n<p style=\"text-align: justify;\"><a href=\"http:\/\/www.acikerisim.org\/kayit\/\" target=\"_blank\"><span style=\"color: #0000ff;\"><strong>Kay\u0131t i\u00e7in t\u0131klay\u0131n\u0131z<\/strong><\/span><\/a><\/p>\n","protected":false},"excerpt":{"rendered":"<p>Bilgiye eri\u015fimin \u00f6n\u00fcndeki engellerin kald\u0131r\u0131lmas\u0131; gerek \u00fcretilen bilginin niteli\u011finin y\u00fckselmesine, gerekse y\u00fcksek katma de\u011ferli \u00fcr\u00fcnler ve hizmetlerle toplumun h\u0131zl\u0131 bi\u00e7imde geli\u015fip kalk\u0131nmas\u0131na imk\u00e2n sa\u011flayacakt\u0131r. Bu nedenledir ki geli\u015fmi\u015f toplumlar kamu kaynaklar\u0131yla desteklenen bilimsel yay\u0131nlara ve ara\u015ft\u0131rma verilerine herkesin \u00fccretsiz olarak eri\u015febilmesi i\u00e7in yasal d\u00fczenlemeler yapmakta ve bu konuda \u00e7ok \u00f6nemli te\u015fvikler uygulamaktad\u0131rlar.<\/p>\n","protected":false},"author":1,"featured_media":0,"comment_status":"open","ping_status":"open","sticky":false,"template":"","format":"standard","meta":{"footnotes":""},"categories":[1472,1473,1501],"tags":[1395],"class_list":["post-14814","post","type-post","status-publish","format-standard","hentry","category-acik-arsiv","category-acik-erisim","category-open-access","tag-bby-mesleki-etkinlikler-arsivi"],"_links":{"self":[{"href":"https:\/\/www.bbyhaber.com\/bby\/wp-json\/wp\/v2\/posts\/14814"}],"collection":[{"href":"https:\/\/www.bbyhaber.com\/bby\/wp-json\/wp\/v2\/posts"}],"about":[{"href":"https:\/\/www.bbyhaber.com\/bby\/wp-json\/wp\/v2\/types\/post"}],"author":[{"embeddable":true,"href":"https:\/\/www.bbyhaber.com\/bby\/wp-json\/wp\/v2\/users\/1"}],"replies":[{"embeddable":true,"href":"https:\/\/www.bbyhaber.com\/bby\/wp-json\/wp\/v2\/comments?post=14814"}],"version-history":[{"count":0,"href":"https:\/\/www.bbyhaber.com\/bby\/wp-json\/wp\/v2\/posts\/14814\/revisions"}],"wp:attachment":[{"href":"https:\/\/www.bbyhaber.com\/bby\/wp-json\/wp\/v2\/media?parent=14814"}],"wp:term":[{"taxonomy":"category","embeddable":true,"href":"https:\/\/www.bbyhaber.com\/bby\/wp-json\/wp\/v2\/categories?post=14814"},{"taxonomy":"post_tag","embeddable":true,"href":"https:\/\/www.bbyhaber.com\/bby\/wp-json\/wp\/v2\/tags?post=14814"}],"curies":[{"name":"wp","href":"https:\/\/api.w.org\/{rel}","templated":true}]}}