{"id":14794,"date":"2014-09-08T13:08:03","date_gmt":"2014-09-08T10:08:03","guid":{"rendered":"http:\/\/www.bbyhaber.com\/bby\/?p=14794"},"modified":"2014-09-23T09:24:44","modified_gmt":"2014-09-23T06:24:44","slug":"basin-ve-enformasyon-uzman-yardimcisi-ilani-son-basvuru-22-eylul-2014","status":"publish","type":"post","link":"https:\/\/www.bbyhaber.com\/bby\/2014\/09\/08\/basin-ve-enformasyon-uzman-yardimcisi-ilani-son-basvuru-22-eylul-2014","title":{"rendered":"Bas\u0131n ve Enformasyon Uzman Yard\u0131mc\u0131s\u0131 \u0130lan\u0131-Son Ba\u015fvuru-22 Eyl\u00fcl 2014"},"content":{"rendered":"<p style=\"text-align: justify;\"><a href=\"http:\/\/www.bbyhaber.com\/bby\/category\/bby-is-ilanlari\/\"><img loading=\"lazy\" decoding=\"async\" class=\"alignleft colorbox-9771\" src=\"http:\/\/www.bbyhaber.com\/bby\/wp-content\/uploads\/is-ilanlari-arsivi.jpg\" alt=\"\" width=\"250\" height=\"150\" \/><\/a>(1)Bas\u0131n ve Enformasyon Uzman Yard\u0131mc\u0131s\u0131 unvan\u0131yla atama yap\u0131labilecek azami kadro say\u0131s\u0131 24 (yirmi d\u00f6rt) adettir. Giri\u015f s\u0131nav\u0131n\u0131 kazananlar\u0131n atamalar\u0131 G\u0130H s\u0131n\u0131f\u0131ndan 8 ve 9&#8217;uncu derece kadrolara yap\u0131lacakt\u0131r. (2)S\u0131nav\u0131n t\u00fcm a\u015famalar\u0131 Ankara&#8217;da yap\u0131lacakt\u0131r. (3)Giri\u015f s\u0131nav\u0131na ili\u015fkin olarak bu ilanda yer verilmemi\u015f d\u00fczenlemeler, <strong>20\/09\/2013<\/strong> tarihli ve 28771 say\u0131l\u0131 Resmi Gazete&#8217;de yay\u0131mlanan &#8220;Bas\u0131n ve Enformasyon Uzmanl\u0131\u011f\u0131 Y\u00f6netmeli\u011fi&#8221;nde yer almaktad\u0131r. Y\u00f6netmeli\u011fe Genel M\u00fcd\u00fcrl\u00fck resmi internet sitesi (www.byegm.gov.tr)\u00fczerinden eri\u015filmesi m\u00fcmk\u00fcnd\u00fcr.<!--more--><\/p>\n<p style=\"text-align: justify;\"><strong><span style=\"color: #0000ff;\">08\/09\/2014 tarihinde ilana \u00e7\u0131kan &#8220;Bas\u0131n ve Enformasyon Uzman Yard\u0131mc\u0131s\u0131 Al\u0131m\u0131 \u0130lan\u0131&#8221;nda G\u00fczel Sanatlar (Grafik, Foto\u011fraf) ve Bilgi Belge Y\u00f6netimi b\u00f6l\u00fcmlerine ba\u015fvuru olmamas\u0131ndan dolay\u0131; a<\/span><\/strong><strong style=\"color: #0000ff;\">d\u0131 ge\u00e7en b\u00f6l\u00fcmlerin KPSS puan t\u00fcrlerine P3 puan t\u00fcr\u00fc eklenmi\u015f ve KPSS puan baraj\u0131 da (70) puana \u00e7ekilmi\u015ftir (15\/09\/2014 tarihli g\u00fcncelleme<span style=\"color: #ff0000;\"><a href=\"http:\/\/www.byegm.gov.tr\/turkce\/duyuru\/basin-ve-enformasyon-uzman-yardimcisi-alimi-duyuru-3\/67438\" target=\"_blank\"><span style=\"color: #ff0000;\">@byegm<\/span><\/a><\/span>)<\/strong><span style=\"color: #0000ff;\">.<\/span><\/p>\n<table border=\"1\">\n<tbody>\n<tr>\n<td rowspan=\"1\" colspan=\"1\">S\u0131nav Grubu<\/td>\n<td rowspan=\"1\" colspan=\"1\">KadroAdedi<\/td>\n<td rowspan=\"1\" colspan=\"1\">Puan T\u00fcr\u00fc<\/td>\n<td rowspan=\"1\" colspan=\"1\">TabanPuan<\/td>\n<\/tr>\n<tr>\n<td rowspan=\"1\" colspan=\"1\"><strong><span style=\"color: #ff0000;\">Bilgi ve Belge Y\u00f6netimi<\/span><\/strong><\/td>\n<td rowspan=\"1\" colspan=\"1\"><strong>3<\/strong><\/td>\n<td rowspan=\"1\" colspan=\"1\"><strong>KPSS-P3<\/strong><strong><\/strong>KPSS-P4<\/p>\n<p>KPSS-P5<\/p>\n<p>KPSS-P6<\/p>\n<p>KPSS-P68<\/td>\n<td rowspan=\"1\" colspan=\"1\"><strong>70<\/strong><\/td>\n<\/tr>\n<\/tbody>\n<\/table>\n<p style=\"text-align: justify;\">II-SINAVA KATILMA \u015eARTLARI<\/p>\n<p style=\"text-align: justify;\">(1)S\u0131nava ba\u015fvurabilmek i\u00e7in;<\/p>\n<p style=\"text-align: justify;\">a)657 say\u0131l\u0131 Devlet Memurlar\u0131 Kanununun 48. maddesinde say\u0131lan genel \u015fartlar\u0131 ta\u015f\u0131mak,<\/p>\n<p style=\"text-align: justify;\">b)01\/01\/2014 tarihi itibar\u0131yla 35 ya\u015f\u0131n\u0131 doldurmam\u0131\u015f olmak,<\/p>\n<p style=\"text-align: justify;\">c)En az d\u00f6rt y\u0131ll\u0131k lisans e\u011fitimi veren ileti\u015fim, hukuk, g\u00fczel sanatlar fak\u00fcltesi (grafik ve foto\u011fraf\u00e7\u0131l\u0131k), uluslararas\u0131 ili\u015fkiler ile<strong> bilgi ve belge y\u00f6netimi<\/strong> b\u00f6l\u00fcmlerinden veya bunlara denkli\u011fi Y\u00fcksek\u00f6\u011fretim Kurulu taraf\u0131ndan kabul edilen yurt d\u0131\u015f\u0131ndaki y\u00fcksek\u00f6\u011fretim kurumlar\u0131ndan mezun olmak,<\/p>\n<p style=\"text-align: justify;\">\u00e7) <strong>2013 veya 2014 y\u0131l\u0131 Kamu Personel Se\u00e7me S\u0131navlar\u0131 (KPSS) sonucunda, yukar\u0131daki tabloda yer alan puan t\u00fcrleri i\u00e7in belirtilen taban puan\u0131 alm\u0131\u015f olmak.<\/strong><\/p>\n<p style=\"text-align: justify;\">(2)M\u00fcracaat \u015fartlar\u0131n\u0131 ta\u015f\u0131yan adaylar ba\u015fvurular\u0131n\u0131 takiben her alan i\u00e7in belirlenen en y\u00fcksek puandan ba\u015flamak \u00fczere s\u0131ralamaya tabii tutulacakt\u0131r. En y\u00fcksek puan alan adaydan ba\u015flanarak her bir b\u00f6l\u00fcm i\u00e7in belirlenen kadro say\u0131s\u0131n\u0131n &#8220;20 (yirmi)&#8221; kat\u0131 kadar aday &#8220;yaz\u0131l\u0131 yar\u0131\u015fma&#8221; s\u0131nav\u0131na davet edilecektir. Son s\u0131radaki aday ile ayn\u0131 puana sahip olanlar da &#8220;yaz\u0131l\u0131 yar\u0131\u015fma&#8221; s\u0131nav\u0131na al\u0131nacakt\u0131r.<\/p>\n<p style=\"text-align: justify;\">(3)Aday adaylar\u0131, ba\u015fvurular\u0131n\u0131 en y\u00fcksek KPSS puanlar\u0131yla yapacaklard\u0131r. Belirtilen taban puan\u0131 a\u015fm\u0131\u015f olmak, s\u0131nava kat\u0131lma hakk\u0131n\u0131 garanti etmemektedir.<\/p>\n<p style=\"text-align: justify;\">(4)\u0130lgili b\u00f6l\u00fcmlerden herhangi birine yeterli ba\u015fvurunun olmamas\u0131 halinde, di\u011fer b\u00f6l\u00fcmden al\u0131m yap\u0131labilecektir.<\/p>\n<p style=\"text-align: justify;\">(5)Giri\u015f s\u0131nav\u0131na ba\u015fvuranlar KPSS puanlar\u0131na g\u00f6re her bir b\u00f6l\u00fcm i\u00e7in tek bir liste halinde s\u0131ralanacakt\u0131r. S\u0131nava kat\u0131lmaya hak kazanan adaylar\u0131n listesi, Genel M\u00fcd\u00fcrl\u00fck (www.byegm.gov.tr)resmi internet sitesinden ilan edilecektir.<\/p>\n<p style=\"text-align: justify;\">(6)S\u0131nava kat\u0131labilecek adaylara ili\u015fkin duyuruda, s\u0131nav program\u0131na ve s\u0131nav\u0131n yap\u0131laca\u011f\u0131 adreslere ve di\u011fer hususlara ili\u015fkin bilgilere de yer verilecektir.<\/p>\n<p style=\"text-align: justify;\">(7)Genel M\u00fcd\u00fcrl\u00fck\u00e7e daha \u00f6nce yap\u0131lm\u0131\u015f olan bas\u0131n ve enformasyon uzman yard\u0131mc\u0131l\u0131\u011f\u0131 s\u0131nav\u0131nda iki defa ba\u015far\u0131s\u0131z olanlar s\u0131nava kabul edilmeyecektir.<\/p>\n<p style=\"text-align: justify;\">III-BA\u015eVURU \u015eEKL\u0130, S\u00dcRES\u0130, BA\u015eVURU \u0130\u00c7\u0130N GEREKL\u0130 BELGELER<\/p>\n<p style=\"text-align: justify;\">(1)<strong>Adaylar, 08\/09\/2014 tarihinden itibaren (15) g\u00fcn i\u00e7inde (22\/09\/2014 tarihi mesai saati bitimine kadar) ba\u015fvurular\u0131n\u0131 Ba\u015fbakanl\u0131k Bas\u0131n-Yay\u0131n ve Enformasyon Genel M\u00fcd\u00fcrl\u00fc\u011f\u00fcn\u00fcn resmi internet sitesinde (www.byegm.gov.tr)yer alan &#8220;<span style=\"color: #0000ff;\"><a href=\"http:\/\/88.255.185.199\/BASVURU\/basvuruForm.aspx\" target=\"_blank\"><span style=\"color: #0000ff;\">\u0130\u015f Talep Formu<\/span><\/a><\/span>&#8220;nu eksiksiz ve do\u011fru bir \u015fekilde doldurarak yapacakt\u0131r.<\/strong><\/p>\n<p style=\"text-align: justify;\">(2)Adaylar yukar\u0131da belirtilen m\u00fcracaat tarihleri aras\u0131nda Genel M\u00fcd\u00fcrl\u00fc\u011f\u00fcm\u00fcz resmi internet sitesinden temin ederek dolduracaklar\u0131 i\u015f talep formuna a\u015fa\u011f\u0131da belirtilen belgeleri dijital ortamda ekleyeceklerdir.<\/p>\n<p style=\"text-align: justify;\">-Lisans diplomas\u0131\/mezuniyet belgesi veya denklik belgesinin asl\u0131 veya onayl\u0131 \u00f6rne\u011fi,<\/p>\n<p style=\"text-align: justify;\">-KPSS sonu\u00e7 belgesi,<\/p>\n<p style=\"text-align: justify;\">-N\u00fcfus c\u00fczdan\u0131,<\/p>\n<p style=\"text-align: justify;\">-Vesikal\u0131k foto\u011fraf,<\/p>\n<p style=\"text-align: justify;\">-Askerlik durum belgesi (Erkek adaylar i\u00e7in),<\/p>\n<p style=\"text-align: justify;\">-Adli sicil kayd\u0131,<\/p>\n<p style=\"text-align: justify;\">-Aday\u0131n \u00f6zge\u00e7mi\u015fi (En fazla 150 kelime).<\/p>\n<p style=\"text-align: justify;\">IV-SINAV \u015eEKL\u0130<\/p>\n<p style=\"text-align: justify;\">(1)S\u0131nav, yaz\u0131l\u0131 (\u00e7oktan se\u00e7meli) ve s\u00f6zl\u00fc olmak \u00fczere iki a\u015famada yap\u0131lacakt\u0131r.<\/p>\n<p style=\"text-align: justify;\">(2)\u00c7oktan se\u00e7meli yaz\u0131l\u0131 s\u0131nav a\u015fa\u011f\u0131da belirtilen 5 grupta yap\u0131lacakt\u0131r. \u00c7oktan se\u00e7meli s\u0131nav her bir b\u00f6l\u00fcm i\u00e7in 100 sorudan olu\u015facak ve 100 dakika s\u00fcrecektir.<\/p>\n<p style=\"text-align: justify;\"><span style=\"color: #0000ff;\"><strong>(d)Bilgi ve Belge Y\u00f6netimi s\u0131nav grubundan ba\u015fvuru yapacak adaylar i\u00e7in:<\/strong><\/span><\/p>\n<p style=\"text-align: justify;\"><span style=\"color: #0000ff;\"><strong>-Bilginin Organizasyonu (15 soru)<\/strong><\/span><\/p>\n<p style=\"text-align: justify;\"><span style=\"color: #0000ff;\"><strong>-Ar\u015fiv Y\u00f6netimi (15 soru)<\/strong><\/span><\/p>\n<p style=\"text-align: justify;\"><span style=\"color: #0000ff;\"><strong>-K\u00fct\u00fcphane Otomasyonu (10 soru)<\/strong><\/span><\/p>\n<p style=\"text-align: justify;\"><span style=\"color: #0000ff;\"><strong>-Mesleki Etik (5 soru)<\/strong><\/span><\/p>\n<p style=\"text-align: justify;\"><span style=\"color: #0000ff;\"><strong>-Elektronik Belge Y\u00f6netimi ve Ar\u015fivleme Sistemi Uygulamalar\u0131 (15 soru)<\/strong><\/span><\/p>\n<p style=\"text-align: justify;\"><span style=\"color: #0000ff;\"><strong>-Veri Taban\u0131 Y\u00f6netim Sistemleri (15 soru)<\/strong><\/span><\/p>\n<p style=\"text-align: justify;\"><span style=\"color: #0000ff;\"><strong>-Bilgi-Belge Y\u00f6netimi (1 5 soru)<\/strong><\/span><\/p>\n<p style=\"text-align: justify;\"><span style=\"color: #0000ff;\"><strong>-Bilgi Mevzuat\u0131 (10 soru)<\/strong><\/span><\/p>\n<p style=\"text-align: justify;\">(3)\u00c7oktan se\u00e7meli s\u0131navda kendi grubu i\u00e7inden ba\u015far\u0131l\u0131 olan adaylardan, kadro miktar\u0131n\u0131n 4 (d\u00f6rt) kat\u0131 kadar aday ba\u015far\u0131 s\u0131ras\u0131na g\u00f6re s\u00f6zl\u00fc s\u0131nav a\u015famas\u0131na ge\u00e7meye hak kazanacakt\u0131r.<\/p>\n<p style=\"text-align: justify;\">(4)Yaz\u0131l\u0131 s\u0131navdan sonra yap\u0131lan s\u00f6zl\u00fc s\u0131navda adaylar;<\/p>\n<p style=\"text-align: justify;\">a)Giri\u015f s\u0131nav\u0131 duyurusunda belirtilen s\u0131nav konular\u0131na ili\u015fkin bilgi d\u00fczeyi,<\/p>\n<p style=\"text-align: justify;\">b)Bir konuyu kavray\u0131p \u00f6zetleme, ifade yetene\u011fi ve muhakeme g\u00fcc\u00fc,<\/p>\n<p style=\"text-align: justify;\">c)Liyakati, temsil kabiliyeti, davran\u0131\u015f ve tepkilerinin mesle\u011fe uygunlu\u011fu,<\/p>\n<p style=\"text-align: justify;\">\u00e7) \u00d6zg\u00fcveni, ikna kabiliyeti ve inand\u0131r\u0131c\u0131l\u0131\u011f\u0131,<\/p>\n<p style=\"text-align: justify;\">d)Genel yetenek ve genel k\u00fclt\u00fcr\u00fc,<\/p>\n<p style=\"text-align: justify;\">e)Bilimsel ve teknolojik geli\u015fmelere a\u00e7\u0131kl\u0131\u011f\u0131 y\u00f6nlerinden de\u011ferlendirilecektir.<\/p>\n<p style=\"text-align: justify;\">(5)Yaz\u0131l\u0131 ve s\u00f6zl\u00fc s\u0131nav sonucunda ba\u015far\u0131l\u0131 say\u0131labilmek i\u00e7in; aday\u0131n, yaz\u0131l\u0131 ve s\u00f6zl\u00fc s\u0131navlar\u0131n her birinden en az 70 puan alm\u0131\u015f olmas\u0131 gerekmektedir. S\u0131navda al\u0131nan ortalama puanlar, en y\u00fcksekten en d\u00fc\u015f\u00fc\u011fe do\u011fru s\u0131ralanacak ve en y\u00fcksek puan alm\u0131\u015f adaydan ba\u015flayarak en fazla kontenjan say\u0131s\u0131 kadar aday\u0131n atamas\u0131 yap\u0131lacakt\u0131r. Bu nedenle ortalama 70 ve \u00fczeri puan alan her aday s\u0131nav\u0131 kazanm\u0131\u015f say\u0131lmayacakt\u0131r.<\/p>\n<p style=\"text-align: justify;\">(6)Yaz\u0131l\u0131 ve s\u00f6zl\u00fc s\u0131nav sonucunda herhangi bir b\u00f6l\u00fcmden yeterli aday al\u0131namamas\u0131 halinde, eksik kalan kadro Genel M\u00fcd\u00fcrl\u00fck\u00e7e uygun g\u00f6r\u00fclecek di\u011fer b\u00f6l\u00fcmlerden atama yaparak doldurulabilecektir.<\/p>\n<p style=\"text-align: justify;\">(7)Yaz\u0131l\u0131 ve s\u00f6zl\u00fc s\u0131nav sonucunda yeteri kadar uygun aday olmamas\u0131 halinde ilan edilenden daha az say\u0131da kadroya atama yap\u0131labilecektir.<\/p>\n<p style=\"text-align: justify;\">V-SINAV TAR\u0130H\u0130 VE YER\u0130<\/p>\n<p style=\"text-align: justify;\">(1)<strong>Y az\u0131l\u0131 s\u0131nav 18\/10\/2014<\/strong> tarihinde saat 14:00 &#8216;da ba\u015flayacak ve tek oturumda yap\u0131lacakt\u0131r.<\/p>\n<p style=\"text-align: justify;\">(2)Yaz\u0131l\u0131 s\u0131nava kat\u0131lmaya hak kazanan adaylar\u0131n isimleri ile s\u0131nav yeri Bas\u0131n Yay\u0131n ve Enformasyon Genel M\u00fcd\u00fcrl\u00fc\u011f\u00fc resmi internet sitesinde (www.byegm.gov.tr)ilan edilecektir. Ancak, s\u0131nava kat\u0131labilece\u011fi tespit edilmi\u015f ve isimleri ilan edilmi\u015f adaylardan s\u0131nava kat\u0131lma \u015fartlar\u0131n\u0131 ta\u015f\u0131mad\u0131\u011f\u0131 sonradan tespit edilenler giri\u015f s\u0131nav\u0131na al\u0131nmayacaklard\u0131r. Bunlardan s\u0131nava girmi\u015f olanlar\u0131n s\u0131navlar\u0131 da ge\u00e7ersiz say\u0131lacakt\u0131r.<\/p>\n<p style=\"text-align: justify;\">(3)Yaz\u0131l\u0131 s\u0131nav puanlar\u0131na g\u00f6re yap\u0131lacak s\u0131ralama sonucunda s\u00f6zl\u00fc s\u0131nava kat\u0131lmaya hak kazananlar\u0131n isimleri ile s\u00f6zl\u00fc s\u0131nav\u0131n tarihi ve yeri, Bas\u0131n Yay\u0131n ve Enformasyon Genel M\u00fcd\u00fcrl\u00fc\u011f\u00fc resmi internet sitesinde ilan edilecektir. Adaylara ayr\u0131ca tebligat yap\u0131lmayacakt\u0131r.<\/p>\n<p style=\"text-align: justify;\">VI-K\u0130ML\u0130K BELGES\u0130<\/p>\n<p style=\"text-align: justify;\">Adaylar, s\u0131nav \u00f6ncesindeki kimlik tespitinde kullan\u0131lmak \u00fczere yanlar\u0131nda foto\u011frafl\u0131 ve ge\u00e7erli bir kimlik belgesi (n\u00fcfus c\u00fczdan\u0131, s\u00fcr\u00fcc\u00fc belgesi, pasaport) bulunduracaklard\u0131r. Adaylara ayr\u0131ca s\u0131nava giri\u015f belgesi g\u00f6nderilmeyecektir.<\/p>\n<p style=\"text-align: justify;\">VII-KAZANANLARIN \u0130LANI VE ATANMASI<\/p>\n<p style=\"text-align: justify;\">S\u0131nav\u0131 asil veya varsa yedek olarak kazananlar\u0131n isimleri Bas\u0131n Yay\u0131n ve Enformasyon Genel M\u00fcd\u00fcrl\u00fc\u011f\u00fc resmi internet sitesinde ilan edilecektir. S\u0131navda ba\u015far\u0131l\u0131 olanlar\u0131n Genel M\u00fcd\u00fcrl\u00fck\u00e7e kendilerine bildirilen s\u00fcre i\u00e7inde Bas\u0131n Yay\u0131n ve Enformasyon Genel M\u00fcd\u00fcrl\u00fc\u011f\u00fc \u0130nsan Kaynaklar\u0131 Dairesi Ba\u015fkanl\u0131\u011f\u0131na ba\u015fvurmalar\u0131 gerekmektedir.<\/p>\n<p style=\"text-align: justify;\">VIII-B\u0130LG\u0130 ALMA<\/p>\n<p style=\"text-align: justify;\">S\u0131navla ilgili her t\u00fcrl\u00fc bilgiye, a\u015fa\u011f\u0131daki telefon numaralan ile Genel M\u00fcd\u00fcrl\u00fck intemet\/web sayfas\u0131 arac\u0131l\u0131\u011f\u0131yla ula\u015f\u0131labilir.<\/p>\n<p style=\"text-align: justify;\">Telefon Numaras\u0131: (0 312) 583 63 60\/583 63 65\/583 64 84 \u0130nternet\/web Sayfas\u0131:http:\/\/www.byegm.gov.trFacebook Savfas\u0131:http:\/\/www.facebook.com\/BBYEGMTwitter Savfas\u0131:http:\/\/www.twitter.com\/byegm Linkedin Sayfas\u0131:http: \/\/www.linkedin.com\/company\/bvegm<\/p>\n<p style=\"text-align: justify;\">Adres: Bas\u0131n Yay\u0131n ve Enformasyon Genel M\u00fcd\u00fcrl\u00fc\u011f\u00fc \u0130nsan Kaynaklar\u0131 Dairesi Ba\u015fkanl\u0131\u011f\u0131 Ceyhun Atuf Kansu Caddesi No:122 Balgat\/ANKARA<\/p>\n<p style=\"text-align: justify;\">Kaynak: http:\/\/www.byegm.gov.tr<\/p>\n","protected":false},"excerpt":{"rendered":"<p>(1)Bas\u0131n ve Enformasyon Uzman Yard\u0131mc\u0131s\u0131 unvan\u0131yla atama yap\u0131labilecek azami kadro say\u0131s\u0131 24 (yirmi d\u00f6rt) adettir. Giri\u015f s\u0131nav\u0131n\u0131 kazananlar\u0131n atamalar\u0131 G\u0130H s\u0131n\u0131f\u0131ndan 8 ve 9&#8217;uncu derece kadrolara yap\u0131lacakt\u0131r. (2)S\u0131nav\u0131n t\u00fcm a\u015famalar\u0131 Ankara&#8217;da yap\u0131lacakt\u0131r. (3)Giri\u015f s\u0131nav\u0131na ili\u015fkin olarak bu ilanda yer verilmemi\u015f d\u00fczenlemeler, 20\/09\/2013 tarihli ve 28771 say\u0131l\u0131 Resmi Gazete&#8217;de yay\u0131mlanan &#8220;Bas\u0131n ve Enformasyon Uzmanl\u0131\u011f\u0131 Y\u00f6netmeli\u011fi&#8221;nde yer [&hellip;]<\/p>\n","protected":false},"author":1,"featured_media":0,"comment_status":"open","ping_status":"open","sticky":false,"template":"","format":"standard","meta":{"footnotes":""},"categories":[],"tags":[1393],"class_list":["post-14794","post","type-post","status-publish","format-standard","hentry","tag-bby-is-ilanlari-arsivi"],"_links":{"self":[{"href":"https:\/\/www.bbyhaber.com\/bby\/wp-json\/wp\/v2\/posts\/14794"}],"collection":[{"href":"https:\/\/www.bbyhaber.com\/bby\/wp-json\/wp\/v2\/posts"}],"about":[{"href":"https:\/\/www.bbyhaber.com\/bby\/wp-json\/wp\/v2\/types\/post"}],"author":[{"embeddable":true,"href":"https:\/\/www.bbyhaber.com\/bby\/wp-json\/wp\/v2\/users\/1"}],"replies":[{"embeddable":true,"href":"https:\/\/www.bbyhaber.com\/bby\/wp-json\/wp\/v2\/comments?post=14794"}],"version-history":[{"count":0,"href":"https:\/\/www.bbyhaber.com\/bby\/wp-json\/wp\/v2\/posts\/14794\/revisions"}],"wp:attachment":[{"href":"https:\/\/www.bbyhaber.com\/bby\/wp-json\/wp\/v2\/media?parent=14794"}],"wp:term":[{"taxonomy":"category","embeddable":true,"href":"https:\/\/www.bbyhaber.com\/bby\/wp-json\/wp\/v2\/categories?post=14794"},{"taxonomy":"post_tag","embeddable":true,"href":"https:\/\/www.bbyhaber.com\/bby\/wp-json\/wp\/v2\/tags?post=14794"}],"curies":[{"name":"wp","href":"https:\/\/api.w.org\/{rel}","templated":true}]}}