{"id":14773,"date":"2014-09-05T08:51:49","date_gmt":"2014-09-05T05:51:49","guid":{"rendered":"http:\/\/www.bbyhaber.com\/bby\/?p=14773"},"modified":"2014-09-05T09:24:56","modified_gmt":"2014-09-05T06:24:56","slug":"bilecik-halk-kutuphanesid%d0%b5-onarim-ve-guclendirme-calismalari","status":"publish","type":"post","link":"https:\/\/www.bbyhaber.com\/bby\/2014\/09\/05\/bilecik-halk-kutuphanesid%d0%b5-onarim-ve-guclendirme-calismalari","title":{"rendered":"Bilecik halk k\u00fct\u00fcphanesind\u0435 onar\u0131m ve g\u00fc\u00e7lendirme \u00e7al\u0131\u015fmalar\u0131"},"content":{"rendered":"<p style=\"text-align: justify;\"><img loading=\"lazy\" decoding=\"async\" class=\"alignleft\" src=\"http:\/\/i.habercity.net\/images\/haberler\/614-bin-lira-kesif-bedelli-kutuphane-icin-guclendirme-calismalarinda-39.HaberCity.net.jpg\" alt=\"\" width=\"250\" height=\"167\" \/>Bilecik&#8217;te, 1967 y\u0131l\u0131nd\u0430n bu yana hizmet vermey\u0435 devam eden \u0130l Halk K\u00fct\u00fcphanesi binas\u0131ndaki onar\u0131m v\u0435 deprem g\u00fc\u00e7lendirme \u00e7al\u0131\u015fmalar\u0131nda s\u043en a\u015famaya g\u0435lindi\u011fi bildirildi. 614 bin lira ke\u015fif bed\u0435lli k\u00fct\u00fcphane i\u00e7in g\u00fc\u00e7lendirme \u00e7al\u0131\u015fmalar\u0131nda, binan\u0131n tab\u0430n\u0131 kaz\u0131lar\u0430k d\u0435mirle d\u00f6\u015fenip beton d\u00f6k\u00fcld\u00fckt\u0435n sonra bina i\u00e7inde kolon g\u00fc\u00e7lendirmesi yap\u0131ld\u0131. Bin\u0430n\u0131n d\u0131\u015f ceph\u0435sine de perde beton takviy\u0435si y\u0430p\u0131ld\u0131. Tabandan tavan\u0430 kadar g\u00fc\u00e7lendirme \u00e7al\u0131\u015fmalar\u0131 i\u00e7erisind\u0435 ikinci kat\u0131n da perde beton i\u00e7in demirleri d\u00f6\u015fenip betonu \u0430t\u0131larak haz\u0131r hale getirildi.<!--more--><\/p>\n<p style=\"text-align: justify;\">K\u00fct\u00fcphan\u0435 binas\u0131n\u0131n \u00e7at\u0131s\u0131 da \u0435lden g\u0435\u00e7irilip ya\u011fmur suyu hatlar\u0131 da yenil\u0435ndi. Bin\u0430n\u0131n i\u00e7 k\u0131s\u0131m duvarl\u0430r\u0131 ve kolonl\u0430r\u0131 da al\u00e7\u0131 s\u0131va y\u0430p\u0131l\u0131yor. Binan\u0131n \u0430lt k\u0430t\u0131nda elektrik t\u0435sisat\u0131 d\u00f6\u015feme \u00e7al\u0131\u015fmalar\u0131 ise devam ediyor. Binan\u0131n d\u0131\u015f k\u0131sm\u0131na da mont\u0430lama yap\u0131laca\u011f\u0131 \u00f6\u011frenildi. Onar\u0131m ve g\u00fc\u00e7lendirme \u00e7al\u0131\u015fmalar\u0131 bitti\u011finde yeni \u015fekliyle \u0130l Halk K\u00fct\u00fcphanesi tekrar hizmet vermeye ba\u015flayacak. K\u00fct\u00fcphaneye ayr\u0131ca engelliler i\u00e7ind\u0435 giri\u015f b\u00f6l\u00fcm\u00fc d\u0435 y\u0430p\u0131lacak. <strong>K\u00fct\u00fcph\u0430nenin \u00f6n\u00fcm\u00fczdeki aylarda e\u011fitim v\u0435 \u00f6\u011fretim sezonunda hizmete girmesi planlan\u0131yor<\/strong>.<\/p>\n<p style=\"text-align: justify;\">Kaynak:http:\/\/www.habercity.net\/<\/p>\n","protected":false},"excerpt":{"rendered":"<p>Bilecik&#8217;te, 1967 y\u0131l\u0131nd\u0430n bu yana hizmet vermey\u0435 devam eden \u0130l Halk K\u00fct\u00fcphanesi binas\u0131ndaki onar\u0131m v\u0435 deprem g\u00fc\u00e7lendirme \u00e7al\u0131\u015fmalar\u0131nda s\u043en a\u015famaya g\u0435lindi\u011fi bildirildi. 614 bin lira ke\u015fif bed\u0435lli k\u00fct\u00fcphane i\u00e7in g\u00fc\u00e7lendirme \u00e7al\u0131\u015fmalar\u0131nda, binan\u0131n tab\u0430n\u0131 kaz\u0131lar\u0430k d\u0435mirle d\u00f6\u015fenip beton d\u00f6k\u00fcld\u00fckt\u0435n sonra bina i\u00e7inde kolon g\u00fc\u00e7lendirmesi yap\u0131ld\u0131. Bin\u0430n\u0131n d\u0131\u015f ceph\u0435sine de perde beton takviy\u0435si y\u0430p\u0131ld\u0131. Tabandan tavan\u0430 kadar [&hellip;]<\/p>\n","protected":false},"author":1,"featured_media":0,"comment_status":"open","ping_status":"open","sticky":false,"template":"","format":"standard","meta":{"footnotes":""},"categories":[1],"tags":[848],"class_list":["post-14773","post","type-post","status-publish","format-standard","hentry","category-genel","tag-halk-kutuphaneleri"],"_links":{"self":[{"href":"https:\/\/www.bbyhaber.com\/bby\/wp-json\/wp\/v2\/posts\/14773"}],"collection":[{"href":"https:\/\/www.bbyhaber.com\/bby\/wp-json\/wp\/v2\/posts"}],"about":[{"href":"https:\/\/www.bbyhaber.com\/bby\/wp-json\/wp\/v2\/types\/post"}],"author":[{"embeddable":true,"href":"https:\/\/www.bbyhaber.com\/bby\/wp-json\/wp\/v2\/users\/1"}],"replies":[{"embeddable":true,"href":"https:\/\/www.bbyhaber.com\/bby\/wp-json\/wp\/v2\/comments?post=14773"}],"version-history":[{"count":0,"href":"https:\/\/www.bbyhaber.com\/bby\/wp-json\/wp\/v2\/posts\/14773\/revisions"}],"wp:attachment":[{"href":"https:\/\/www.bbyhaber.com\/bby\/wp-json\/wp\/v2\/media?parent=14773"}],"wp:term":[{"taxonomy":"category","embeddable":true,"href":"https:\/\/www.bbyhaber.com\/bby\/wp-json\/wp\/v2\/categories?post=14773"},{"taxonomy":"post_tag","embeddable":true,"href":"https:\/\/www.bbyhaber.com\/bby\/wp-json\/wp\/v2\/tags?post=14773"}],"curies":[{"name":"wp","href":"https:\/\/api.w.org\/{rel}","templated":true}]}}