{"id":14709,"date":"2014-08-26T13:36:47","date_gmt":"2014-08-26T10:36:47","guid":{"rendered":"http:\/\/www.bbyhaber.com\/bby\/?p=14709"},"modified":"2014-08-26T13:39:14","modified_gmt":"2014-08-26T10:39:14","slug":"milli-kutuphanede-dijital-devrim","status":"publish","type":"post","link":"https:\/\/www.bbyhaber.com\/bby\/2014\/08\/26\/milli-kutuphanede-dijital-devrim","title":{"rendered":"Milli K\u00fct\u00fcphanede dijital devrim"},"content":{"rendered":"<p style=\"text-align: justify;\"><img loading=\"lazy\" decoding=\"async\" class=\"alignleft\" src=\"http:\/\/www.bbyhaber.com\/bby\/wp-content\/uploads\/2014\/08\/mk-logo.png\" alt=\"\" width=\"276\" height=\"68\" \/>K\u00fclt\u00fcr ve Turizm Bakan\u0131 \u00d6mer \u00c7elik, Bakanl\u0131k olarak, Milli K\u00fct\u00fcphane kay\u0131tlar\u0131ndaki \u00f6nemli entellekt\u00fcel birikimi teknolojiyle b\u00fct\u00fcnle\u015ftirerek hizmete sunduklar\u0131n\u0131 bildirdi. Milli haf\u0131zada, sistem analizi ile teknolojik altyap\u0131n\u0131n yeniden kurgulanmas\u0131nda \u00f6nemli de\u011fi\u015fiklikler ger\u00e7ekle\u015ftirdiklerini belirten \u00c7elik, &#8220;Cehalete ve karanl\u0131\u011fa kar\u015f\u0131 aral\u0131ks\u0131z \u00e7al\u0131\u015fan ara\u015ft\u0131rmac\u0131 ile akademisyenlerin \u00f6n\u00fcn\u00fc a\u00e7mak i\u00e7in ak\u0131lc\u0131 ve sa\u011flam ad\u0131mlarla ilerliyoruz&#8221; dedi. \u00c7elik, Milli K\u00fct\u00fcphane ar\u015fivlerindeki y\u00fczbinlerce makale ve materyali dijital kanallar \u00fczerinden &#8220;tek t\u0131k&#8221;la ula\u015f\u0131labilir hale getirdiklerini ifade ederek, kulan\u0131c\u0131lar\u0131n yeni uygulamayla kesintisiz ve s\u0131n\u0131rs\u0131z bilgiye ula\u015fabilece\u011fini s\u00f6yledi.<!--more--><\/p>\n<p style=\"text-align: justify;\"><strong>Milletin haf\u0131zas\u0131 koruma alt\u0131nda<\/strong><\/p>\n<p style=\"text-align: justify;\">Milli K\u00fct\u00fcphane&#8217;de, ge\u00e7en y\u0131l ba\u015flat\u0131lan modernizasyon \u00e7al\u0131\u015fmalar\u0131 kapsam\u0131nda, sistem analizi ile teknolojik altyap\u0131n\u0131n yeniden kurgulanmas\u0131n\u0131n sa\u011fland\u0131\u011f\u0131n\u0131 anlatan \u00c7elik, \u015funlar\u0131 kaydetti: &#8220;D\u00fcnya standartlar\u0131na uygun olarak yeniden tasarlanan Milli K\u00fct\u00fcphane&#8217;nin web sayfas\u0131ndaki elektronik veri tabanlar\u0131 zenginle\u015ftirilerek, online \u00fcyelik sistemleri yenilendi. Etkin ve verimli makale taramas\u0131 i\u00e7in hayati \u00f6nem ta\u015f\u0131yan bibliyografyalar, ara\u015ft\u0131rmac\u0131lar\u0131n ana kayna\u011fa ula\u015fmas\u0131nda rehberlik yapan dizinlerdir. Bibliyografyalar konusunda kapsaml\u0131 ve ayr\u0131nt\u0131l\u0131 bir \u00e7al\u0131\u015fma yap\u0131ld\u0131. Bibliyografyalar\u0131n taranmas\u0131yla veri giri\u015f sistemin de \u00f6nemli de\u011fi\u015fiklikler ger\u00e7ekle\u015ftirildi. Bakanl\u0131\u011f\u0131m\u0131n korumak ve geli\u015ftirmek zorunda oldu\u011fu alanlardan biri de milletin haf\u0131zas\u0131 olarak niteledi\u011fim Milli K\u00fct\u00fcphane. Bu haf\u0131zay\u0131 \u00f6yle kullan\u0131l\u0131r bir hale getirmek zorundas\u0131n\u0131z ki bu haf\u0131zay\u0131 gelece\u011fe ta\u015f\u0131yacak, ulusunuzun, hatta d\u00fcnyan\u0131n \u00f6n\u00fcnde yeni kap\u0131lar a\u00e7acak beyinler zaman kaybetmeden, kolayca, ak\u0131c\u0131 ve kesintisiz bir \u015fekilde bilgiye ula\u015fs\u0131n. \u0130nsanlar yetileri do\u011frultusunda d\u00fcn\u00fcn \u0131\u015f\u0131\u011f\u0131n\u0131, bug\u00fcnden yar\u0131na tutmak i\u00e7in ya\u015fam\u0131n\u0131 yok say\u0131p \u00e7al\u0131\u015f\u0131yor. Onlar\u0131n \u00f6n\u00fcn\u00fc \u00f6yle bir a\u00e7mal\u0131s\u0131n\u0131z ki \u0131\u015f\u0131k s\u00fcz\u00fclmemeli, t\u00fcm g\u00fcc\u00fcyle akmal\u0131. Biz onu yapmaya \u00e7abal\u0131yoruz.&#8221;<\/p>\n<p style=\"text-align: justify;\">\u00d6mer \u00c7elik, milli haf\u0131zada at\u0131l kalm\u0131\u015f \u00f6nemli eserlerin art\u0131k ara\u015ft\u0131rmac\u0131lar\u0131n, akademisyen, \u00f6\u011frenciler ve vatanda\u015flar\u0131n, hatta t\u00fcm d\u00fcnyan\u0131n tek tu\u015f \u00f6tesinde olaca\u011f\u0131n\u0131, bilgiye ula\u015f\u0131mdaki kolayl\u0131\u011f\u0131n s\u0131n\u0131r ve zaman kavramlar\u0131n\u0131 da de\u011fi\u015ftirece\u011fini ifade etti.<\/p>\n<p style=\"text-align: justify;\"><strong>&#8216;Binlerce makaleye tek tu\u015fla ula\u015f\u0131lacak&#8217;<\/strong><\/p>\n<p style=\"text-align: justify;\">Etkin ve verimli makale taramas\u0131 yapabilme olana\u011f\u0131 sa\u011flayan &#8220;T\u00fcrkiye Makaleler Bibliyografyas\u0131&#8221; ve &#8220;Cumhuriyet D\u00f6nemi Makaleler Bibliyografyas\u0131&#8221; \u00fczerinde ayr\u0131nt\u0131l\u0131 bir \u00e7al\u0131\u015fma yapan Bakanl\u0131k, bilgileri tek bir aray\u00fczden taranabilir hale getirdi. &#8220;1923&#8217;ten G\u00fcn\u00fcm\u00fcze Makaleler&#8221; slogan\u0131yla ara\u015ft\u0131rmac\u0131lara hizmet veren bibliyografya, 5 bin dergideki 1 milyona yak\u0131n bilimsel makale ile T\u00fcrkiye&#8217;de yay\u0131nlanan en \u00f6nemli ve en kapsaml\u0131 elektronik kaynaklardan biri olma \u00f6zelli\u011fini ta\u015f\u0131yor.<\/p>\n<p style=\"text-align: justify;\">Bakanl\u0131\u011f\u0131n ge\u00e7en y\u0131l sonu itibar\u0131yla teknolojik geli\u015fmelere uyarlad\u0131\u011f\u0131 ve veri giri\u015f altyap\u0131s\u0131n\u0131 yeniden kurgulad\u0131\u011f\u0131 sisteme yazar isimleri, yay\u0131n isimleri otorite dizinleri de eklendi. Yeni kullan\u0131c\u0131 aray\u00fcz\u00fcyle yazar, makale, konu, dergi ad\u0131 gibi filtrelemeler \u00e7ok etkin ve verimli \u015fekilde kullan\u0131c\u0131lar\u0131n hizmetine sunuldu.<\/p>\n<p style=\"text-align: justify;\">Bibliyografyalar, T\u00fcrkiye&#8217;de ilk olarak 1952 y\u0131l\u0131nda bas\u0131l\u0131 olarak yay\u0131nlanmaya ba\u015fland\u0131. &#8220;T\u00fcrkiye Makaleler Bibliyografyas\u0131&#8221; olarak yay\u0131nlanan makaleler, 1995 y\u0131l\u0131ndan itibaren internet ortam\u0131na ta\u015f\u0131nd\u0131. Ge\u00e7en y\u0131l sonu itibariyla ba\u015flat\u0131lan \u00e7al\u0131\u015fmalarda analiz, tasar\u0131m ve yaz\u0131l\u0131m s\u00fcreci tamamlanan &#8220;T\u00fcrkiye Makaleler Bibliyografyas\u0131&#8221;na, &#8220;<span style=\"color: #0000ff;\"><a href=\"http:\/\/makaleler.mkutup.gov.tr\/\" target=\"_blank\"><span style=\"color: #0000ff;\"><span style=\"color: #3366ff;\">makaleler.mkutup.gov.tr<\/span><\/span><\/a><\/span>&#8221; adresinden ula\u015f\u0131labilecek.<\/p>\n<p style=\"text-align: justify;\">Kaynak: http:\/\/www.cumhuriyet.com.tr\/<\/p>\n","protected":false},"excerpt":{"rendered":"<p>K\u00fclt\u00fcr ve Turizm Bakan\u0131 \u00d6mer \u00c7elik, Bakanl\u0131k olarak, Milli K\u00fct\u00fcphane kay\u0131tlar\u0131ndaki \u00f6nemli entellekt\u00fcel birikimi teknolojiyle b\u00fct\u00fcnle\u015ftirerek hizmete sunduklar\u0131n\u0131 bildirdi. Milli haf\u0131zada, sistem analizi ile teknolojik altyap\u0131n\u0131n yeniden kurgulanmas\u0131nda \u00f6nemli de\u011fi\u015fiklikler ger\u00e7ekle\u015ftirdiklerini belirten \u00c7elik, &#8220;Cehalete ve karanl\u0131\u011fa kar\u015f\u0131 aral\u0131ks\u0131z \u00e7al\u0131\u015fan ara\u015ft\u0131rmac\u0131 ile akademisyenlerin \u00f6n\u00fcn\u00fc a\u00e7mak i\u00e7in ak\u0131lc\u0131 ve sa\u011flam ad\u0131mlarla ilerliyoruz&#8221; dedi. \u00c7elik, Milli K\u00fct\u00fcphane ar\u015fivlerindeki [&hellip;]<\/p>\n","protected":false},"author":1,"featured_media":0,"comment_status":"open","ping_status":"open","sticky":false,"template":"","format":"standard","meta":{"footnotes":""},"categories":[1475,1],"tags":[],"class_list":["post-14709","post","type-post","status-publish","format-standard","hentry","category-ankara-milli-kutuphane","category-genel"],"_links":{"self":[{"href":"https:\/\/www.bbyhaber.com\/bby\/wp-json\/wp\/v2\/posts\/14709"}],"collection":[{"href":"https:\/\/www.bbyhaber.com\/bby\/wp-json\/wp\/v2\/posts"}],"about":[{"href":"https:\/\/www.bbyhaber.com\/bby\/wp-json\/wp\/v2\/types\/post"}],"author":[{"embeddable":true,"href":"https:\/\/www.bbyhaber.com\/bby\/wp-json\/wp\/v2\/users\/1"}],"replies":[{"embeddable":true,"href":"https:\/\/www.bbyhaber.com\/bby\/wp-json\/wp\/v2\/comments?post=14709"}],"version-history":[{"count":0,"href":"https:\/\/www.bbyhaber.com\/bby\/wp-json\/wp\/v2\/posts\/14709\/revisions"}],"wp:attachment":[{"href":"https:\/\/www.bbyhaber.com\/bby\/wp-json\/wp\/v2\/media?parent=14709"}],"wp:term":[{"taxonomy":"category","embeddable":true,"href":"https:\/\/www.bbyhaber.com\/bby\/wp-json\/wp\/v2\/categories?post=14709"},{"taxonomy":"post_tag","embeddable":true,"href":"https:\/\/www.bbyhaber.com\/bby\/wp-json\/wp\/v2\/tags?post=14709"}],"curies":[{"name":"wp","href":"https:\/\/api.w.org\/{rel}","templated":true}]}}