{"id":14645,"date":"2014-08-20T23:50:39","date_gmt":"2014-08-20T20:50:39","guid":{"rendered":"http:\/\/www.bbyhaber.com\/bby\/?p=14645"},"modified":"2014-08-20T23:50:39","modified_gmt":"2014-08-20T20:50:39","slug":"hazine-degerindeki-osmanli-arsivi-islandi","status":"publish","type":"post","link":"https:\/\/www.bbyhaber.com\/bby\/2014\/08\/20\/hazine-degerindeki-osmanli-arsivi-islandi","title":{"rendered":"Hazine de\u011ferindeki Osmanl\u0131 ar\u015fivi \u0131sland\u0131"},"content":{"rendered":"<p style=\"text-align: justify;\"><img loading=\"lazy\" decoding=\"async\" class=\"alignleft\" src=\"http:\/\/www.odatv.com\/images\/2014_08\/2014_08_20\/hazine-degerindeki-osmanli-arsivi-islandi--2008141200_m.jpg\" alt=\"\" width=\"308\" height=\"139\" \/>\u0130lk Odatv g\u00fcndeme getirdi. 19 Temmuz tarihinde \u0130stanbul\u2019da ya\u011fan \u015fiddetli ya\u011fmurun, hazine de\u011ferindeki Osmanl\u0131 Ar\u015fivleri binas\u0131ndaki belgelere zarar verdi\u011fini yazd\u0131k. Zira Osmanl\u0131 Ar\u015fivleri binas\u0131 \u201c<strong>sel tehdidi<\/strong>\u201d uyar\u0131lar\u0131na ra\u011fmen \u0130stanbul Sultanahmet\u2019ten Ka\u011f\u0131thane\u2019ye ta\u015f\u0131nm\u0131\u015ft\u0131. \u0130\u015fte bu haberimiz ar\u015fivcilerin deneyimleriyle maalesef do\u011fru \u00e7\u0131kt\u0131:<!--more--><strong><\/strong><\/p>\n<p style=\"text-align: justify;\"><strong>Belgeler \u0131slakt\u0131!<\/strong><\/p>\n<p style=\"text-align: justify;\">Yakla\u015f\u0131k 1 y\u0131l \u00f6nce a\u00e7\u0131l\u0131\u015f\u0131 yap\u0131lan yeni Osmanl\u0131 Ar\u015fivleri binas\u0131 Ka\u011f\u0131thane deresine olan yak\u0131nl\u0131\u011f\u0131 ve bir o kadar merkeze uzak olu\u015fu sebebiyle tart\u0131\u015fmalara sahne oldu. \u015eimdilerde, \u00f6zellikle Haziran ve Temmuz ay\u0131ndan itibaren g\u00f6r\u00fclen ya\u011f\u0131\u015flardan sonra ar\u015fivlerde korkulan ba\u015fa geldi. Ara\u015ft\u0131rmac\u0131lar baz\u0131 belgelerin \u0131slak ya da nemli geldi\u011fini belirtiyorlar.<\/p>\n<p style=\"text-align: justify;\">Ba\u015fbakan Erdo\u011fan 2 Haziran 2013\u2019te binan\u0131n a\u00e7\u0131l\u0131\u015f\u0131n\u0131 yapm\u0131\u015ft\u0131. Fakat daha \u00fczerinden bir sene ge\u00e7mi\u015fken korkulan ba\u015fa geldi, dere yata\u011f\u0131na yap\u0131lan ar\u015fivin ya\u011fmurlardaki durumu herkesi kayg\u0131land\u0131rd\u0131. Sosyal medya \u00fczerinden payla\u015f\u0131lan foto\u011fraflara g\u00f6re ar\u015fiv deposunun \u00fczerindeki \u00e7imlik alan 2 Haziran 2014\u2019teki ya\u011fmurda su alt\u0131nda kalm\u0131\u015ft\u0131.<\/p>\n<p style=\"text-align: justify;\"><strong>1. MAHMUD BELGES\u0130 ISLAK GELD\u0130<\/strong><\/p>\n<p style=\"text-align: justify;\">D\u00fcn ise tarih\u00e7ilerin kulland\u0131\u011f\u0131 bir e-posta grubuna ar\u015fivde istedi\u011fi belge \u0131slak bir halde gelen M.S. adl\u0131 ara\u015ft\u0131rmac\u0131n\u0131n yazd\u0131klar\u0131, olay\u0131n vehametini g\u00f6zler \u00f6n\u00fcne serdi. Di\u011fer ara\u015ft\u0131rmac\u0131lar da benzer durumlarla kar\u015f\u0131la\u015ft\u0131klar\u0131n\u0131, belgelerin kimi zaman nemli geldi\u011fini s\u00f6yl\u00fcyorlar. Erdo\u011fan bina a\u00e7\u0131l\u0131\u015f\u0131n\u0131 yaparken\u00a0<strong>\u201cBu depolara monte edilecek raflar tam 130 kilometre uzunlu\u011funda. Hemen hemen buradan Sakarya\u2026<\/strong>\u00a0<strong>Y\u0131rt\u0131lan, \u0131slanan, b\u00f6cekler taraf\u0131ndan tahrif edilen belgeler, defterler, kitaplar burada rahatl\u0131kla tamir edilebilecek.\u201d<\/strong>\u00a0s\u00f6zlerini sarf etmi\u015fti.12 bin metrekarelik bu alan\u0131n hem kullan\u0131\u015fs\u0131z hem de belgeler i\u00e7in olduk\u00e7a riskli bir arazi oldu\u011fu bir y\u0131l i\u00e7inde ortaya \u00e7\u0131kt\u0131.<\/p>\n<p style=\"text-align: justify;\">Ara\u015ft\u0131rmac\u0131n\u0131n ses getiren e-postas\u0131 ise \u015f\u00f6yle:\u00a0<strong>\u201cBug\u00fcn ar\u015fivlerde baya\u011f\u0131 tats\u0131z bir olayla kar\u015f\u0131la\u015ft\u0131m. Bunu hem sizinle payla\u015fmak hem de bu konuda g\u00f6r\u00fc\u015flerinizi almak isterim. Bir suredir gelen d\u00f6k\u00fcmanlar\u0131n nemli oldu\u011fu konusunda tevatur kabilinden s\u00f6zler duyuyor, inanmak istemiyordum. Ancak bug\u00fcn Ali Emiri koleksiyonundan gelen I. Mahmud d\u00f6nemi belgeleri \u0131slak denilebilecek surette geldi. \u00d6zellikle bir tanesinin sol tarafindaki yaz\u0131 var ile yok arasinda denilebilir. Orada g\u00f6revli F.\u2019ye belgeyi g\u00f6sterdi\u011fimde, kendisi kontrol ederken eline m\u00fcrekkep lekesi bula\u015ft\u0131 diyeyim, gerisini siz d\u00fc\u015f\u00fcn\u00fcn. Di\u011fer g\u00f6revli arkada\u015flar da birbirine bakt\u0131, biz bu konuda bir \u015fey diyemiyoruz siz en iyisi bir dilek\u00e7e yaz\u0131n dediler.<\/strong><\/p>\n<p style=\"text-align: justify;\"><strong>Hemen m\u00fcd\u00fcre \u00e7\u0131kt\u0131m, kendisi ilgilendi. Benimle beraber a\u015fa\u011f\u0131ya gelip, belgeleri kontrol etti. Baz\u0131lar\u0131na bunlar eskiden olmu\u015f dedi ama biraz \u00f6nce bahsi ge\u00e7en belgeyi g\u00f6r\u00fcnce surat\u0131 as\u0131ld\u0131, Ali Emiri koleksiyonu diye not etti. \u015eimdi eger bu m\u00fcnferit bir olay ise, yaz\u0131k olmus deyip ge\u00e7ebiliriz\u00a0<\/strong>(ancak bunlar b\u00fcy\u00fck depolarda tutuldu\u011funa g\u00f6re, ayn\u0131 akibeti payla\u015fan bir\u00e7ok belge daha olmal\u0131).<strong>\u201d<\/strong><\/p>\n<p style=\"text-align: justify;\"><strong>DURUM \u00c7OK C\u0130DD\u0130<\/strong><\/p>\n<p style=\"text-align: justify;\">Bir ba\u015fka ara\u015ft\u0131rmac\u0131 ise durumun vehametini \u015fu s\u00f6zlerle anlat\u0131yor:<\/p>\n<p style=\"text-align: justify;\"><strong>\u201cHaziran ay\u0131nda benim de ba\u015f\u0131ma \u00f6yle bir \u015fey geldi. Bir \u00f6nceki g\u00fcn istedi\u011fim belgelere ertesi g\u00fcn dokundu\u011fumda ciddi ciddi nem vard\u0131. Nemi belgenin kendisinde ve belgenin konuldu\u011fu dosyada hissetmemek m\u00fcmk\u00fcn de\u011fildi. Bu arada ar\u015fivin durumu ile ilgili olarak E.A \u00e7ok \u00e7al\u0131\u015f\u0131yor. Epeyce de dilekce yazd\u0131 bununla ilgili. Twitter&#8217;da bunun foto\u011fraflar\u0131n\u0131 payla\u015ft\u0131. San\u0131rsam \u0130stanbul i\u00e7inde birka\u00e7 toplant\u0131 da yapt\u0131lar. B\u00f6yle durumlar da belgenin veya o anki durumun an\u0131nda foto\u011fraf\u0131n\u0131 \u00e7ekmek laz\u0131m. Bunlar daha sonra kan\u0131t yerine ge\u00e7ecek. Ge\u00e7ti\u011fimiz g\u00fcnlerde \u015fiddetli ya\u011fan ya\u011fmurda bir\u00e7ok arkada\u015f ar\u015fiv tavanlar\u0131ndan akan suyun alt\u0131na okuma salonlar\u0131nda konulan kovalar\u0131 foto\u011fraflad\u0131. Yani durum \u00e7ok ciddi. Bir \u015feyler yapmak gerekmekte.<\/strong><strong>\u201d<\/strong><\/p>\n<p style=\"text-align: justify;\">Kaynak:\u00a0http:\/\/www.odatv.com\/<\/p>\n","protected":false},"excerpt":{"rendered":"<p>\u0130lk Odatv g\u00fcndeme getirdi. 19 Temmuz tarihinde \u0130stanbul\u2019da ya\u011fan \u015fiddetli ya\u011fmurun, hazine de\u011ferindeki Osmanl\u0131 Ar\u015fivleri binas\u0131ndaki belgelere zarar verdi\u011fini yazd\u0131k. Zira Osmanl\u0131 Ar\u015fivleri binas\u0131 \u201csel tehdidi\u201d uyar\u0131lar\u0131na ra\u011fmen \u0130stanbul Sultanahmet\u2019ten Ka\u011f\u0131thane\u2019ye ta\u015f\u0131nm\u0131\u015ft\u0131. \u0130\u015fte bu haberimiz ar\u015fivcilerin deneyimleriyle maalesef do\u011fru \u00e7\u0131kt\u0131:<\/p>\n","protected":false},"author":1,"featured_media":0,"comment_status":"open","ping_status":"open","sticky":false,"template":"","format":"standard","meta":{"footnotes":""},"categories":[1],"tags":[1096],"class_list":["post-14645","post","type-post","status-publish","format-standard","hentry","category-genel","tag-arsivcilik"],"_links":{"self":[{"href":"https:\/\/www.bbyhaber.com\/bby\/wp-json\/wp\/v2\/posts\/14645"}],"collection":[{"href":"https:\/\/www.bbyhaber.com\/bby\/wp-json\/wp\/v2\/posts"}],"about":[{"href":"https:\/\/www.bbyhaber.com\/bby\/wp-json\/wp\/v2\/types\/post"}],"author":[{"embeddable":true,"href":"https:\/\/www.bbyhaber.com\/bby\/wp-json\/wp\/v2\/users\/1"}],"replies":[{"embeddable":true,"href":"https:\/\/www.bbyhaber.com\/bby\/wp-json\/wp\/v2\/comments?post=14645"}],"version-history":[{"count":0,"href":"https:\/\/www.bbyhaber.com\/bby\/wp-json\/wp\/v2\/posts\/14645\/revisions"}],"wp:attachment":[{"href":"https:\/\/www.bbyhaber.com\/bby\/wp-json\/wp\/v2\/media?parent=14645"}],"wp:term":[{"taxonomy":"category","embeddable":true,"href":"https:\/\/www.bbyhaber.com\/bby\/wp-json\/wp\/v2\/categories?post=14645"},{"taxonomy":"post_tag","embeddable":true,"href":"https:\/\/www.bbyhaber.com\/bby\/wp-json\/wp\/v2\/tags?post=14645"}],"curies":[{"name":"wp","href":"https:\/\/api.w.org\/{rel}","templated":true}]}}