{"id":14617,"date":"2014-08-19T20:00:31","date_gmt":"2014-08-19T17:00:31","guid":{"rendered":"http:\/\/www.bbyhaber.com\/bby\/?p=14617"},"modified":"2014-08-19T20:21:02","modified_gmt":"2014-08-19T17:21:02","slug":"engelli-memur-kadrolarina-yerlestirme-islemleri-27-agustos-2014de-basliyor","status":"publish","type":"post","link":"https:\/\/www.bbyhaber.com\/bby\/2014\/08\/19\/engelli-memur-kadrolarina-yerlestirme-islemleri-27-agustos-2014de-basliyor","title":{"rendered":"Engelli Memur Kadrolar\u0131na Yerle\u015ftirme \u0130\u015flemleri 27 A\u011fustos 2014&#8217;de Ba\u015fl\u0131yor"},"content":{"rendered":"<p style=\"text-align: justify;\"><img loading=\"lazy\" decoding=\"async\" class=\"alignleft\" src=\"http:\/\/www.bbyhaber.com\/bby\/wp-content\/uploads\/dosyalar\/emss\/resimler\/bbyomss.jpg\" alt=\"\" width=\"153\" height=\"153\" \/>2014 y\u0131l\u0131 i\u00e7erisinde engelli memur al\u0131mlar\u0131na ili\u015fkin ilkokul\/ortaokul\/ilk\u00f6\u011fretim, orta\u00f6\u011fretim(lise), \u00f6nlisans ve <strong>lisans e\u011fitim seviyesi<\/strong>nden olmak \u00fczere toplam (4.151) adet kadroya yerle\u015ftirme yap\u0131lacakt\u0131r. Bahse konu kadrolara <span style=\"color: #0000ff;\"><strong>tercih i\u015flemleri 27 A\u011fustos-5 Eyl\u00fcl 2014<\/strong><\/span> tarihleri aras\u0131nda \u00d6SYM Ba\u015fkanl\u0131\u011f\u0131n\u0131n internet sitesi \u00fczerinden ger\u00e7ekle\u015ftirilecektir.<\/p>\n<p style=\"text-align: justify;\">Kaynak: http:\/\/www.dpb.gov.tr\/<\/p>\n","protected":false},"excerpt":{"rendered":"<p>2014 y\u0131l\u0131 i\u00e7erisinde engelli memur al\u0131mlar\u0131na ili\u015fkin ilkokul\/ortaokul\/ilk\u00f6\u011fretim, orta\u00f6\u011fretim(lise), \u00f6nlisans ve lisans e\u011fitim seviyesinden olmak \u00fczere toplam (4.151) adet kadroya yerle\u015ftirme yap\u0131lacakt\u0131r. Bahse konu kadrolara tercih i\u015flemleri 27 A\u011fustos-5 Eyl\u00fcl 2014 tarihleri aras\u0131nda \u00d6SYM Ba\u015fkanl\u0131\u011f\u0131n\u0131n internet sitesi \u00fczerinden ger\u00e7ekle\u015ftirilecektir. Kaynak: http:\/\/www.dpb.gov.tr\/<\/p>\n","protected":false},"author":1,"featured_media":0,"comment_status":"open","ping_status":"open","sticky":false,"template":"","format":"standard","meta":{"footnotes":""},"categories":[1573,1],"tags":[1391],"class_list":["post-14617","post","type-post","status-publish","format-standard","hentry","category-ekpss-bby-kadrolari","category-genel","tag-bby-ekpss"],"_links":{"self":[{"href":"https:\/\/www.bbyhaber.com\/bby\/wp-json\/wp\/v2\/posts\/14617"}],"collection":[{"href":"https:\/\/www.bbyhaber.com\/bby\/wp-json\/wp\/v2\/posts"}],"about":[{"href":"https:\/\/www.bbyhaber.com\/bby\/wp-json\/wp\/v2\/types\/post"}],"author":[{"embeddable":true,"href":"https:\/\/www.bbyhaber.com\/bby\/wp-json\/wp\/v2\/users\/1"}],"replies":[{"embeddable":true,"href":"https:\/\/www.bbyhaber.com\/bby\/wp-json\/wp\/v2\/comments?post=14617"}],"version-history":[{"count":0,"href":"https:\/\/www.bbyhaber.com\/bby\/wp-json\/wp\/v2\/posts\/14617\/revisions"}],"wp:attachment":[{"href":"https:\/\/www.bbyhaber.com\/bby\/wp-json\/wp\/v2\/media?parent=14617"}],"wp:term":[{"taxonomy":"category","embeddable":true,"href":"https:\/\/www.bbyhaber.com\/bby\/wp-json\/wp\/v2\/categories?post=14617"},{"taxonomy":"post_tag","embeddable":true,"href":"https:\/\/www.bbyhaber.com\/bby\/wp-json\/wp\/v2\/tags?post=14617"}],"curies":[{"name":"wp","href":"https:\/\/api.w.org\/{rel}","templated":true}]}}