{"id":14504,"date":"2014-08-16T10:00:11","date_gmt":"2014-08-16T07:00:11","guid":{"rendered":"http:\/\/www.bbyhaber.com\/bby\/?p=14504"},"modified":"2014-08-16T00:41:45","modified_gmt":"2014-08-15T21:41:45","slug":"208-yillik-kutuphanenin-tarihi-dokusunda-kitap-okuyorlar","status":"publish","type":"post","link":"https:\/\/www.bbyhaber.com\/bby\/2014\/08\/16\/208-yillik-kutuphanenin-tarihi-dokusunda-kitap-okuyorlar","title":{"rendered":"208 Y\u0131ll\u0131k K\u00fct\u00fcphanenin Tarihi Dokusunda Kitap Okuyorlar"},"content":{"rendered":"<p style=\"text-align: justify;\"><img loading=\"lazy\" decoding=\"async\" class=\"alignleft\" src=\"http:\/\/i.milliyet.com.tr\/LocalArticle572x336\/2014\/08\/15\/fft256_mf4419788.Jpeg\" alt=\"\" width=\"264\" height=\"155\" \/>Manisa \u0130l Halk K\u00fct\u00fcphanesi&#8217;ne ba\u011fl\u0131 tarihi Mimar Sinan ve \u0130shak \u00c7elebi \u00c7ocuk K\u00fct\u00fcphaneleri, 15 bin 308 adet farkl\u0131 kitapla Manisal\u0131 \u00e7ocuklara hizmet veriyor. 1806 y\u0131l\u0131nda Muradiye Camiinin K\u00fclliyesi i\u00e7inde Karaosmano\u011fullar\u0131&#8217;ndan H\u00fcseyin A\u011fa taraf\u0131ndan yapt\u0131r\u0131lan Mimar Sinan \u00c7ocuk K\u00fct\u00fcphanesi 200 y\u0131l\u0131 a\u015fk\u0131n bir s\u00fcredir Manisal\u0131 \u00e7ocuklar\u0131 kitapla tan\u0131\u015ft\u0131r\u0131yor. Kitapsaray olarak bilinen Manisa \u0130l Halk K\u00fct\u00fcphanesi b\u00fcnyesinde \u00e7ocuklar\u0131n kitap okumalar\u0131n\u0131 sa\u011flamak amac\u0131yla<!--more--> Muradiye Cami bah\u00e7esinde 1806 y\u0131l\u0131nda Karaosmano\u011fullar\u0131&#8217;ndan H\u00fcseyin A\u011fa taraf\u0131ndan yapt\u0131r\u0131lan Mimar Sinan \u00c7ocuk K\u00fct\u00fcphanesi ile 1967 y\u0131l\u0131nda tarihi Ulu Cami\u2019nin yan\u0131nda a\u00e7\u0131lan \u0130shak \u00c7elebi \u00c7ocuk K\u00fct\u00fcphanesi Manisal\u0131 \u00e7ocuklar\u0131n ilgi oda\u011f\u0131 olmaya devam ediyor. \u0130ki k\u00fct\u00fcphanede toplam 15 bin 308 kay\u0131tl\u0131 kitap bulunurken, k\u00fct\u00fcphanelerin \u00fcye say\u0131s\u0131 ise 267. 2014 y\u0131l\u0131n\u0131n ilk 6 ay\u0131nda ise tarih kokan k\u00fct\u00fcphaneler 7 bin 694 \u00e7ocuk taraf\u0131ndan ziyaret edildi.<\/p>\n<p style=\"text-align: justify;\">\u00c7OCUKLARI K\u0130TAP OKUMAYA DAVET ETT\u0130<\/p>\n<p style=\"text-align: justify;\">Mimar Sinan ve \u0130shak \u00c7elebi K\u00fct\u00fcphanelerinin tarih kokan havas\u0131n\u0131 soluyarak bu g\u00fczel mekanlara \u00e7ocuklar\u0131 kitap okumaya davet eden \u0130l Halk K\u00fct\u00fcphanesi M\u00fcd\u00fcr\u00fc Ay\u015fin Kibrit, mevcut k\u00fct\u00fcphanelerin tarihi olarak \u00e7ok g\u00fczel mekanlar olmas\u0131na ra\u011fmen, mekanlar\u0131n \u00e7ok k\u00fc\u00e7\u00fck olmas\u0131 en b\u00fcy\u00fck s\u0131k\u0131nt\u0131lar\u0131 oldu\u011funa dikkat \u00e7ekti. \u00d6n\u00fcm\u00fczdeki g\u00fcnlerde bununla ilgili giri\u015fimlere ba\u015flayacaklar\u0131n\u0131 kaydeden Kibrit, buna kar\u015f\u0131n \u00e7ocuklar\u0131 bu tarih kokan mekanlara kitap okumaya davet etti.<\/p>\n<p style=\"text-align: justify;\">1953 YILINDAN BER\u0130 KAYIT YAPILIYOR<\/p>\n<p style=\"text-align: justify;\">Tarihi Muradiye Camii avlusunda hizmet vermeye ba\u015flad\u0131\u011f\u0131 1806 tarihinden bu yana 208 y\u0131ld\u0131r k\u00fct\u00fcphane olarak hizmet veren Mimar Sinan K\u00fct\u00fcphanesi\u2019nin kurucusu H\u00fcseyin A\u011fa&#8217;n\u0131n vefat\u0131n\u0131n ard\u0131ndan varis\u00e7ilerinin k\u00fct\u00fcphane ile ilgilenmemeleri \u00fczerine tarihi k\u00fct\u00fcphanedeki el yazmas\u0131 eserler Muradiye K\u00fct\u00fcphanesi ta\u015f\u0131nd\u0131. bu s\u00fcre zarf\u0131nda kapal\u0131 kalan tarihi bina 1953 y\u0131l\u0131nda o zamanlar Gazi \u0130lkokulu\u2019nda Manisa\u2019n\u0131n ilk \u00e7ocuk k\u00fct\u00fcphanesi ve ad\u0131 \u2018Birinci \u00c7ocuk K\u00fct\u00fcphanesi\u2019 olarak a\u00e7\u0131lan k\u00fct\u00fcphanenin tarihi binaya ta\u015f\u0131nmas\u0131 ile yine yap\u0131ld\u0131\u011f\u0131 gibi k\u00fct\u00fcphane olarak hizmet vermeye devam etti. \u0130l Halk K\u00fct\u00fcphanesi M\u00fcd\u00fcr\u00fc Ay\u015fin Kibrit, \u201cK\u00fct\u00fcphane 1957 y\u0131l\u0131nda \u015fimdiki yerine ta\u015f\u0131nm\u0131\u015ft\u0131r. Mimar Sinan taraf\u0131ndan yap\u0131lan Muradiye Cami avlusunda bulunan k\u00fct\u00fcphaneye Mimar Sinan ad\u0131 verilmesi teklif edilmi\u015f ve \u0130l Daimi Enc\u00fcmenince onaylanarak 1971 y\u0131l\u0131nda Mimar Sinan K\u00fct\u00fcphanesi ad\u0131n\u0131 alm\u0131\u015ft\u0131r. Bina Vak\u0131flar Genel M\u00fcd\u00fcrl\u00fc\u011f\u00fcne aittir, sekizgen tabanl\u0131 tek katl\u0131d\u0131r. K\u00fct\u00fcphanemizde 7 bin 636 adet kitap bulunmaktad\u0131r. Faal \u00fcye olarak 161 \u00e7ocu\u011fumuz k\u00fct\u00fcphaneden faydalanmaktad\u0131r. Bunlar\u0131n 70\u2019i erkek, 91 ise k\u0131zd\u0131r. Yaralanan ki\u015fi say\u0131s\u0131 ise 6 bin 349\u2019dur\u201d diye konu\u015ftu. Kibrit, k\u00fct\u00fcphanede bulunan \u2018K\u00fct\u00fcphanedeki K\u0131ymetli ve K\u0131ymetsiz Kitaplar\u0131n Kayd\u0131na Mahsus Defter\u2019 ad\u0131yla yer alan d\u00f6k\u00fcm defterine ise 1953 y\u0131l\u0131ndan bu yana kay\u0131t yap\u0131ld\u0131\u011f\u0131n\u0131 da s\u00f6zlerine ekledi.<\/p>\n<p style=\"text-align: justify;\">1971\u2019DE \u0130SHAK \u00c7ELEB\u0130 \u0130SM\u0130N\u0130 ALDI<\/p>\n<p style=\"text-align: justify;\">Ay\u015fin Kibrit, \u0130shak \u00c7elebi \u00c7ocuk K\u00fct\u00fcphanesi\u2019nin ise 1967 y\u0131l\u0131nda Vakvak Tekkesi\u2019nde d\u00f6rd\u00fcnc\u00fc \u00e7ocuk k\u00fct\u00fcphanesi olarak a\u00e7\u0131ld\u0131\u011f\u0131n\u0131 belirterek, \u201cBinan\u0131n giri\u015f kap\u0131s\u0131n\u0131n \u00fczerine Arap\u00e7a kitabede \u015f\u00f6yle yazmaktad\u0131r. \u20181575 senesi ekim ay\u0131n\u0131n alt\u0131nc\u0131 g\u00fcn\u00fc bu g\u00fczel t\u00fcrbe art\u0131k bitirilmi\u015ftir. Cenab\u0131 Hakk\u0131 Teala onu ayd\u0131nlats\u0131n.\u201d Bu kitabeye g\u00f6re buras\u0131n\u0131n t\u00fcrbe oldu\u011fu d\u00fc\u015f\u00fcn\u00fclmektedir ancak t\u00fcrbe mescittir. Mescide biti\u015fik olan t\u00fcrbe k\u0131sm\u0131 1965-66 y\u0131llar\u0131ndaki onar\u0131mda kald\u0131r\u0131lm\u0131\u015ft\u0131r. K\u00fct\u00fcphane 1971 y\u0131l\u0131nda \u0130shak \u00c7elebi \u00c7ocuk K\u00fct\u00fcphanesi ad\u0131n\u0131 alm\u0131\u015ft\u0131r. K\u00fct\u00fcphanemizde 7 bin 942 adet kitap bulunmaktad\u0131r. Faal \u00fcye olarak 106 \u00e7ocu\u011fumuz k\u00fct\u00fcphaneden faydalanmaktad\u0131r. Yaralanan okuyucu say\u0131s\u0131 ise bin 345\u2019tir\u201d dedi.<\/p>\n<p style=\"text-align: justify;\">Kaynak: http:\/\/www.milliyet.com.tr\/<\/p>\n","protected":false},"excerpt":{"rendered":"<p>Manisa \u0130l Halk K\u00fct\u00fcphanesi&#8217;ne ba\u011fl\u0131 tarihi Mimar Sinan ve \u0130shak \u00c7elebi \u00c7ocuk K\u00fct\u00fcphaneleri, 15 bin 308 adet farkl\u0131 kitapla Manisal\u0131 \u00e7ocuklara hizmet veriyor. 1806 y\u0131l\u0131nda Muradiye Camiinin K\u00fclliyesi i\u00e7inde Karaosmano\u011fullar\u0131&#8217;ndan H\u00fcseyin A\u011fa taraf\u0131ndan yapt\u0131r\u0131lan Mimar Sinan \u00c7ocuk K\u00fct\u00fcphanesi 200 y\u0131l\u0131 a\u015fk\u0131n bir s\u00fcredir Manisal\u0131 \u00e7ocuklar\u0131 kitapla tan\u0131\u015ft\u0131r\u0131yor. Kitapsaray olarak bilinen Manisa \u0130l Halk K\u00fct\u00fcphanesi b\u00fcnyesinde [&hellip;]<\/p>\n","protected":false},"author":1,"featured_media":0,"comment_status":"open","ping_status":"open","sticky":false,"template":"","format":"standard","meta":{"footnotes":""},"categories":[1],"tags":[],"class_list":["post-14504","post","type-post","status-publish","format-standard","hentry","category-genel"],"_links":{"self":[{"href":"https:\/\/www.bbyhaber.com\/bby\/wp-json\/wp\/v2\/posts\/14504"}],"collection":[{"href":"https:\/\/www.bbyhaber.com\/bby\/wp-json\/wp\/v2\/posts"}],"about":[{"href":"https:\/\/www.bbyhaber.com\/bby\/wp-json\/wp\/v2\/types\/post"}],"author":[{"embeddable":true,"href":"https:\/\/www.bbyhaber.com\/bby\/wp-json\/wp\/v2\/users\/1"}],"replies":[{"embeddable":true,"href":"https:\/\/www.bbyhaber.com\/bby\/wp-json\/wp\/v2\/comments?post=14504"}],"version-history":[{"count":0,"href":"https:\/\/www.bbyhaber.com\/bby\/wp-json\/wp\/v2\/posts\/14504\/revisions"}],"wp:attachment":[{"href":"https:\/\/www.bbyhaber.com\/bby\/wp-json\/wp\/v2\/media?parent=14504"}],"wp:term":[{"taxonomy":"category","embeddable":true,"href":"https:\/\/www.bbyhaber.com\/bby\/wp-json\/wp\/v2\/categories?post=14504"},{"taxonomy":"post_tag","embeddable":true,"href":"https:\/\/www.bbyhaber.com\/bby\/wp-json\/wp\/v2\/tags?post=14504"}],"curies":[{"name":"wp","href":"https:\/\/api.w.org\/{rel}","templated":true}]}}