{"id":14465,"date":"2014-08-15T09:28:03","date_gmt":"2014-08-15T06:28:03","guid":{"rendered":"http:\/\/www.bbyhaber.com\/bby\/?p=14465"},"modified":"2014-08-15T16:22:41","modified_gmt":"2014-08-15T13:22:41","slug":"milli-kutuphaneden-sonra-en-buyuk-kutuphane-sivas","status":"publish","type":"post","link":"https:\/\/www.bbyhaber.com\/bby\/2014\/08\/15\/milli-kutuphaneden-sonra-en-buyuk-kutuphane-sivas","title":{"rendered":"Milli K\u00fct\u00fcphaneden sonra en b\u00fcy\u00fck k\u00fct\u00fcphane-Sivas"},"content":{"rendered":"<p style=\"text-align: justify;\"><img loading=\"lazy\" decoding=\"async\" class=\"alignleft\" src=\"http:\/\/www.sivasirade.com\/Images\/haberler\/sivasa-dev-kutuphane.jpg\" alt=\"\" width=\"284\" height=\"144\" \/>K\u00fclt\u00fcr ve Turizm Bakanl\u0131\u011f\u0131 M\u00fcste\u015far Yard\u0131mc\u0131s\u0131 Nihat G\u00fcl, Sivas\u2019ta \u0130stasyon Caddesi \u00fczerindeki eski TEKEL binas\u0131 alan\u0131nda in\u015fa edilen \u0130l Halk K\u00fct\u00fcphanesi in\u015faat\u0131n\u0131 inceledi. G\u00fcl\u2019e, Sivas \u0130l \u00d6zel \u0130daresi Genel Sekreteri ve Vali Yard\u0131mc\u0131s\u0131 Salih Ayhan, \u0130l K\u00fclt\u00fcr ve Turizm M\u00fcd\u00fcr\u00fc Kadir P\u00fcrl\u00fc, \u00c7evre ve \u015eehircilik \u0130l M\u00fcd\u00fcr\u00fc Kemal \u00d6zdemir ve di\u011fer yetkililer de e\u015flik etti. Burada bas\u0131n mensuplar\u0131na a\u00e7\u0131klama yapan G\u00fcl, uzun ve tart\u0131\u015fmal\u0131 bir s\u00fcrecin ard\u0131ndan in\u015faat \u00e7al\u0131\u015fmalar\u0131n\u0131n t\u00fcm h\u0131z\u0131yla devam etti\u011fini belirterek, binay\u0131 gelecek y\u0131l Mart ay\u0131ndaki K\u00fct\u00fcphane Haftas\u0131\u2019nda hizmete a\u00e7mak istediklerini s\u00f6yledi.<!--more--><\/p>\n<p style=\"text-align: justify;\"><strong>\u201cS\u0130VAS\u2019IN SEMBOL ESERLER\u0130NDEN B\u0130R TANES\u0130 OLACAK\u201d<\/strong><\/p>\n<p style=\"text-align: justify;\">Binan\u0131n kaba in\u015faat\u0131n\u0131n y\u0131l sonuna kadar tamamlanaca\u011f\u0131n\u0131 belirten G\u00fcl, bina tamamland\u0131\u011f\u0131nda Sivas\u2019\u0131n sembol eserlerinden bir tanesi olaca\u011f\u0131n\u0131n alt\u0131n\u0131 \u00e7izdi. \u00c7e\u015fitli nedenlerden dolay\u0131 gecikmeler ya\u015fand\u0131\u011f\u0131n\u0131 belirten G\u00fcl, bina i\u00e7in \u00e7ok \u00f6zel bir proje \u00e7izildi\u011fini de kaydetti.<\/p>\n<p style=\"text-align: justify;\">G\u00fcl, \u015fu ifadeleri kulland\u0131:<\/p>\n<p style=\"text-align: justify;\">\u201cBu binan\u0131n uzun bir hik\u00e2yesi var fakat sonucunda da ba\u015fta Say\u0131n Bakan\u0131m\u0131z \u0130smet Y\u0131lmaz Bey olmak \u00fczere biz bu yat\u0131r\u0131m\u0131n, bu k\u00fclt\u00fcr binas\u0131n\u0131n yap\u0131m\u0131 i\u00e7in \u00fczerinde durduk, \u0131srarl\u0131 olduk ve \u00f6nceki y\u0131l ihalesi yap\u0131ld\u0131 ve in\u015faat\u0131 ba\u015flad\u0131. K\u0131\u015f d\u00f6nemi ve de\u011finmek istedi\u011fim ba\u015fka sorunlar vesilesiyle biraz gecikmeli de olsa bu y\u0131lsonu itibariyle binam\u0131z\u0131n kaba in\u015faat\u0131 bitmi\u015f olacak. M\u00fcteahhidimizin bize vermi\u015f oldu\u011fu taahh\u00fct o y\u00f6nde. Daha sonraki d\u00f6nemde de in\u015fallah tefri\u015fat\u0131n\u0131 \u0130l \u00d6zel \u0130daremizle birlikte bakanl\u0131\u011f\u0131m\u0131z yapacak. Mart ay\u0131n\u0131n son haftas\u0131 bildi\u011finiz gibi k\u00fct\u00fcphane haftas\u0131. O hafta i\u00e7erisinde de hem ilimize hem de \u00fclkemize \u00f6nemli bir eser kazand\u0131racak olman\u0131n hazz\u0131yla ve say\u0131n bakan\u0131m\u0131z\u0131n da kat\u0131l\u0131m\u0131yla k\u00fct\u00fcphanemizi a\u00e7aca\u011f\u0131z in\u015fallah.<\/p>\n<p style=\"text-align: justify;\">Biz hep \u015funu iddia ettik, K\u00fct\u00fcphane binam\u0131z Sivas\u2019\u0131m\u0131z\u0131n sembol binalar\u0131ndan biri olacak. Yap\u0131ld\u0131\u011f\u0131nda hep birlikte g\u00f6rece\u011fiz. Bir il tan\u0131t\u0131laca\u011f\u0131 zaman belirli binalar\u0131n resimleri \u00e7ekilir, g\u00f6r\u00fcnt\u00fcleri al\u0131n\u0131r ve onlar kullan\u0131l\u0131r. Bu Cumhuriyet d\u00f6nemi eseri fakat Sivas\u2019\u0131m\u0131z\u0131n Sel\u00e7uklulardan, Osmanl\u0131lardan kalma tarihi binalar\u0131n\u0131n yan\u0131nda onlara yard\u0131mc\u0131 olmak \u00fczere Sivas\u2019\u0131m\u0131z\u0131n sembol eserlerinden biri olaca\u011f\u0131na inan\u0131yoruz. Biz sadece k\u00fct\u00fcphane binas\u0131 yapmay\u0131 d\u00fc\u015f\u00fcnmedik, Sivas\u2019\u0131m\u0131z\u0131n marka de\u011ferine de\u011fer katacak bir bina olsun istedik. O ama\u00e7la da \u00e7ok \u00f6zel bir proje \u00e7izildi.\u201d<\/p>\n<p style=\"text-align: justify;\"><strong>\u201cM\u0130LL\u0130 K\u00dcT\u00dcPHANE\u2019DEN SONRA EN B\u00dcY\u00dcK K\u00dcT\u00dcPHANE\u201d<\/strong><\/p>\n<p style=\"text-align: justify;\">Sivas\u2019ta in\u015fa edilen K\u00fct\u00fcphane binas\u0131n\u0131n \u00f6l\u00e7\u00fcleri ve kapasitesi itibariyle Cumhuriyet d\u00f6neminde yap\u0131lan k\u00fct\u00fcphane binalar\u0131 i\u00e7erisinde Milli K\u00fct\u00fcphane\u2019den sonraki en b\u00fcy\u00fck k\u00fct\u00fcphane binas\u0131 olaca\u011f\u0131n\u0131 belirten G\u00fcl, binada ayn\u0131 zamanda \u00e7e\u015fitli sanatsal faaliyetler ger\u00e7ekle\u015ftirilebilece\u011fini s\u00f6yledi.<\/p>\n<p style=\"text-align: justify;\">G\u00fcl, \u201cBinam\u0131z Cumhuriyet d\u00f6neminde yap\u0131lan k\u00fct\u00fcphane binalar\u0131 i\u00e7erisinde \u00f6l\u00e7\u00fcleri ve kapasitesi itibariyle Milli K\u00fct\u00fcphane\u2019den sonraki en b\u00fcy\u00fck k\u00fct\u00fcphane binas\u0131. <strong>8 bin k\u00fcsur metrekare kapal\u0131 alan\u0131 var<\/strong>. 800 ki\u015fiyi a\u015fk\u0131n bir vatanda\u015f\u0131m\u0131z, \u00f6\u011frencimiz buradan ayn\u0131 anda yararlanabilecek. Bir ihtiya\u00e7 halinde kapasite art\u0131r\u0131m\u0131 yap\u0131larak 1000 ki\u015fiye \u00e7\u0131kar\u0131labilecek. Bina i\u00e7erisinde sadece k\u00fct\u00fcphane hizmetleri verilmeyecek. Ayn\u0131 zamanda sanatsal faaliyetler de yap\u0131lacak. Bir sanat galerisi olacak ve orada g\u00f6rsel sanatlara ili\u015fkin etkinlikler yapabilece\u011fiz. Binam\u0131zda ayr\u0131ca k\u00fc\u00e7\u00fck bir konferans salonu olacak, burada k\u00fc\u00e7\u00fck \u00e7apl\u0131, konferans, panel, m\u00fczik dinletisi gibi etkinlikler yap\u0131labilecek. B\u00fct\u00fcn bu hizmetler binan\u0131n k\u00fct\u00fcphane olarak hizmet vermesine engel olmayacak \u015fekilde dizayn edildi. Ses yal\u0131t\u0131m\u0131 ve di\u011fer hususlar ona g\u00f6re projelendirildi\u201d dedi.<\/p>\n<p style=\"text-align: justify;\">Ayhan ise k\u00fct\u00fcphane binas\u0131n\u0131n yap\u0131m\u0131nda eme\u011fi ge\u00e7enlere te\u015fekk\u00fcr ederek, &#8220;Kaba ve fiziki y\u00f6n\u00fc so\u011fuk bir bina g\u00f6z\u00fck\u00fcyor ama 1 y\u0131l sonra buras\u0131 sempatik, g\u00f6ze ho\u015f, herkesin foto\u011fraf\u0131n\u0131 \u00e7ekebilece\u011fi g\u00fczel, tarihi ve k\u00fclt\u00fcr binas\u0131 olacak. K\u00fct\u00fcphane kavram\u0131 tam olarak buray\u0131 ifade etmiyor, buras\u0131 \u00e7ok ama\u00e7l\u0131 bir bina olacak&#8221; ifadelerini kulland\u0131.<\/p>\n<p style=\"text-align: justify;\">\u0130l \u00d6zel \u0130daresi Genel Sekreteri ve Vali Yard\u0131mc\u0131s\u0131 Salih Ayhan ise yapt\u0131\u011f\u0131 k\u0131sa de\u011ferlendirmede, \u201cBu binan\u0131n bu noktaya gelmesinde Nihat Bey\u2019in ciddi bir eme\u011fi var. \u00c7evre ve \u015eehircilik \u0130l M\u00fcd\u00fcrl\u00fc\u011f\u00fcm\u00fcz, K\u00fclt\u00fcr M\u00fcd\u00fcrl\u00fc\u011f\u00fcm\u00fcz ve Bakan\u0131m\u0131z\u0131n koordinesi ile hizmeti devam ettiriyoruz. \u015euan kaba ve fiziki y\u00f6n\u00fc so\u011fuk bir bina g\u00f6r\u00fcn\u00fcyor ama bir y\u0131l sonra, g\u00f6ze ho\u015f g\u00f6r\u00fcnen herkesin \u00f6n\u00fcnde foto\u011fraf \u00e7ektirece\u011fi g\u00fczel bir bina olacak. Burada \u00e7ok ama\u00e7l\u0131, i\u00e7erisinde bir\u00e7ok \u015feyin olaca\u011f\u0131 \u00e7ok ama\u00e7l\u0131 bir bina olacak\u201d \u015feklinde konu\u015ftu.<\/p>\n<p style=\"text-align: justify;\">G\u00fcl ve beraberindekiler daha sonra in\u015faat alan\u0131nda incelemede bulundu. G\u00fcl, in\u015faat \u00e7al\u0131\u015fmalar\u0131 hakk\u0131nda yetkililerden bilgi ald\u0131.<\/p>\n<p style=\"text-align: justify;\">Kaynak: http:\/\/www.sivasirade.com\/<\/p>\n","protected":false},"excerpt":{"rendered":"<p>K\u00fclt\u00fcr ve Turizm Bakanl\u0131\u011f\u0131 M\u00fcste\u015far Yard\u0131mc\u0131s\u0131 Nihat G\u00fcl, Sivas\u2019ta \u0130stasyon Caddesi \u00fczerindeki eski TEKEL binas\u0131 alan\u0131nda in\u015fa edilen \u0130l Halk K\u00fct\u00fcphanesi in\u015faat\u0131n\u0131 inceledi. G\u00fcl\u2019e, Sivas \u0130l \u00d6zel \u0130daresi Genel Sekreteri ve Vali Yard\u0131mc\u0131s\u0131 Salih Ayhan, \u0130l K\u00fclt\u00fcr ve Turizm M\u00fcd\u00fcr\u00fc Kadir P\u00fcrl\u00fc, \u00c7evre ve \u015eehircilik \u0130l M\u00fcd\u00fcr\u00fc Kemal \u00d6zdemir ve di\u011fer yetkililer de e\u015flik etti. [&hellip;]<\/p>\n","protected":false},"author":1,"featured_media":0,"comment_status":"open","ping_status":"open","sticky":false,"template":"","format":"standard","meta":{"footnotes":""},"categories":[1],"tags":[],"class_list":["post-14465","post","type-post","status-publish","format-standard","hentry","category-genel"],"_links":{"self":[{"href":"https:\/\/www.bbyhaber.com\/bby\/wp-json\/wp\/v2\/posts\/14465"}],"collection":[{"href":"https:\/\/www.bbyhaber.com\/bby\/wp-json\/wp\/v2\/posts"}],"about":[{"href":"https:\/\/www.bbyhaber.com\/bby\/wp-json\/wp\/v2\/types\/post"}],"author":[{"embeddable":true,"href":"https:\/\/www.bbyhaber.com\/bby\/wp-json\/wp\/v2\/users\/1"}],"replies":[{"embeddable":true,"href":"https:\/\/www.bbyhaber.com\/bby\/wp-json\/wp\/v2\/comments?post=14465"}],"version-history":[{"count":0,"href":"https:\/\/www.bbyhaber.com\/bby\/wp-json\/wp\/v2\/posts\/14465\/revisions"}],"wp:attachment":[{"href":"https:\/\/www.bbyhaber.com\/bby\/wp-json\/wp\/v2\/media?parent=14465"}],"wp:term":[{"taxonomy":"category","embeddable":true,"href":"https:\/\/www.bbyhaber.com\/bby\/wp-json\/wp\/v2\/categories?post=14465"},{"taxonomy":"post_tag","embeddable":true,"href":"https:\/\/www.bbyhaber.com\/bby\/wp-json\/wp\/v2\/tags?post=14465"}],"curies":[{"name":"wp","href":"https:\/\/api.w.org\/{rel}","templated":true}]}}