{"id":14460,"date":"2014-08-15T09:13:45","date_gmt":"2014-08-15T06:13:45","guid":{"rendered":"http:\/\/www.bbyhaber.com\/bby\/?p=14460"},"modified":"2014-08-15T09:14:13","modified_gmt":"2014-08-15T06:14:13","slug":"dursunbeyde-parklara-mini-kutuphane","status":"publish","type":"post","link":"https:\/\/www.bbyhaber.com\/bby\/2014\/08\/15\/dursunbeyde-parklara-mini-kutuphane","title":{"rendered":"Dursunbey&#8217;de parklara mini k\u00fct\u00fcphane"},"content":{"rendered":"<p style=\"text-align: justify;\"><a href=\"http:\/\/www.bbyhaber.com\/bby\/wp-content\/uploads\/2014\/04\/dursunbey-park-kitaplik.jpg\"><img loading=\"lazy\" decoding=\"async\" class=\"alignleft\" src=\"http:\/\/www.bbyhaber.com\/bby\/wp-content\/uploads\/2014\/04\/dursunbey-park-kitaplik.jpg\" alt=\"\" width=\"268\" height=\"154\" \/><\/a>Dursunbey\u2019de \u0130l\u00e7e Halk K\u00fct\u00fcphanesinin projesi olan &#8216;Mini K\u00fct\u00fcphane&#8217; isimli projeyi Dursunbey Belediyesi hayata ge\u00e7irmi\u015f kitapl\u0131klar ge\u00e7ti\u011fimiz hafta itibariyle il\u00e7ede bulunan \u00e7e\u015fitli parklara yerle\u015ftirilmi\u015fti. Halk aras\u0131nda Okuma al\u0131\u015fkanl\u0131\u011f\u0131n\u0131 artt\u0131rmak amac\u0131 ile ger\u00e7ekle\u015ftirilen bu projenin a\u00e7\u0131l\u0131\u015f\u0131 da bug\u00fcn ger\u00e7ekle\u015fti. A\u00e7\u0131l\u0131\u015fa Dursunbey Kaymakam\u0131 Ya\u015far Aksanyar, Belediye Ba\u015fkan\u0131m\u0131z Ramazan Bah\u00e7avan, \u0130l K\u00fclt\u00fcr ve Turizm M\u00fcd\u00fcr\u00fc Mustafa \u00c7alt\u0131, \u0130l\u00e7e Milli E\u011fitim M\u00fcd\u00fcr\u00fc \u00dcmit G\u00f6kdemir, \u0130l\u00e7e Emniyet M\u00fcd\u00fcr\u00fc Erol Akar, \u00e7e\u015fitli kurum ve kurulu\u015flardan yetkililer ile \u00f6\u011frenciler kat\u0131ld\u0131.<!--more--><\/p>\n<p style=\"text-align: justify;\">A\u00e7\u0131l\u0131\u015f konu\u015fmas\u0131n\u0131 yapan \u0130l\u00e7e Halk K\u00fct\u00fcphanesi sorumlusu Ahmet Karako\u00e7 , &#8220;Mini K\u00fct\u00fcphane projemiz halk\u0131m\u0131z\u0131 kitap okumaya te\u015fvik etmek, yayg\u0131nla\u015ft\u0131rmak, fark\u0131ndal\u0131k olu\u015fturmak ve okuyan bir toplum haline gelmeyi ama\u00e7lamakt\u0131r. Bu projeye destek olan Dursunbey Kaymakaml\u0131\u011f\u0131m\u0131za, Belediyemize te\u015fekk\u00fcr ediyorum. Halk\u0131m\u0131z\u0131n bu k\u00fct\u00fcphanelerden mutlaka faydalanmas\u0131n\u0131 diliyorum&#8221; dedi. Karako\u00e7\u2019un ard\u0131ndan s\u00f6z alan \u0130l K\u00fclt\u00fcr M\u00fcd\u00fcr\u00fc Mustafa \u00c7alt\u0131 ise Bu projenin \u00f6rnek bir proje oldu\u011funu belirterek Bal\u0131kesir ve \u0130l\u00e7elerinde de bu projeyi uygulamay\u0131 d\u00fc\u015f\u00fcnd\u00fcklerini belirtti. Eme\u011fi ge\u00e7enlere te\u015fekk\u00fcr eden \u00c7alt\u0131, Okuma al\u0131\u015fkanl\u0131\u011f\u0131n\u0131n toplum d\u00fczeyinde artt\u0131r\u0131lmas\u0131 i\u00e7in tasarlanm\u0131\u015f bu projenin mimarlar\u0131na da te\u015fekk\u00fcr etti.<\/p>\n<p style=\"text-align: justify;\">Son olarak s\u00f6z alan Dursunbey Kaymakam\u0131 Ya\u015far Aksanyar, Kitap okuma al\u0131\u015fkanl\u0131\u011f\u0131n\u0131n insan hayat\u0131 i\u00e7in bir \u0131\u015f\u0131k kayna\u011f\u0131 oldu\u011funu, bu sebeple okuma al\u0131\u015fkanl\u0131\u011f\u0131n\u0131n y\u00fcksek oldu\u011fu toplumlar\u0131n geli\u015fmi\u015flik seviyesinin de y\u00fcksek oldu\u011funa vurgu yapt\u0131. \u0130l\u00e7e halk k\u00fct\u00fcphanesinin zaman zaman yapt\u0131\u011f\u0131 okuma etkinliklerine kat\u0131ld\u0131\u011f\u0131n\u0131 belirten Aksanyar, Bu projenin okuma al\u0131\u015fkanl\u0131\u011f\u0131na y\u00f6nlendirmek i\u00e7in bir ara\u00e7 oldu\u011funa vurgu yapt\u0131. Vatanda\u015flar\u0131n bu k\u00fct\u00fcphanelerden kitap okumak i\u00e7in her zman kitap alabileceklerini s\u00f6yleyen Aksanyar, Kitap alan vatanda\u015flar\u0131n ald\u0131klar\u0131 kitab\u0131n yan\u0131 s\u0131ra farkl\u0131 kitaplar\u0131 da bu k\u00fct\u00fcphanelere getirmelerini istedi. Projenin bir ad\u0131n\u0131 da \u2018Al G\u00f6t\u00fcr, Oku Getir\u2019 olarak adland\u0131ran Kaymakam Dursunbey belediye Ba\u015fkan\u0131 Ramazan Bah\u00e7avan ve \u0130l\u00e7e Halk K\u00fct\u00fcphanesi yetkililerine de te\u015fekk\u00fcr etti.<\/p>\n<p style=\"text-align: justify;\">Kesilen kurdelenin ard\u0131ndan Trafik \u015eube M\u00fcd\u00fcr\u00fc Komiser Fatih Alada\u011f taraf\u0131ndan Yunus Emre\u2019den Se\u00e7meler imli kitaptan beiy okundu. Program\u0131n sonunda ise Dursunbey Belediye Ba\u015fkan\u0131 Ramazan Bah\u00e7aan K\u00fct\u00fcphaneden bir kitap alarak onlarca Kitab\u0131 bu k\u00fct\u00fcphaneye kazand\u0131rd\u0131.<\/p>\n<p style=\"text-align: justify;\">Kaynak: http:\/\/www.dursunbey.bel.tr<\/p>\n","protected":false},"excerpt":{"rendered":"<p>Dursunbey\u2019de \u0130l\u00e7e Halk K\u00fct\u00fcphanesinin projesi olan &#8216;Mini K\u00fct\u00fcphane&#8217; isimli projeyi Dursunbey Belediyesi hayata ge\u00e7irmi\u015f kitapl\u0131klar ge\u00e7ti\u011fimiz hafta itibariyle il\u00e7ede bulunan \u00e7e\u015fitli parklara yerle\u015ftirilmi\u015fti. Halk aras\u0131nda Okuma al\u0131\u015fkanl\u0131\u011f\u0131n\u0131 artt\u0131rmak amac\u0131 ile ger\u00e7ekle\u015ftirilen bu projenin a\u00e7\u0131l\u0131\u015f\u0131 da bug\u00fcn ger\u00e7ekle\u015fti. A\u00e7\u0131l\u0131\u015fa Dursunbey Kaymakam\u0131 Ya\u015far Aksanyar, Belediye Ba\u015fkan\u0131m\u0131z Ramazan Bah\u00e7avan, \u0130l K\u00fclt\u00fcr ve Turizm M\u00fcd\u00fcr\u00fc Mustafa \u00c7alt\u0131, \u0130l\u00e7e Milli [&hellip;]<\/p>\n","protected":false},"author":1,"featured_media":0,"comment_status":"open","ping_status":"open","sticky":false,"template":"","format":"standard","meta":{"footnotes":""},"categories":[1,1504],"tags":[],"class_list":["post-14460","post","type-post","status-publish","format-standard","hentry","category-genel","category-sokak-kutuphaneleri"],"_links":{"self":[{"href":"https:\/\/www.bbyhaber.com\/bby\/wp-json\/wp\/v2\/posts\/14460"}],"collection":[{"href":"https:\/\/www.bbyhaber.com\/bby\/wp-json\/wp\/v2\/posts"}],"about":[{"href":"https:\/\/www.bbyhaber.com\/bby\/wp-json\/wp\/v2\/types\/post"}],"author":[{"embeddable":true,"href":"https:\/\/www.bbyhaber.com\/bby\/wp-json\/wp\/v2\/users\/1"}],"replies":[{"embeddable":true,"href":"https:\/\/www.bbyhaber.com\/bby\/wp-json\/wp\/v2\/comments?post=14460"}],"version-history":[{"count":0,"href":"https:\/\/www.bbyhaber.com\/bby\/wp-json\/wp\/v2\/posts\/14460\/revisions"}],"wp:attachment":[{"href":"https:\/\/www.bbyhaber.com\/bby\/wp-json\/wp\/v2\/media?parent=14460"}],"wp:term":[{"taxonomy":"category","embeddable":true,"href":"https:\/\/www.bbyhaber.com\/bby\/wp-json\/wp\/v2\/categories?post=14460"},{"taxonomy":"post_tag","embeddable":true,"href":"https:\/\/www.bbyhaber.com\/bby\/wp-json\/wp\/v2\/tags?post=14460"}],"curies":[{"name":"wp","href":"https:\/\/api.w.org\/{rel}","templated":true}]}}