{"id":14454,"date":"2014-08-14T15:44:02","date_gmt":"2014-08-14T12:44:02","guid":{"rendered":"http:\/\/www.bbyhaber.com\/bby\/?p=14454"},"modified":"2014-08-14T16:12:26","modified_gmt":"2014-08-14T13:12:26","slug":"oyp-lisansustu-egitim-kontenjanlari-aciklandi","status":"publish","type":"post","link":"https:\/\/www.bbyhaber.com\/bby\/2014\/08\/14\/oyp-lisansustu-egitim-kontenjanlari-aciklandi","title":{"rendered":"\u00d6YP lisans\u00fcst\u00fc e\u011fitim kontenjanlar\u0131 a\u00e7\u0131kland\u0131"},"content":{"rendered":"<p style=\"text-align: justify;\"><img loading=\"lazy\" decoding=\"async\" class=\"alignleft\" src=\"http:\/\/www.bbyhaber.com\/bby\/wp-content\/uploads\/dosyalar\/oyp\/resimler\/bby-oyp.jpg\" alt=\"\" width=\"153\" height=\"153\" \/>\u00d6\u011fretim \u00dcyesi Yeti\u015ftirme Program\u0131na (\u00d6YP) \u0130li\u015fkin Esas ve Usuller kapsam\u0131nda <span style=\"color: #ff0000;\"><strong>atanan ara\u015ft\u0131rma g\u00f6revlilerinin<\/strong><\/span> <strong><span style=\"color: #0000ff;\">lisans\u00fcst\u00fc e\u011fitim yapabilecekleri<\/span> \u00fcniversiteler ile kontenjanlar\u0131<\/strong> a\u00e7\u0131klanm\u0131\u015ft\u0131r. \u00d6YP Bilgi ve Belge Y\u00f6netimi i\u00e7in <strong>12 adet kontenjan<\/strong> a\u00e7\u0131lm\u0131\u015ft\u0131r:<!--more--><\/p>\n<table style=\"width: 310px;\" border=\"1\" cellspacing=\"0\" cellpadding=\"0\">\n<tbody>\n<tr>\n<td><strong>\u00dcN\u0130VERS\u0130TE<\/strong><\/td>\n<td><strong>KONTENJAN<\/strong><\/td>\n<td><strong>T\u00dcR<\/strong><\/td>\n<\/tr>\n<tr>\n<td>ATAT\u00dcRK \u00dcN\u0130VERS\u0130TES\u0130<\/td>\n<td>\n<p style=\"text-align: center;\"><span style=\"color: #ff0000;\"><strong>2<\/strong><\/span><\/p>\n<\/td>\n<td><span style=\"color: #0000ff;\">Y\u00fcksek Lisans<\/span><\/td>\n<\/tr>\n<tr>\n<td>MARMARA\u00a0\u00dcN\u0130VERS\u0130TES\u0130<\/td>\n<td>\n<p style=\"text-align: center;\"><strong><span style=\"color: #ff0000;\">5<\/span><\/strong><\/p>\n<\/td>\n<td><span style=\"color: #0000ff;\">Y\u00fcksek Lisans<\/span><\/td>\n<\/tr>\n<tr>\n<td>\u0130STANBUL \u00dcN\u0130VERS\u0130TES\u0130<\/td>\n<td>\n<p style=\"text-align: center;\"><strong><span style=\"color: #ff0000;\">5<\/span><\/strong><\/p>\n<\/td>\n<td><span style=\"color: #800080;\">Doktora<\/span><\/td>\n<\/tr>\n<\/tbody>\n<\/table>\n<p style=\"text-align: justify;\"><strong>\u00d6YP 2014 G\u00dcZ L\u0130SANS\u00dcST\u00dc E\u011e\u0130T\u0130M KONTENJANLARI<\/strong><\/p>\n<p style=\"text-align: justify;\">&#8220;\u00d6\u011fretim \u00dcyesi Yeti\u015ftirme\u00a0Program\u0131na \u0130li\u015fkin Esas ve Usuller&#8221; kapsam\u0131nda,\u00a02547 say\u0131l\u0131\u00a0Kanun&#8217;un 33\/a maddesi atanan ara\u015ft\u0131rma g\u00f6revlilerinden yabanc\u0131 dil puan\u0131 65 ve \u00fcst\u00fcnde olanlar\u0131n lisans\u00fcst\u00fc e\u011fitim yapabilmesi i\u00e7in,<\/p>\n<p style=\"text-align: justify;\"><strong>1.\u00a0<\/strong>Lisans\u00fcst\u00fc e\u011fitim yap\u0131lacak \u00fcniversitelere verilecek kontenjanlarda, baz\u0131 alanlar\u0131n b\u00f6l\u00fcm baz\u0131nda baz\u0131 alanlar\u0131n ise anabilim dal\u0131 baz\u0131nda de\u011ferlendirilmesi ve s\u00f6z konusu programlara ait kontenjanlar\u0131n 2014 G\u00fcz d\u00f6neminde lisans\u00fcst\u00fc e\u011fitime ba\u015flamak \u00fczere Ek:1&#8217;de belirtilen \u00fcniversitelere tahsis edilmesi,<\/p>\n<p style=\"text-align: justify;\"><strong>2.\u00a0<\/strong>\u00d6zel yetenek s\u0131nav\u0131yla lisans\u00fcst\u00fc e\u011fitime \u00f6\u011frenci kabul eden anabilim dallar\u0131 i\u00e7in ilgili y\u00fcksek\u00f6\u011fretim kurumunca \u00f6zel yetenek s\u0131nav\u0131 yap\u0131laca\u011f\u0131ndan; de\u011ferlendirme ve yerle\u015ftirmenin adaylar\u0131n \u00d6YP puan\u0131n\u0131n % 75&#8217;i ve ilgili y\u00fcksek\u00f6\u011fretim kurumunca yap\u0131lan \u00f6zel yetenek s\u0131nav\u0131n\u0131n % 25&#8217;i hesaplanarak yap\u0131lmas\u0131 ve s\u00f6z konusu programlara ait kontenjanlar\u0131n 2014 G\u00fcz d\u00f6neminde lisans\u00fcst\u00fc e\u011fitime ba\u015flamak \u00fczere Ek:2&#8217;de belirtilen \u00fcniversitelere tahsis edilmesi,<\/p>\n<p style=\"text-align: justify;\"><strong>3.\u00a0<\/strong>Lisans\u00fcst\u00fc e\u011fitim i\u00e7in ba\u015fvuru yapacaklar\u0131n \u00dcDS, KPDS, YDS veya e\u015fde\u011ferlili\u011fi \u00d6SYM taraf\u0131ndan belirlenen yabanc\u0131 dil s\u0131navlar\u0131ndan birinden en az 65 puan; ALES&#8217;ten ise son 3 y\u0131l i\u00e7inde en az 70 puan alm\u0131\u015f olmalar\u0131, (2011 G\u00fcz)<\/p>\n<p style=\"text-align: justify;\"><strong>4.\u00a0<\/strong>\u00d6YP kapsam\u0131nda Y\u00fcksek lisans e\u011fitimini tamamlayanlar\u0131n, y\u00fcksek lisans e\u011fitimi ald\u0131klar\u0131 \u00fcniversitelerde doktora e\u011fitimi yoksa veya var olan doktora programlar\u0131 i\u00e7in kendilerinden istenilen \u015fartlar\u0131 yerine getiremiyorlarsa Ba\u015fkanl\u0131\u011f\u0131m\u0131zca ilan edilen kontenjanlara ba\u015fvurabilmeleri,<\/p>\n<p style=\"text-align: justify;\"><strong>5.\u00a0<\/strong>Ayn\u0131 b\u00f6l\u00fcmde olmak kayd\u0131yla atand\u0131klar\u0131 anabilim dal\u0131 d\u0131\u015f\u0131ndaki bir anabilim dal\u0131na ba\u015fvuracak ara\u015ft\u0131rma g\u00f6revlilerinin, ba\u015fvurudan \u00f6nce atand\u0131klar\u0131 Y\u00fcksek\u00f6\u011fretim Kurumunun onay\u0131n\u0131 almalar\u0131,<\/p>\n<p style=\"text-align: justify;\"><strong>6.\u00a0<\/strong>2014 Temmuz ay\u0131nda Ba\u015fkanl\u0131\u011f\u0131m\u0131zca yap\u0131lan yerle\u015ftirme sonucu atanmaya hak kazanan adaylardan, atama i\u015flemleri devam edenlerin bu kontenjanlara\u00a0<strong>ba\u015fvurabilmeleri ancak atama i\u015flemleri tamamlanmadan lisans\u00fcst\u00fc e\u011fitime ba\u015flayamayacaklar\u0131,<\/strong><\/p>\n<p style=\"text-align: justify;\"><strong>7.\u00a0<\/strong>Atand\u0131klar\u0131 y\u00fcksek\u00f6\u011fretim kurumunda lisans\u00fcst\u00fc e\u011fitim yapan \u00d6YP ara\u015ft\u0131rma g\u00f6revlilerinin bu kontenjanlara\u00a0<strong>ba\u015fvurmamalar\u0131<\/strong>,<\/p>\n<p style=\"text-align: justify;\"><strong>8.\u00a0<\/strong>&#8220;\u00d6\u011fretim \u00dcyesi Yeti\u015ftirme Program\u0131na \u0130li\u015fkin Esas ve Usuller&#8221;in 9. maddesinin 12. F\u0131kras\u0131nda belirtilen &#8220;\u00d6\u011fretim \u00fcyesi yeti\u015ftirmek amac\u0131yla \u00f6\u011fretim eleman\u0131 temininde g\u00fc\u00e7l\u00fck \u00e7ekilen alanlarda y\u00fcksek\u00f6\u011fretim kurumlar\u0131 taraf\u0131ndan lisans\u00fcst\u00fc e\u011fitim programlar\u0131n\u0131n a\u00e7\u0131lmas\u0131 hususunda Y\u00fcr\u00fctme Kurulu gerekli tedbirleri al\u0131r.&#8221; h\u00fckm\u00fc uyar\u0131nca, \u00d6\u011fretim \u00fcyesi yetersizli\u011fi nedeniyle a\u00e7\u0131lamayan baz\u0131 lisans\u00fcst\u00fc e\u011fitim programlar\u0131nda \u00d6YP kapsam\u0131nda ara\u015ft\u0131rma g\u00f6revlisi yeti\u015ftirilmesinin, s\u00f6z konusu programlarda e\u011fitim verilebilmesi i\u00e7in ili\u015fkili alanlardan \u00f6\u011fretim \u00fcyesi g\u00f6revlendirilebilmesi,<\/p>\n<p style=\"text-align: justify;\"><strong>9.\u00a0<\/strong>&#8220;G\u00f6rsel \u0130leti\u015fim Tasar\u0131m\u0131&#8221; anabilim dal\u0131na atanan ara\u015ft\u0131rma g\u00f6revlilerinin, bu alanda lisans\u00fcst\u00fc e\u011fitim program\u0131 bulunmad\u0131\u011f\u0131ndan, lisans\u00fcst\u00fc e\u011fitimlerini &#8220;Grafik&#8221;, &#8220;Resim&#8221;, &#8220;Medya Tasar\u0131m\u0131&#8221; veya &#8220;\u0130leti\u015fim Tasar\u0131m\u0131 ve Y\u00f6netimi&#8221; alan\u0131nda s\u00fcrd\u00fcrebilmeleri,<\/p>\n<p style=\"text-align: justify;\"><strong>10.\u00a0<\/strong>Ek:1&#8217;de ilan edilen lisans\u00fcst\u00fc programlar i\u00e7in tercih i\u015flemlerinin, 14.08.2014 &#8211; 18.08.2014 (saat 17:30) tarihleri aras\u0131nda Ba\u015fkanl\u0131\u011f\u0131m\u0131z resmi internet sitesi \u00fczerinden; Ek:2&#8217;de ilan edilen lisans\u00fcst\u00fc programlar i\u00e7in ise ba\u015fvurular\u0131n ilgili \u00fcniversitelerin ba\u015fvuru ve s\u0131nav i\u00e7in belirleyece\u011fi tarihlerde ilgili y\u00fcksek\u00f6\u011fretim kurumuna yap\u0131lmas\u0131 Y\u00fcr\u00fctme Kurulu&#8217;nun 07.08.2014 tarihli toplant\u0131s\u0131nda uygun bulunmu\u015ftur.<\/p>\n<p style=\"text-align: justify;\">Kaynak: https:\/\/yoksis.yok.gov.tr\/OYPUYG\/<\/p>\n","protected":false},"excerpt":{"rendered":"<p>\u00d6\u011fretim \u00dcyesi Yeti\u015ftirme Program\u0131na (\u00d6YP) \u0130li\u015fkin Esas ve Usuller kapsam\u0131nda atanan ara\u015ft\u0131rma g\u00f6revlilerinin lisans\u00fcst\u00fc e\u011fitim yapabilecekleri \u00fcniversiteler ile kontenjanlar\u0131 a\u00e7\u0131klanm\u0131\u015ft\u0131r. \u00d6YP Bilgi ve Belge Y\u00f6netimi i\u00e7in 12 adet kontenjan a\u00e7\u0131lm\u0131\u015ft\u0131r:<\/p>\n","protected":false},"author":1,"featured_media":0,"comment_status":"open","ping_status":"open","sticky":false,"template":"","format":"standard","meta":{"footnotes":""},"categories":[1547,1],"tags":[1397],"class_list":["post-14454","post","type-post","status-publish","format-standard","hentry","category-bby-oyp","category-genel","tag-bby-oyp-3"],"_links":{"self":[{"href":"https:\/\/www.bbyhaber.com\/bby\/wp-json\/wp\/v2\/posts\/14454"}],"collection":[{"href":"https:\/\/www.bbyhaber.com\/bby\/wp-json\/wp\/v2\/posts"}],"about":[{"href":"https:\/\/www.bbyhaber.com\/bby\/wp-json\/wp\/v2\/types\/post"}],"author":[{"embeddable":true,"href":"https:\/\/www.bbyhaber.com\/bby\/wp-json\/wp\/v2\/users\/1"}],"replies":[{"embeddable":true,"href":"https:\/\/www.bbyhaber.com\/bby\/wp-json\/wp\/v2\/comments?post=14454"}],"version-history":[{"count":0,"href":"https:\/\/www.bbyhaber.com\/bby\/wp-json\/wp\/v2\/posts\/14454\/revisions"}],"wp:attachment":[{"href":"https:\/\/www.bbyhaber.com\/bby\/wp-json\/wp\/v2\/media?parent=14454"}],"wp:term":[{"taxonomy":"category","embeddable":true,"href":"https:\/\/www.bbyhaber.com\/bby\/wp-json\/wp\/v2\/categories?post=14454"},{"taxonomy":"post_tag","embeddable":true,"href":"https:\/\/www.bbyhaber.com\/bby\/wp-json\/wp\/v2\/tags?post=14454"}],"curies":[{"name":"wp","href":"https:\/\/api.w.org\/{rel}","templated":true}]}}