{"id":14425,"date":"2014-08-12T16:57:41","date_gmt":"2014-08-12T13:57:41","guid":{"rendered":"http:\/\/www.bbyhaber.com\/bby\/?p=14425"},"modified":"2014-09-19T16:07:38","modified_gmt":"2014-09-19T13:07:38","slug":"tarihi-kutuphanenin-gelecegi-endise-yaratti-ali-fuat-kartal","status":"publish","type":"post","link":"https:\/\/www.bbyhaber.com\/bby\/2014\/08\/12\/tarihi-kutuphanenin-gelecegi-endise-yaratti-ali-fuat-kartal","title":{"rendered":"Tarihi k\u00fct\u00fcphanenin gelece\u011fi endi\u015fe yaratt\u0131-Ali Fuat Kartal"},"content":{"rendered":"<p style=\"text-align: justify;\"><img loading=\"lazy\" decoding=\"async\" class=\"alignleft\" src=\"http:\/\/www.emlakkulisi.com\/resim\/orjinal\/OTk2MzM4OD-adnan-otuken-il-halk-kutuphanesinin-tahsisi-maliye-bakanligina-verildi.jpg\" alt=\"\" width=\"250\" height=\"150\" \/>Bakanlar Kurulu taraf\u0131ndan verilen kararla, Ankara&#8217;n\u0131n Sara\u00e7o\u011flu Mahallesi&#8217;nde bulunan tarihi Adnan \u00d6t\u00fcken \u0130l Halk K\u00fct\u00fcphanesi&#8217;nin tahsisi K\u00fclt\u00fcr ve Turizm Bakanl\u0131\u011f\u0131&#8217;ndan al\u0131narak, Maliye Bakanl\u0131\u011f\u0131&#8217;na verildi. 5 A\u011fustos tarihli Resmi Gazete&#8217;de yay\u0131nlanan kararla, Cumhuriyet&#8217;in ilk toplu konut alan\u0131 olan Sara\u00e7o\u011flu Mahallesi&#8217;ndeki ta\u015f\u0131nmazlar\u0131n &#8216;ekonomiye kazand\u0131r\u0131lmas\u0131&#8217; i\u00e7in Maliye, \u00d6zelle\u015ftirme \u0130daresi Ba\u015fkanl\u0131\u011f\u0131 (\u00d6\u0130B) ve TOK\u0130&#8217;yi yetkili k\u0131ld\u0131.Resmi Gazete&#8217;de tahsisi kald\u0131r\u0131lan 16 yap\u0131ya yer verildi. Mahalledeki lojmanlar, il\u00e7e milli e\u011fitim m\u00fcd\u00fcrl\u00fc\u011f\u00fc, h\u00fck\u00fcmet kona\u011f\u0131 gibi yap\u0131lar\u0131n yan\u0131 s\u0131ra Adnan \u00d6t\u00fcken \u0130l Halk K\u00fct\u00fcphanesi de bu binalar aras\u0131nda yer ald\u0131.<!--more--><\/p>\n<p style=\"text-align: justify;\">SADECE K\u0130TAP \u00d6D\u00dcN\u00c7 VERME KISMI A\u00c7IK<\/p>\n<p style=\"text-align: justify;\">T\u00fcrkiye&#8217;nin en b\u00fcy\u00fck \u0130l Halk K\u00fct\u00fcphanesi olarak bilinen yap\u0131n\u0131n Maliye Bakanl\u0131\u011f\u0131&#8217;na devredilmesi k\u00fct\u00fcphaneciler aras\u0131nda endi\u015fe yaratt\u0131. T\u00fcrk K\u00fct\u00fcphaneciler Derne\u011fi Genel Ba\u015fkan\u0131 Ali Fuat Kartal, &#8220;S\u00f6z konusu olan g\u00fcnde binlerce ki\u015finin girip \u00e7\u0131kt\u0131\u011f\u0131 ve \u00f6\u011frencilerin yer bulabilmek i\u00e7in erken saatlerde kap\u0131s\u0131nda kuyruk olu\u015fturdu\u011fu bir k\u00fct\u00fcphane. Ancak 24 Haziran&#8217;dan bu tarafa binan\u0131n g\u00fc\u00e7lendirilmesi \u00e7al\u0131\u015fmalar\u0131 nedeniyle sadece kitap \u00f6d\u00fcn\u00e7 verme k\u0131sm\u0131 a\u00e7\u0131k. Be\u015f milyon n\u00fcfuslu ba\u015fkente hizmet veren k\u00fct\u00fcphanenin gelece\u011fi ne olacak? Ortaya \u00e7\u0131kan bu belirsizlik, K\u00fclt\u00fcr ve Turizm Bakam taraf\u0131ndan kamuoyuna a\u00e7\u0131klanmal\u0131d\u0131r&#8221; dedi. 1944 ye 1946 y\u0131llar\u0131 aras\u0131nda Mimar Paul Bonatz taraf\u0131ndan tasarlan\u0131p in\u015fa edilen k\u00fct\u00fcphane, 1981 y\u0131lma kadar Milli K\u00fct\u00fcphane olarak kullan\u0131ld\u0131. Milli K\u00fct\u00fcphanenin Bah\u00e7elievler&#8217;deki mevcut binas\u0131na ta\u015fmmas\u0131 \u00fce birlikte de \u0130l Halk K\u00fct\u00fcphanesi olarak, 1983 y\u0131l\u0131ndan itibaren bu binada hizmet vermeye ba\u015flad\u0131.<\/p>\n<p style=\"text-align: justify;\">Kaynak:\u00a0http:\/\/www.hurriyet.com.tr\/<\/p>\n","protected":false},"excerpt":{"rendered":"<p>Bakanlar Kurulu taraf\u0131ndan verilen kararla, Ankara&#8217;n\u0131n Sara\u00e7o\u011flu Mahallesi&#8217;nde bulunan tarihi Adnan \u00d6t\u00fcken \u0130l Halk K\u00fct\u00fcphanesi&#8217;nin tahsisi K\u00fclt\u00fcr ve Turizm Bakanl\u0131\u011f\u0131&#8217;ndan al\u0131narak, Maliye Bakanl\u0131\u011f\u0131&#8217;na verildi. 5 A\u011fustos tarihli Resmi Gazete&#8217;de yay\u0131nlanan kararla, Cumhuriyet&#8217;in ilk toplu konut alan\u0131 olan Sara\u00e7o\u011flu Mahallesi&#8217;ndeki ta\u015f\u0131nmazlar\u0131n &#8216;ekonomiye kazand\u0131r\u0131lmas\u0131&#8217; i\u00e7in Maliye, \u00d6zelle\u015ftirme \u0130daresi Ba\u015fkanl\u0131\u011f\u0131 (\u00d6\u0130B) ve TOK\u0130&#8217;yi yetkili k\u0131ld\u0131.Resmi Gazete&#8217;de tahsisi kald\u0131r\u0131lan [&hellip;]<\/p>\n","protected":false},"author":1,"featured_media":0,"comment_status":"open","ping_status":"open","sticky":false,"template":"","format":"standard","meta":{"footnotes":""},"categories":[1474,1],"tags":[],"class_list":["post-14425","post","type-post","status-publish","format-standard","hentry","category-ali-fuat-kartal","category-genel"],"_links":{"self":[{"href":"https:\/\/www.bbyhaber.com\/bby\/wp-json\/wp\/v2\/posts\/14425"}],"collection":[{"href":"https:\/\/www.bbyhaber.com\/bby\/wp-json\/wp\/v2\/posts"}],"about":[{"href":"https:\/\/www.bbyhaber.com\/bby\/wp-json\/wp\/v2\/types\/post"}],"author":[{"embeddable":true,"href":"https:\/\/www.bbyhaber.com\/bby\/wp-json\/wp\/v2\/users\/1"}],"replies":[{"embeddable":true,"href":"https:\/\/www.bbyhaber.com\/bby\/wp-json\/wp\/v2\/comments?post=14425"}],"version-history":[{"count":0,"href":"https:\/\/www.bbyhaber.com\/bby\/wp-json\/wp\/v2\/posts\/14425\/revisions"}],"wp:attachment":[{"href":"https:\/\/www.bbyhaber.com\/bby\/wp-json\/wp\/v2\/media?parent=14425"}],"wp:term":[{"taxonomy":"category","embeddable":true,"href":"https:\/\/www.bbyhaber.com\/bby\/wp-json\/wp\/v2\/categories?post=14425"},{"taxonomy":"post_tag","embeddable":true,"href":"https:\/\/www.bbyhaber.com\/bby\/wp-json\/wp\/v2\/tags?post=14425"}],"curies":[{"name":"wp","href":"https:\/\/api.w.org\/{rel}","templated":true}]}}