{"id":14355,"date":"2014-07-27T20:53:35","date_gmt":"2014-07-27T17:53:35","guid":{"rendered":"http:\/\/www.bbyhaber.com\/bby\/?p=14355"},"modified":"2014-07-27T20:56:53","modified_gmt":"2014-07-27T17:56:53","slug":"tkd-mario-levinin-boykot-edilmesine-dair-aciklama-yapti","status":"publish","type":"post","link":"https:\/\/www.bbyhaber.com\/bby\/2014\/07\/27\/tkd-mario-levinin-boykot-edilmesine-dair-aciklama-yapti","title":{"rendered":"TKD, Mario Levi&#8217;nin boykot edilmesine dair a\u00e7\u0131klama yapt\u0131"},"content":{"rendered":"<p style=\"text-align: justify;\"><img loading=\"lazy\" decoding=\"async\" class=\"alignleft\" src=\"http:\/\/www.evrensel.net\/files\/news\/default\/levi-edebiyatimizin-bir-rengidir4c1ea879c77ac2d55d63.jpg\" alt=\"\" width=\"250\" height=\"100\" \/>\u0130srail&#8217;in Gazze&#8217;ye harekat\u0131 ve Filistinlilere olan sald\u0131r\u0131s\u0131 devam ederken T\u00fcrkiye&#8217;den de \u0130srail&#8217;e tepkiler git gide b\u00fcy\u00fcyor. Baz\u0131 belediyeler ve kurumlar \u0130srail \u00fcr\u00fcnlerini boykot ediyor, ve sosyal medyada boykot edilecek \u00fcr\u00fcnler listesi giderek b\u00fcy\u00fcyor. Ama bu listede \u00f6yle bir isim var ki g\u00f6renler \u015fa\u015f\u0131r\u0131yor. Yahudi as\u0131ll\u0131 yazar <strong>Mario Levi&#8217;nin kitaplar\u0131 da boykot listesine girdi<\/strong>. Fakat yazar do\u011fuma b\u00fcy\u00fcme \u0130stanbullu. Kendini\u00a0\u201c\u00d6nce d\u00fcnya vatanda\u015f\u0131, sonra T\u00fcrkiyeli bir yazar, son olarak da bir Yahudi\u201d olarak tarif eden yazar, \u00fcz\u00fcnt\u00fcs\u00fcn\u00fc sosyal medyada dile getirdi.<!--more--><\/p>\n<p style=\"text-align: justify;\"><strong>\u2018T\u00fcrk K\u00fct\u00fcphaneciler Derne\u011fi\u2019 Mario Levi\u2019nin kitaplar\u0131 i\u00e7in boykot \u00e7a\u011fr\u0131s\u0131 yap\u0131lmas\u0131na ili\u015fkin bir a\u00e7\u0131klama yapt\u0131<\/strong>. <strong>Dernek, yapt\u0131\u011f\u0131 yaz\u0131l\u0131 a\u00e7\u0131klamada<\/strong> Mario Levi\u2019nin kitaplar\u0131n\u0131n boykot listelerinde yer almas\u0131n\u0131 <strong>\u201c\u0131rk\u00e7\u0131l\u0131k ve nefret su\u00e7udur.\u201d<\/strong> dedi. Yazar, \u00f6\u011fretim g\u00f6revlisi Mario Levi i\u00e7in, \u2018T\u00fcrk K\u00fct\u00fcphaneciler Derne\u011fi\u2019nin yapt\u0131\u011f\u0131 a\u00e7\u0131klamada \u015fu ifadelere yer verildi; Mario Levi\u2019nin kitaplar\u0131 \u0130srail \u00fcr\u00fcnlerinin boykot edildi\u011fi baz\u0131 listelerde yer almas\u0131, yazar\u0131n kendisine \u0131rk\u00e7\u0131 s\u00f6ylemlerde bulunulmas\u0131 kabul edilemez. <strong>Bu t\u00fcrden \u0131rk\u00e7\u0131 ve nefret s\u00f6yleminde bulunan ki\u015fi ve kurumlar\u0131 k\u0131n\u0131yoruz<\/strong>. <strong>Mario Levi T\u00fcrkiye\u2019dir.<\/strong> <strong>Mario Levi\u2019nin kitaplar\u0131 T\u00fcrk Edebiyat\u0131\u2019n\u0131n bir rengidir<\/strong>. Mario Levi\u2019nin eserleri T\u00fcrkiye\u2019den d\u00fcnyaya birer arma\u011fand\u0131r.<\/p>\n<p style=\"text-align: justify;\">Kaynak:\u00a0http:\/\/www.evrensel.net\/<\/p>\n<p style=\"text-align: justify;\"><img loading=\"lazy\" decoding=\"async\" class=\"alignnone\" src=\"http:\/\/i.cnnturk.com\/c\/q\/i\/80\/618x0\/53d0b4d3f493b81528dedcd4.jpg\" alt=\"\" width=\"350\" height=\"150\" \/><\/p>\n","protected":false},"excerpt":{"rendered":"<p>\u0130srail&#8217;in Gazze&#8217;ye harekat\u0131 ve Filistinlilere olan sald\u0131r\u0131s\u0131 devam ederken T\u00fcrkiye&#8217;den de \u0130srail&#8217;e tepkiler git gide b\u00fcy\u00fcyor. Baz\u0131 belediyeler ve kurumlar \u0130srail \u00fcr\u00fcnlerini boykot ediyor, ve sosyal medyada boykot edilecek \u00fcr\u00fcnler listesi giderek b\u00fcy\u00fcyor. Ama bu listede \u00f6yle bir isim var ki g\u00f6renler \u015fa\u015f\u0131r\u0131yor. Yahudi as\u0131ll\u0131 yazar Mario Levi&#8217;nin kitaplar\u0131 da boykot listesine girdi. Fakat yazar [&hellip;]<\/p>\n","protected":false},"author":1,"featured_media":0,"comment_status":"open","ping_status":"open","sticky":false,"template":"","format":"standard","meta":{"footnotes":""},"categories":[1],"tags":[],"class_list":["post-14355","post","type-post","status-publish","format-standard","hentry","category-genel"],"_links":{"self":[{"href":"https:\/\/www.bbyhaber.com\/bby\/wp-json\/wp\/v2\/posts\/14355"}],"collection":[{"href":"https:\/\/www.bbyhaber.com\/bby\/wp-json\/wp\/v2\/posts"}],"about":[{"href":"https:\/\/www.bbyhaber.com\/bby\/wp-json\/wp\/v2\/types\/post"}],"author":[{"embeddable":true,"href":"https:\/\/www.bbyhaber.com\/bby\/wp-json\/wp\/v2\/users\/1"}],"replies":[{"embeddable":true,"href":"https:\/\/www.bbyhaber.com\/bby\/wp-json\/wp\/v2\/comments?post=14355"}],"version-history":[{"count":0,"href":"https:\/\/www.bbyhaber.com\/bby\/wp-json\/wp\/v2\/posts\/14355\/revisions"}],"wp:attachment":[{"href":"https:\/\/www.bbyhaber.com\/bby\/wp-json\/wp\/v2\/media?parent=14355"}],"wp:term":[{"taxonomy":"category","embeddable":true,"href":"https:\/\/www.bbyhaber.com\/bby\/wp-json\/wp\/v2\/categories?post=14355"},{"taxonomy":"post_tag","embeddable":true,"href":"https:\/\/www.bbyhaber.com\/bby\/wp-json\/wp\/v2\/tags?post=14355"}],"curies":[{"name":"wp","href":"https:\/\/api.w.org\/{rel}","templated":true}]}}